{"id":1227528,"date":"2026-08-10T04:09:16","date_gmt":"2026-08-10T04:09:16","guid":{"rendered":"https:\/\/www.europesays.com\/de\/1227528\/"},"modified":"2026-08-10T04:09:16","modified_gmt":"2026-08-10T04:09:16","slug":"drohnenangriff-auf-russland-angriffe-auf-wildberries-der-ukrainekrieg-kommt-zu-den-russen","status":"publish","type":"post","link":"https:\/\/www.europesays.com\/de\/1227528\/","title":{"rendered":"Drohnenangriff auf Russland: Angriffe auf Wildberries: Der Ukrainekrieg kommt zu den Russen"},"content":{"rendered":"<p class=\"paragraph article__item\">Nach den wiederholten <a href=\"https:\/\/www.zeit.de\/politik\/ausland\/2026-08\/drohnenangriff-wildberries-ukraine-russland-onlinehaendler\" target=\"_blank\" rel=\"nofollow noopener\">ukrainischen Drohnenangriffen<\/a> auf den <a href=\"https:\/\/www.zeit.de\/politik\/2024-10\/wildberries-russland-wladimir-putin-ramsan-kadyrow-versandhandel\" target=\"_blank\" rel=\"nofollow noopener\">russischen Onlineh\u00e4ndler Wildberries<\/a> werden Auswirkungen auf die russische Wirtschaft <a href=\"https:\/\/www.zeit.de\/politik\/ausland\/2026-07\/angriffe-russland-benzinkrise-ukraine-5vor8\" target=\"_blank\" rel=\"nofollow noopener\">sichtbar<\/a>. In den vergangenen drei Wochen wurden rund 20 Lagerhallen des Unternehmens angegriffen, mindestens 13 Menschen wurden dabei get\u00f6tet. <a href=\"https:\/\/www.zeit.de\/2026\/29\/drohnen-ukrainekrieg-russland-ruestung-ki\" target=\"_blank\" rel=\"nofollow noopener\">Durch die Sch\u00e4den<\/a> sind Lieferungen unterbrochen, H\u00e4ndler und Betreiber von Abholstationen melden Umsatzeinbu\u00dfen. Marktforscher rechnen mit m\u00f6glichen Insolvenzen bei kleinen und mittleren russischen Unternehmen, die auf die Plattform angewiesen sind. Auch f\u00fcr Verbraucher in <a class=\"rtr-entity\" href=\"https:\/\/www.zeit.de\/thema\/russland\" rel=\"nofollow noopener\" target=\"_blank\">Russland<\/a> werden die Folgen der Angriffe durch verz\u00f6gerte oder ausbleibende Lieferungen sp\u00fcrbar. Wie sehr die Angriffe auf Wildberries die russische Wirtschaft bislang beeintr\u00e4chtigen und welche Folgen noch zu erwarten sind, erkl\u00e4rt <a href=\"https:\/\/www.zeit.de\/autoren\/K\/Maxim_Kireev\/index\" target=\"_blank\" rel=\"nofollow noopener\">Maxim Kireev<\/a>, Redakteur im Wirtschaftsressort der ZEIT.\n<\/p>\n<p class=\"paragraph article__item\">Die Bundesregierung plant im Rahmen ihrer Rentenreform, die <a href=\"https:\/\/www.zeit.de\/politik\/deutschland\/2026-08\/renten-debatte-abschaffung-abschlag-ministerpraesidenten-kritik\" target=\"_blank\" rel=\"nofollow noopener\">sogenannte Rente mit 63 abzuschaffen<\/a>. Gemeint ist die abschlagsfreie <a class=\"rtr-entity\" href=\"https:\/\/www.zeit.de\/thema\/rente\" rel=\"nofollow noopener\" target=\"_blank\">Rente<\/a> f\u00fcr besonders langj\u00e4hrig Versicherte <a href=\"https:\/\/www.zeit.de\/politik\/deutschland\/2026-08\/niedrige-rente-armutsgefaehrdungsgrenze-45-beitragsjahre-gxe\" target=\"_blank\" rel=\"nofollow noopener\">nach 45 Beitragsjahren<\/a>, die inzwischen fr\u00fchestens mit 64 Jahren und vier Monaten m\u00f6glich ist. Mit der Abschaffung sollen rund zehn Milliarden Euro pro Rentnerjahrgang eingespart werden. Einen konkreten Gesetzentwurf gibt es zwar bislang noch nicht, aber gegen die Pl\u00e4ne regt sich\u00a0<a href=\"https:\/\/www.zeit.de\/2026\/34\/rente-mit-63-abschaffung-rentenreform-ostdeutschland-kosten\" target=\"_blank\" rel=\"nofollow noopener\">Widerstand<\/a> aus mehreren Bundesl\u00e4ndern und <a href=\"https:\/\/www.zeit.de\/wirtschaft\/2026-08\/rente-mit-63-gewerkschaften-cdu-spd-abschaffung-gxe\" target=\"_blank\" rel=\"nofollow noopener\">Gewerkschaften<\/a>. Die Rentenkommission hatte au\u00dferdem vorgeschlagen, den Zugang zu Erwerbsminderungsrente, Reha und Umschulungen zu erleichtern und damit st\u00e4rker auf die individuelle Erwerbsbiografie zu reagieren. Woher dieser Protest genau kommt und wie berechtigt er ist, erkl\u00e4rt <a href=\"https:\/\/www.zeit.de\/autoren\/H\/Jana_Hensel\/index.xml\" target=\"_blank\" rel=\"nofollow noopener\">Jana Hensel<\/a>, Redakteurin im Politikressort der ZEIT.\n<\/p>\n<p class=\"paragraph article__item\">Und sonst so? <a href=\"https:\/\/www.letourfemmes.fr\/en\" target=\"_blank\" rel=\"nofollow noopener\">Finale der Tour de France Femme<\/a><a href=\"https:\/\/www.letourfemmes.fr\/en\" target=\"_blank\" rel=\"nofollow noopener\">s<\/a>\n<\/p>\n<p class=\"paragraph article__item\">Moderation und Produktion: <a href=\"https:\/\/www.zeit.de\/autoren\/H\/Hanna_Heim\/index\" target=\"_blank\" rel=\"nofollow noopener\">Hanna Heim<\/a>\n<\/p>\n<p class=\"paragraph article__item\">Mitarbeit: <a href=\"https:\/\/www.zeit.de\/autoren\/B\/Sophia_Boddenberg\/index\" target=\"_blank\" rel=\"nofollow noopener\">Sophia Boddenberg<\/a>, <a href=\"https:\/\/www.zeit.de\/autoren\/R\/Celine-Yasemin_Rolle\/index\" target=\"_blank\" rel=\"nofollow noopener\">Celine Yasemin Rolle<\/a>\n<\/p>\n<p class=\"paragraph article__item\"><a href=\"https:\/\/www.zeit.de\/serie\/was-jetzt\" target=\"_blank\" rel=\"nofollow noopener\">Alle Folgen unseres Podcasts finden Sie hier<\/a>. Fragen, Kritik, Anregungen? Sie erreichen uns unter <a href=\"https:\/\/www.zeit.de\/politik\/2026-08\/mailto:wasjetzt@zeit.de\" target=\"_blank\" rel=\"nofollow noopener\">wasjetzt@zeit.de<\/a>.<\/p>\n","protected":false},"excerpt":{"rendered":"Nach den wiederholten ukrainischen Drohnenangriffen auf den russischen Onlineh\u00e4ndler Wildberries werden Auswirkungen auf die russische Wirtschaft sichtbar. In&hellip;\n","protected":false},"author":2,"featured_media":1227529,"comment_status":"","ping_status":"","sticky":false,"template":"","format":"standard","meta":{"footnotes":"","_share_on_mastodon":"0"},"categories":[4013],"tags":[331,332,2140,1478,1479,254876,13,1435,2807,14,15,16,379,4043,4044,850,307,12,2021],"class_list":["post-1227528","post","type-post","status-publish","format-standard","has-post-thumbnail","category-russland","tag-aktuelle-nachrichten","tag-aktuelle-news","tag-angriff","tag-drohne","tag-drohnenangriff","tag-drohnenangriff-auf-russland","tag-headlines","tag-krieg-in-der-ukraine","tag-lagerhalle","tag-nachrichten","tag-news","tag-politik","tag-rente","tag-russia","tag-russian-federation","tag-russische-foederation","tag-russland","tag-schlagzeilen","tag-zeit"],"share_on_mastodon":{"url":"https:\/\/pubeurope.com\/@de\/117069254942587422","error":""},"_links":{"self":[{"href":"https:\/\/www.europesays.com\/de\/wp-json\/wp\/v2\/posts\/1227528","targetHints":{"allow":["GET"]}}],"collection":[{"href":"https:\/\/www.europesays.com\/de\/wp-json\/wp\/v2\/posts"}],"about":[{"href":"https:\/\/www.europesays.com\/de\/wp-json\/wp\/v2\/types\/post"}],"author":[{"embeddable":true,"href":"https:\/\/www.europesays.com\/de\/wp-json\/wp\/v2\/users\/2"}],"replies":[{"embeddable":true,"href":"https:\/\/www.europesays.com\/de\/wp-json\/wp\/v2\/comments?post=1227528"}],"version-history":[{"count":0,"href":"https:\/\/www.europesays.com\/de\/wp-json\/wp\/v2\/posts\/1227528\/revisions"}],"wp:featuredmedia":[{"embeddable":true,"href":"https:\/\/www.europesays.com\/de\/wp-json\/wp\/v2\/media\/1227529"}],"wp:attachment":[{"href":"https:\/\/www.europesays.com\/de\/wp-json\/wp\/v2\/media?parent=1227528"}],"wp:term":[{"taxonomy":"category","embeddable":true,"href":"https:\/\/www.europesays.com\/de\/wp-json\/wp\/v2\/categories?post=1227528"},{"taxonomy":"post_tag","embeddable":true,"href":"https:\/\/www.europesays.com\/de\/wp-json\/wp\/v2\/tags?post=1227528"}],"curies":[{"name":"wp","href":"https:\/\/api.w.org\/{rel}","templated":true}]}}