{"id":122753,"date":"2025-05-19T11:52:11","date_gmt":"2025-05-19T11:52:11","guid":{"rendered":"https:\/\/www.europesays.com\/de\/122753\/"},"modified":"2025-05-19T11:52:11","modified_gmt":"2025-05-19T11:52:11","slug":"pol-f-250519-0533-frankfurt-preungesheim-schwerer-raeuberischer-diebstahl","status":"publish","type":"post","link":"https:\/\/www.europesays.com\/de\/122753\/","title":{"rendered":"POL-F: 250519 &#8211; 0533 Frankfurt &#8211; Preungesheim Schwerer r\u00e4uberischer Diebstahl &#8211; &#8230;"},"content":{"rendered":"<p class=\"date\">19.05.2025 \u2013 13:16<\/p>\n<p class=\"customer\">\n                        <a class=\"story-customer\" title=\"weiter zum newsroom von Polizeipr\u00e4sidium Frankfurt am Main\" href=\"https:\/\/www.presseportal.de\/blaulicht\/nr\/4970\" rel=\"nofollow noopener\" target=\"_blank\">Polizeipr\u00e4sidium Frankfurt am Main<\/a>\n                    <\/p>\n<p><a data-category=\"citylink-story-view\" data-action=\"click\" data-label=\"Citylink in Meldungsansicht\" class=\"story-city event-trigger\" href=\"https:\/\/www.presseportal.de\/regional\/Frankfurt\" title=\"News aus Frankfurt \" rel=\"nofollow noopener\" target=\"_blank\">Frankfurt<\/a> (ots)<\/p>\n<p>(yi) Die Polizei bittet um Mithilfe bez\u00fcglich eines schweren r\u00e4uberischen Diebstahls, welcher sich am Freitag (16. Mai 2025) in einem Lebensmittelgesch\u00e4ft am Gravensteiner-Platz zutrug.<\/p>\n<p>Ersten Erkenntnissen zufolge entnahm der T\u00e4ter gegen 15:10 Uhr Lebensmittel aus der Auslage des Gesch\u00e4ftes und packte diese in seinen Rucksack. Ohne die Ware zu bezahlen, beabsichtigte der R\u00e4uber die \u00d6rtlichkeit zu verlassen. Kurz vor dem Ausgang sprach ein Zeuge den Tatverd\u00e4chtigen an. Daraufhin versuchte dieser zu fl\u00fcchten und wurde durch den Zeugen zu Boden gebracht und festgehalten. Der R\u00e4uber zog daraufhin ein Pfefferspray und drohte den Anwesenden. Er verlie\u00df anschlie\u00dfend den Laden und schlug mit einer Kette aus Metall in Richtung der Zeugen. Sodann setzte er sich auf sein Fahrrad und fuhr in Richtung Homburger Landstra\u00dfe.<\/p>\n<p>Der T\u00e4ter kann wie folgt beschrieben werden:<\/p>\n<p>M\u00e4nnlich, circa 185cm &#8211; 190cm gro\u00df, normale bis kr\u00e4ftige Statur; trug einen schwarzen Bart, ein dunkles Basecap, einen dunklen Rucksack, eine schwarze Jacke mit neongelben Applikationen an der Brust und Schulter, eine helle Bluejeans und graue Schuhe mit wei\u00dfer Sohle. Weiter f\u00fchrte er ein blaues Fahrrad mit sich.<\/p>\n<p>Zeugen, die sachdienliche Hinweise geben k\u00f6nnen werden gebeten, sich mit dem zust\u00e4ndigen Polizeirevier unter der Rufnummer 069 \/ 755 11200 oder jeder anderen Polizeidienststelle in Verbindung zu setzen.<\/p>\n<p class=\"contact-headline\">R\u00fcckfragen bitte an:<\/p>\n<p class=\"contact-text\">Polizeipr\u00e4sidium Frankfurt am Main<br \/>Pressestelle<br \/>Adickesallee 70<br \/>60322 Frankfurt am Main<br \/>Telefon: 069 \/ 755-82110 (CvD)<br \/>Fax: 069 \/ 755-82009<br \/>E-Mail: <a href=\"https:\/\/www.presseportal.de\/blaulicht\/pm\/4970\/mailto: pressestelle.ppffm@polizei.hessen.de\" class=\"uri-mailto\" rel=\"nofollow noopener\" target=\"_blank\"> pressestelle.ppffm@polizei.hessen.de<\/a><br \/>Homepage Polizeipr\u00e4sidium Ffm.: <a target=\"_blank\" class=\"uri-ext outbound\" rel=\"noopener nofollow\" href=\"http:\/\/www.polizei.hessen.de\/ppffm\">http:\/\/www.polizei.hessen.de\/ppffm<\/a><\/p>\n<p class=\"originator\">Original-Content von: Polizeipr\u00e4sidium Frankfurt am Main, \u00fcbermittelt durch news aktuell<\/p>\n","protected":false},"excerpt":{"rendered":"19.05.2025 \u2013 13:16 Polizeipr\u00e4sidium Frankfurt am Main Frankfurt (ots) (yi) Die Polizei bittet um Mithilfe bez\u00fcglich eines schweren&hellip;\n","protected":false},"author":2,"featured_media":108,"comment_status":"","ping_status":"","sticky":false,"template":"","format":"standard","meta":{"footnotes":""},"categories":[1829],"tags":[29,2050,2051,30,1087,2052,177,121,178,180,179,181],"class_list":{"0":"post-122753","1":"post","2":"type-post","3":"status-publish","4":"format-standard","5":"has-post-thumbnail","7":"category-frankfurt-am-main","8":"tag-deutschland","9":"tag-frankfurt","10":"tag-frankfurt-am-main","11":"tag-germany","12":"tag-he","13":"tag-hessen","14":"tag-kriminalitt","15":"tag-polizei","16":"tag-presse","17":"tag-pressemeldung","18":"tag-pressemitteilung","19":"tag-pressemitteilungen"},"share_on_mastodon":{"url":"https:\/\/pubeurope.com\/@de\/114534360227141285","error":""},"_links":{"self":[{"href":"https:\/\/www.europesays.com\/de\/wp-json\/wp\/v2\/posts\/122753","targetHints":{"allow":["GET"]}}],"collection":[{"href":"https:\/\/www.europesays.com\/de\/wp-json\/wp\/v2\/posts"}],"about":[{"href":"https:\/\/www.europesays.com\/de\/wp-json\/wp\/v2\/types\/post"}],"author":[{"embeddable":true,"href":"https:\/\/www.europesays.com\/de\/wp-json\/wp\/v2\/users\/2"}],"replies":[{"embeddable":true,"href":"https:\/\/www.europesays.com\/de\/wp-json\/wp\/v2\/comments?post=122753"}],"version-history":[{"count":0,"href":"https:\/\/www.europesays.com\/de\/wp-json\/wp\/v2\/posts\/122753\/revisions"}],"wp:featuredmedia":[{"embeddable":true,"href":"https:\/\/www.europesays.com\/de\/wp-json\/wp\/v2\/media\/108"}],"wp:attachment":[{"href":"https:\/\/www.europesays.com\/de\/wp-json\/wp\/v2\/media?parent=122753"}],"wp:term":[{"taxonomy":"category","embeddable":true,"href":"https:\/\/www.europesays.com\/de\/wp-json\/wp\/v2\/categories?post=122753"},{"taxonomy":"post_tag","embeddable":true,"href":"https:\/\/www.europesays.com\/de\/wp-json\/wp\/v2\/tags?post=122753"}],"curies":[{"name":"wp","href":"https:\/\/api.w.org\/{rel}","templated":true}]}}