{"id":1227571,"date":"2026-08-10T04:44:16","date_gmt":"2026-08-10T04:44:16","guid":{"rendered":"https:\/\/www.europesays.com\/de\/1227571\/"},"modified":"2026-08-10T04:44:16","modified_gmt":"2026-08-10T04:44:16","slug":"neuss-sorgen-wegen-schliessungen-an-der-neustrasse","status":"publish","type":"post","link":"https:\/\/www.europesays.com\/de\/1227571\/","title":{"rendered":"Neuss: Sorgen wegen Schlie\u00dfungen an der Neustra\u00dfe"},"content":{"rendered":"<p class=\"text_ohne_einzug richtext text-em-55 !leading-serif mx-6 desktop:mx-0\"> In den vergangenen Monaten ist die Neustra\u00dfe ihrem Namen gerecht geworden wie selten zuvor. Schlie\u00dflich waren in der f\u00fcr viele sch\u00f6nsten Einkaufsstra\u00dfe der Stadt zuletzt einige namhafte Abg\u00e4nge und P\u00e4chterwechsel zu beobachten. Neben dem ukrainischen Spezialit\u00e4tengesch\u00e4ft \u201eMein Speis\u201c verabschiedete sich ebenfalls die Traditions-Confiserie Mayser \u2013 und im kommenden Jahr muss auch die Beatles-Galerie ausziehen, den P\u00e4chtern wurde die K\u00fcndigung ausgesprochen.<\/p>\n","protected":false},"excerpt":{"rendered":"In den vergangenen Monaten ist die Neustra\u00dfe ihrem Namen gerecht geworden wie selten zuvor. Schlie\u00dflich waren in der&hellip;\n","protected":false},"author":2,"featured_media":1227572,"comment_status":"","ping_status":"","sticky":false,"template":"","format":"standard","meta":{"footnotes":"","_share_on_mastodon":"0"},"categories":[1831],"tags":[3364,29,3405,30,254879,65838,10430,69983,1209,73641,30414,39784,254880],"class_list":["post-1227571","post","type-post","status-publish","format-standard","has-post-thumbnail","category-duesseldorf","tag-de","tag-deutschland","tag-duesseldorf","tag-germany","tag-hartes","tag-monaten","tag-neuss","tag-neustrasse","tag-nordrhein-westfalen","tag-pflaster","tag-raeumlichkeiten","tag-selbststaendigkeit","tag-voltmer"],"share_on_mastodon":{"url":"https:\/\/pubeurope.com\/@de\/117069392531087652","error":""},"_links":{"self":[{"href":"https:\/\/www.europesays.com\/de\/wp-json\/wp\/v2\/posts\/1227571","targetHints":{"allow":["GET"]}}],"collection":[{"href":"https:\/\/www.europesays.com\/de\/wp-json\/wp\/v2\/posts"}],"about":[{"href":"https:\/\/www.europesays.com\/de\/wp-json\/wp\/v2\/types\/post"}],"author":[{"embeddable":true,"href":"https:\/\/www.europesays.com\/de\/wp-json\/wp\/v2\/users\/2"}],"replies":[{"embeddable":true,"href":"https:\/\/www.europesays.com\/de\/wp-json\/wp\/v2\/comments?post=1227571"}],"version-history":[{"count":0,"href":"https:\/\/www.europesays.com\/de\/wp-json\/wp\/v2\/posts\/1227571\/revisions"}],"wp:featuredmedia":[{"embeddable":true,"href":"https:\/\/www.europesays.com\/de\/wp-json\/wp\/v2\/media\/1227572"}],"wp:attachment":[{"href":"https:\/\/www.europesays.com\/de\/wp-json\/wp\/v2\/media?parent=1227571"}],"wp:term":[{"taxonomy":"category","embeddable":true,"href":"https:\/\/www.europesays.com\/de\/wp-json\/wp\/v2\/categories?post=1227571"},{"taxonomy":"post_tag","embeddable":true,"href":"https:\/\/www.europesays.com\/de\/wp-json\/wp\/v2\/tags?post=1227571"}],"curies":[{"name":"wp","href":"https:\/\/api.w.org\/{rel}","templated":true}]}}