{"id":122761,"date":"2025-05-19T11:57:11","date_gmt":"2025-05-19T11:57:11","guid":{"rendered":"https:\/\/www.europesays.com\/de\/122761\/"},"modified":"2025-05-19T11:57:11","modified_gmt":"2025-05-19T11:57:11","slug":"open-air-kinos-in-muenchen-oeffnen-westpark-koenigsplatz-und-co","status":"publish","type":"post","link":"https:\/\/www.europesays.com\/de\/122761\/","title":{"rendered":"Open-Air-Kinos in M\u00fcnchen \u00f6ffnen \u2013 Westpark, K\u00f6nigsplatz und Co."},"content":{"rendered":"<p class=\"font-bold text-18 leading-17\">Mit den Freib\u00e4dern starten auch die ersten Open-Air-Kinos in M\u00fcnchen in die Sommersaison. Wo bereits die ersten Filme geschaut werden k\u00f6nnen.<\/p>\n<p class=\"text-18 leading-17\">Die Open-Air-Kino-Saison in M\u00fcnchen ist er\u00f6ffnet: Ab sofort k\u00f6nnen den ganzen Sommer \u00fcber wieder Filme unter freiem Himmel geschaut werden \u2013 im Stadtzentrum, aber auch au\u00dferhalb. t-online hat den \u00dcberblick \u00fcber die Standorte, Startzeiten und das Programm.<\/p>\n<p class=\"text-18 leading-17\">Die Freiluftkino-Saison hat das Kino am Olympiasee er\u00f6ffnet: Dieses ist bereits seit dem 15. Mai ge\u00f6ffnet. Dort finden t\u00e4glich sowohl eine Vorabendshow um kurz nach 18 Uhr als auch eine Abendshow um 21 Uhr f\u00fcr Erwachsene statt.<\/p>\n<p class=\"text-18 leading-17\">F\u00fcr Kinder gibt es ebenfalls ein Programm: Freitag bis sonntags und an Feiertagen zeigt das Kino tags\u00fcber Kino- und Live-Shows f\u00fcr Familien. Dabei laufen Filme wie Paddington in Peru, Flow oder Teil drei der Schule der magischen Tiere. <a rel=\"nofollow noopener\" target=\"_blank\" class=\"transition-colors duration-200 cursor-pointer text-inherit no-underline text-salemsfur md:hover:text-magenta md:hover:border-magenta md:focus:text-magenta border-current border-b border-solid break-words\" href=\"https:\/\/kinoamolympiasee.de\/\" data-sctrack=\"BodyAnchor\">Tickets gibt es online ab 9,50 Euro.<\/a><\/p>\n<p class=\"text-18 leading-17\">Die Seeb\u00fchne im Westpark verwandelt sich jeden Sommer in ein Kino unter freiem Himmel. Dieses Jahr \u00f6ffnet es am Donnerstag, 19. Juni. Das Programm ist noch nicht bekannt, allerdings verk\u00fcnden die Organisatoren schon jetzt eine Neuerung: In diesem Jahr l\u00e4uft das Freiluft-Kino im Biergartenprinzip. Besucher d\u00fcrfen somit Essen von Zuhause mitbringen und vor Ort verzehren. Getr\u00e4nke m\u00fcssen allerdings vor Ort gekauft werden. Die Saison geht bis zum 13. September.<\/p>\n<p class=\"text-18 leading-17\">Im Stadtzentrum \u00f6ffnet vom 9. bis zum 20. Juli das Kino am K\u00f6nigsplatz \u2013 allerdings nur f\u00fcr rund anderthalb Wochen. Informationen zum Programm sowie Ticketpreisen wollen die Organisatoren noch ver\u00f6ffentlichen.<\/p>\n<p class=\"text-18 leading-17\">Wer es nostalgischer mag, kann das Autokino in Aschheim am Rand von M\u00fcnchen besuchen. Dieses ist bereits in die Saison gestartet, unter der Woche laufen die Filme ab 21.30 Uhr, von Freitag bis Sonntag gibt es auch Shows ab Mitternacht. Karten gibt es f\u00fcr rund zehn Euro, montags schon ab etwa sieben Euro. <a rel=\"nofollow noopener\" target=\"_blank\" class=\"transition-colors duration-200 cursor-pointer text-inherit no-underline text-salemsfur md:hover:text-magenta md:hover:border-magenta md:focus:text-magenta border-current border-b border-solid break-words\" href=\"https:\/\/www.autokino-aschheim.de\/programm\" data-sctrack=\"BodyAnchor\">Eine Programm\u00fcbersicht finden Interessierte online.<\/a> Stellpl\u00e4tze f\u00fcr das Auto m\u00fcssen nicht vorab reserviert werden.<\/p>\n","protected":false},"excerpt":{"rendered":"Mit den Freib\u00e4dern starten auch die ersten Open-Air-Kinos in M\u00fcnchen in die Sommersaison. Wo bereits die ersten Filme&hellip;\n","protected":false},"author":2,"featured_media":122762,"comment_status":"","ping_status":"","sticky":false,"template":"","format":"standard","meta":{"footnotes":""},"categories":[1827],"tags":[11384,772,29,10860,30,46334,1268,13131,46333],"class_list":{"0":"post-122761","1":"post","2":"type-post","3":"status-publish","4":"format-standard","5":"has-post-thumbnail","7":"category-muenchen","8":"tag-aschheim","9":"tag-bayern","10":"tag-deutschland","11":"tag-freibad","12":"tag-germany","13":"tag-mond","14":"tag-muenchen","15":"tag-sommersaison","16":"tag-westpark"},"share_on_mastodon":{"url":"https:\/\/pubeurope.com\/@de\/114534379820898700","error":""},"_links":{"self":[{"href":"https:\/\/www.europesays.com\/de\/wp-json\/wp\/v2\/posts\/122761","targetHints":{"allow":["GET"]}}],"collection":[{"href":"https:\/\/www.europesays.com\/de\/wp-json\/wp\/v2\/posts"}],"about":[{"href":"https:\/\/www.europesays.com\/de\/wp-json\/wp\/v2\/types\/post"}],"author":[{"embeddable":true,"href":"https:\/\/www.europesays.com\/de\/wp-json\/wp\/v2\/users\/2"}],"replies":[{"embeddable":true,"href":"https:\/\/www.europesays.com\/de\/wp-json\/wp\/v2\/comments?post=122761"}],"version-history":[{"count":0,"href":"https:\/\/www.europesays.com\/de\/wp-json\/wp\/v2\/posts\/122761\/revisions"}],"wp:featuredmedia":[{"embeddable":true,"href":"https:\/\/www.europesays.com\/de\/wp-json\/wp\/v2\/media\/122762"}],"wp:attachment":[{"href":"https:\/\/www.europesays.com\/de\/wp-json\/wp\/v2\/media?parent=122761"}],"wp:term":[{"taxonomy":"category","embeddable":true,"href":"https:\/\/www.europesays.com\/de\/wp-json\/wp\/v2\/categories?post=122761"},{"taxonomy":"post_tag","embeddable":true,"href":"https:\/\/www.europesays.com\/de\/wp-json\/wp\/v2\/tags?post=122761"}],"curies":[{"name":"wp","href":"https:\/\/api.w.org\/{rel}","templated":true}]}}