{"id":1227622,"date":"2026-08-10T05:21:22","date_gmt":"2026-08-10T05:21:22","guid":{"rendered":"https:\/\/www.europesays.com\/de\/1227622\/"},"modified":"2026-08-10T05:21:22","modified_gmt":"2026-08-10T05:21:22","slug":"konflikt-mit-saudi-arabien-huthis-feuern-wieder-auf-hafenstadt-im-jemen","status":"publish","type":"post","link":"https:\/\/www.europesays.com\/de\/1227622\/","title":{"rendered":"Konflikt mit Saudi-Arabien: Huthis feuern wieder auf Hafenstadt im Jemen"},"content":{"rendered":"<p>Konflikt mit Saudi-ArabienHuthis feuern wieder auf Hafenstadt im Jemen<\/p>\n<p>10.08.2026, 01:29 Uhr <\/p>\n<p>Artikel anh\u00f6ren(02:40 min)<\/p>\n<p><img decoding=\"async\" class=\"Image_img__fQCi0 Image_Img_16_9__4BLfH widget-picture-inline_maximizable__t_E7h\" loading=\"eager\" fetchpriority=\"high\" src=\"https:\/\/www.europesays.com\/de\/wp-content\/uploads\/2026\/08\/Smoke-rises-during-Houthi-missile-and-drone-strikes-on-the-Red-Sea-port-city-of-Mocha-Yemen-August-9.webp\" alt=\"Smoke-rises-during-Houthi-missile-and-drone-strikes-on-the-Red-Sea-port-city-of-Mocha-Yemen-August-9-2026-Picture-taken-with-a-mobile-phone\"\/>Die Stadt Mokka wird erneut Ziel von Huthi-Angriffen. (Foto: REUTERS)TeilenFolgen auf:<a href=\"https:\/\/www.whatsapp.com\/channel\/0029Va5cdVJD8SDp5YZgYF01\" title=\"Auf WhatsApp folgen\" target=\"_blank\" rel=\"nofollow noopener\"><img decoding=\"async\" src=\"https:\/\/www.n-tv.de\/socialIcons\/whatsapp.svg\" alt=\"whatsapp\" class=\"ArticleShare_icon__FsrC2\"\/><\/a><a href=\"https:\/\/www.google.com\/preferences\/source?q=n-tv.de\" title=\"ntv als bevorzugte Quelle auf Google hinzuf\u00fcgen\" target=\"_blank\" rel=\"nofollow noopener\"><img decoding=\"async\" src=\"https:\/\/www.n-tv.de\/socialIcons\/google.svg\" alt=\"whatsapp\" class=\"ArticleShare_icon__FsrC2\"\/><\/a><\/p>\n<p class=\"Typography_text-m__XI0da Typography_weight-bold__uT6mq storyline_lead_text_leadtext__q_wg8\">Der Iran-Krieg hat sich inzwischen auf den Jemen ausgeweitet. Die von Teheran unterst\u00fctzten Huthi-Rebellen attackieren erneut eine von der Regierung kontrollierte Hafenstadt. Der Angriff soll saudi-arabischen Stellungen gegolten haben. <\/p>\n<p class=\"Typography_text-default__P3otY Typography_weight-normal__pqUbH storyline_paragraph_p__qSR5N\">Die jemenitischen Huthi-Rebellen haben erneut die Hafenstadt Mokka an der Westk\u00fcste des Landes angegriffen. Die Armee teilte am sp\u00e4ten Abend auf X mit, die Huthi-Miliz habe ballistische Raketen und Drohnen auf ein Wohnviertel der Stadt geschossen. Die Luftabwehr habe einige Drohnen abgefangen.\u00a0Mokka wird von der Regierung kontrolliert.<\/p>\n<p class=\"Typography_text-default__P3otY Typography_weight-normal__pqUbH storyline_paragraph_p__qSR5N\">Bei einem Angriff der Miliz zuvor seien sieben Zivilisten und Milit\u00e4rangeh\u00f6rige get\u00f6tet und weitere Menschen verletzt worden, teilte die Armee weiter mit. Auf Fernsehbildern eines von den Huthis kontrollierten Senders war der Start mehrerer ballistischer Raketen und Drohnen zu sehen. Huthi-Milit\u00e4rsprecher Jahja Sari erkl\u00e4rte auf Telegram, der Angriff habe saudi-arabischen Truppen und Waffenlagern in der Stadt gegolten. Mokka liegt nahe der strategisch wichtigen Meerenge Bab al-Mandab, die f\u00fcr die Schifffahrt den Eingang zum Roten Meer bildet.\u00a0<\/p>\n<p class=\"Typography_text-default__P3otY Typography_weight-normal__pqUbH storyline_paragraph_p__qSR5N\">Die Huthis kontrollieren weite Teile des Jemen, darunter die Hauptstadt Sanaa sowie Gebiete an der Grenze zu den saudi-arabischen Provinzen am Roten Meer. Die von Teheran unterst\u00fctzte Miliz hatte Ende Juli eine Seeblockade gegen Saudi-Arabien angek\u00fcndigt und seither nach eigenen Angaben saudi-arabische \u00d6ltanker im Roten Meer sowie \u00d6lanlagen in dem K\u00f6nigreich angegriffen. Die Miliz zog den Jemen damit in den Iran-Krieg hinein.<\/p>\n<p class=\"Typography_text-default__P3otY Typography_weight-normal__pqUbH storyline_paragraph_p__qSR5N\">In den vergangenen Tagen kamen bei den folgenschwersten Huthi-Angriffen seit Jahren im Jemen dutzende Menschen ums Leben. Die Bedrohung der Schifffahrt und saudi-arabischer \u00d6lanlagen erfolgt parallel zu Teherans weitgehender Blockade der f\u00fcr den Welthandel enorm wichtigen Stra\u00dfe von Hormus.<\/p>\n<p class=\"Typography_text-default__P3otY Typography_weight-normal__pqUbH storyline_paragraph_p__qSR5N\">Eine von Saudi-Arabien gef\u00fchrte Milit\u00e4rkoalition unterst\u00fctzt seit 2015 die jemenitische Regierung im Kampf gegen die Huthis. Seit einer von der UNO vermittelten Waffenruhe im Jahr 2022 waren die K\u00e4mpfe zwischen Saudi-Arabien und der Miliz weitgehend zum Erliegen gekommen. Nach den j\u00fcngsten gegenseitigen Angriffen ist diese faktische Feuerpause praktisch hinf\u00e4llig. Der B\u00fcrgerkrieg im Jemen gilt als Stellvertreterkrieg zwischen dem Iran und Saudi-Arabien.<\/p>\n<p class=\"Typography_text-s__wu_cm Typography_weight-normal__pqUbH Typography_color-darkgrey__sZEnP article-detail-footer_source__KslPc\">Quelle: ntv.de, ino\/AFP\/dpa<\/p>\n","protected":false},"excerpt":{"rendered":"Konflikt mit Saudi-ArabienHuthis feuern wieder auf Hafenstadt im Jemen 10.08.2026, 01:29 Uhr Artikel anh\u00f6ren(02:40 min) Die Stadt Mokka&hellip;\n","protected":false},"author":2,"featured_media":1227623,"comment_status":"","ping_status":"","sticky":false,"template":"","format":"standard","meta":{"footnotes":"","_share_on_mastodon":"0"},"categories":[3],"tags":[13,21935,345,186871,10544,14,15,16,4769,12,10,8,9,11,103,104],"class_list":["post-1227622","post","type-post","status-publish","format-standard","has-post-thumbnail","category-welt","tag-headlines","tag-huthi","tag-iran","tag-iran-krieg","tag-jemen","tag-nachrichten","tag-news","tag-politik","tag-saudi-arabien","tag-schlagzeilen","tag-top-news","tag-top-meldungen","tag-topmeldungen","tag-topnews","tag-welt","tag-world"],"share_on_mastodon":{"url":"https:\/\/pubeurope.com\/@de\/117069540011991918","error":""},"_links":{"self":[{"href":"https:\/\/www.europesays.com\/de\/wp-json\/wp\/v2\/posts\/1227622","targetHints":{"allow":["GET"]}}],"collection":[{"href":"https:\/\/www.europesays.com\/de\/wp-json\/wp\/v2\/posts"}],"about":[{"href":"https:\/\/www.europesays.com\/de\/wp-json\/wp\/v2\/types\/post"}],"author":[{"embeddable":true,"href":"https:\/\/www.europesays.com\/de\/wp-json\/wp\/v2\/users\/2"}],"replies":[{"embeddable":true,"href":"https:\/\/www.europesays.com\/de\/wp-json\/wp\/v2\/comments?post=1227622"}],"version-history":[{"count":0,"href":"https:\/\/www.europesays.com\/de\/wp-json\/wp\/v2\/posts\/1227622\/revisions"}],"wp:featuredmedia":[{"embeddable":true,"href":"https:\/\/www.europesays.com\/de\/wp-json\/wp\/v2\/media\/1227623"}],"wp:attachment":[{"href":"https:\/\/www.europesays.com\/de\/wp-json\/wp\/v2\/media?parent=1227622"}],"wp:term":[{"taxonomy":"category","embeddable":true,"href":"https:\/\/www.europesays.com\/de\/wp-json\/wp\/v2\/categories?post=1227622"},{"taxonomy":"post_tag","embeddable":true,"href":"https:\/\/www.europesays.com\/de\/wp-json\/wp\/v2\/tags?post=1227622"}],"curies":[{"name":"wp","href":"https:\/\/api.w.org\/{rel}","templated":true}]}}