{"id":1227659,"date":"2026-08-10T05:51:20","date_gmt":"2026-08-10T05:51:20","guid":{"rendered":"https:\/\/www.europesays.com\/de\/1227659\/"},"modified":"2026-08-10T05:51:20","modified_gmt":"2026-08-10T05:51:20","slug":"ukraine-aktuell-putin-wohl-in-sorge-um-atom-u-boote","status":"publish","type":"post","link":"https:\/\/www.europesays.com\/de\/1227659\/","title":{"rendered":"Ukraine aktuell: Putin wohl in Sorge um Atom-U-Boote"},"content":{"rendered":"<p>Newsblog zum Krieg in der Ukraine <\/p>\n<p>Putin sch\u00fctzt Atom-U-Boote mit ungew\u00f6hnlichen Mitteln<\/p>\n<p>10.08.2026 &#8211; 07:21 UhrLesedauer: 2 Min.<\/p>\n<p><a href=\"#focus-0\" class=\"transition-colors block text-current relative\" data-sctrack=\"FocusGalleryImage.Reference\"><img fetchpriority=\"high\" data-testid=\"Opener.Image\"   loading=\"eager\" src=\"https:\/\/www.europesays.com\/de\/wp-content\/uploads\/2026\/08\/ein-russisches-atom-u-boot-im-arktischen-raum-moskau-nutzte-die-unterwassergefaehrte-in-den-vergange.jpeg\" alt=\"Ein russisches Atom-U-Boot im Arktischen Raum: Moskau nutzte die Unterwassergef\u00e4hrte in den vergangenen Jahren \u00f6fters f\u00fcr eine Machtdemonstration in der Arktis.\" title=\"Ein russisches Atom-U-Boot im Arktischen Raum: Moskau nutzte die Unterwassergef\u00e4hrte in den vergangenen Jahren \u00f6fters f\u00fcr eine Machtdemonstration in der Arktis.\" width=\"3977\" height=\"2237\" class=\"bg-[url:var(--lqipURL)] bg-cover bg-center flex h-full w-full max-w-full\" style=\"--lqipURL:url('https:\/\/images.t-online.de\/2023\/01\/e3JCn5JE5REU\/23x0:3977x2237\/fit-in\/150x0\/filters:blur(25)\/ein-russisches-atom-u-boot-im-arktischen-raum-moskau-nutzte-die-unterwassergefaehrte-in-den-vergangenen-jahren-oefters-fuer-eine-machtdemonstration-in-der-arktis.jpg')\" decoding=\"async\"\/><img loading=\"lazy\" src=\"https:\/\/www.t-online.de\/s\/paper\/_next\/static\/media\/zoom-in.f7dae02f.svg\" alt=\"Vergr\u00f6\u00dfern des Bildes\" title=\"Vergr\u00f6\u00dfern des Bildes\" class=\"block h-[calc(var(--height)_\/_16_*_1rem)] w-[calc(var(--width)_\/_16_*_1rem)] max-w-none absolute right-8 bottom-8 rounded-4 bg-snow p-8\" style=\"--width:32;--height:32\" decoding=\"async\"\/><\/a><\/p>\n<p>Atom-U-Boot (Archivbild): Die Kriegswaffe wird von Russland aktuell besonders gesch\u00fctzt. (Quelle: IMAGO\/Russian Defense Ministry Press O\/imago-images-bilder)<\/p>\n<p class=\"text-center\">Jetzt neu bei t-online:<\/p>\n<p class=\"text-center\">Schriftgr\u00f6\u00dfe anpassen!<\/p>\n<p><img loading=\"lazy\" src=\"https:\/\/www.t-online.de\/s\/paper\/_next\/static\/media\/font-sizes.32942e33.svg\" alt=\"\" title=\"\" class=\"block h-[calc(var(--height)_\/_16_*_1rem)] w-[calc(var(--width)_\/_16_*_1rem)] max-w-none group-hover:hidden group-aria-expanded:hidden\" style=\"--width:16;--height:16\" decoding=\"async\"\/><img loading=\"lazy\" src=\"https:\/\/www.t-online.de\/s\/paper\/_next\/static\/media\/font-sizes-dark-mode.e382645c.svg\" alt=\"\" title=\"\" class=\"block h-[calc(var(--height)_\/_16_*_1rem)] w-[calc(var(--width)_\/_16_*_1rem)] max-w-none hidden group-hover:block group-aria-expanded:block\" style=\"--width:16;--height:16\" decoding=\"async\"\/><img loading=\"lazy\" src=\"https:\/\/www.t-online.de\/s\/paper\/_next\/static\/media\/sharing-menu-icon.1eb71368.svg\" alt=\"\" title=\"\" class=\"block h-[calc(var(--height)_\/_16_*_1rem)] w-[calc(var(--width)_\/_16_*_1rem)] max-w-none group-hover:brightness-0 group-hover:invert\" style=\"--width:16;--height:16\" decoding=\"async\"\/>Artikel teilen<\/p>\n<p class=\"font-bold text-18 leading-17 user-text-lg:text-22 user-text-xl:text-24\">Putins Atom-U-Boote sind mit Netzen \u00fcberspannt. Russland meldet die Einnahme von Gebieten in Donezk. Alle Entwicklungen im Newsblog.<\/p>\n<p>Putin hat wohl Angst um Atom-U-Boote<\/p>\n<p class=\"text-18 leading-17 user-text-lg:text-22 user-text-xl:text-24\">Die russische Marine hat Satellitenbildern zufolge ihre Atom-U-Boote mit Netzen umh\u00fcllt, um sie vor Drohnenangriffen zu sch\u00fctzen. An mehreren russischen St\u00fctzpunkten seien Netze gesehen worden, schreibt unter anderem &#8222;The War Zone&#8220; (TWZ).<\/p>\n<p class=\"text-18 leading-17 user-text-lg:text-22 user-text-xl:text-24\">Am Marinest\u00fctzpunkt Rybatschi, der Heimathafen der meisten Atom-U-Boote der Borei- und Borei-A-Klasse ist, wurde weiteren Satellitenbildern zufolge bereits im Mai damit begonnen, die Boote in Netze zu h\u00fcllen. Auch schwimmende \u00d6lsperren sind auf den Bildern zu erkennen. Sie sollen unter anderem Schutz gegen mit Sprengstoff beladene Kamikaze-Drohnenboote bieten.<\/p>\n<p>Russland meldet Einnahme von zwei D\u00f6rfern in Region Donezk<\/p>\n<p class=\"text-18 leading-17 user-text-lg:text-22 user-text-xl:text-24\">Russische Truppen haben nach Angaben der staatlichen Nachrichtenagentur RIA unter Berufung auf das Verteidigungsministerium in <a href=\"https:\/\/www.t-online.de\/themen\/moskau\/\" class=\"transition-colors cursor-pointer no-underline md:hover:text-magenta md:focus:text-magenta border-b border-solid border-current text-salemsfur md:hover:border-magenta\" data-tracking=\"{&quot;action&quot;:&quot;click&quot;,&quot;category&quot;:&quot;intextLink&quot;,&quot;label&quot;:&quot;\/themen\/moskau\/&quot;}\" data-sctrack=\"BodyAnchor\" rel=\"nofollow noopener\" target=\"_blank\">Moskau<\/a> zwei D\u00f6rfer in der ostukrainischen Region Donezk unter ihre Kontrolle gebracht. In einer Mitteilung des Ministeriums auf Telegram hei\u00dft es, die Streitkr\u00e4fte h\u00e4tten Wasjutynske und Torezk eingenommen.<\/p>\n<p class=\"text-18 leading-17 user-text-lg:text-22 user-text-xl:text-24\">Das ukrainische Milit\u00e4r best\u00e4tigte dies zun\u00e4chst nicht. Der Generalstab in <a href=\"https:\/\/www.t-online.de\/themen\/kiew\/\" class=\"transition-colors cursor-pointer no-underline md:hover:text-magenta md:focus:text-magenta border-b border-solid border-current text-salemsfur md:hover:border-magenta\" data-tracking=\"{&quot;action&quot;:&quot;click&quot;,&quot;category&quot;:&quot;intextLink&quot;,&quot;label&quot;:&quot;\/themen\/kiew\/&quot;}\" data-sctrack=\"BodyAnchor\" rel=\"nofollow noopener\" target=\"_blank\">Kiew<\/a> berichtete am sp\u00e4ten Abend, ukrainische Truppen h\u00e4tten 24 Angriffe um Kostjantyniwka, Illiniwka und andere Orte abgewehrt. Pr\u00e4sident <a href=\"https:\/\/www.t-online.de\/themen\/wolodymyr-selenskyj\/\" class=\"transition-colors cursor-pointer no-underline md:hover:text-magenta md:focus:text-magenta border-b border-solid border-current text-salemsfur md:hover:border-magenta\" data-tracking=\"{&quot;action&quot;:&quot;click&quot;,&quot;category&quot;:&quot;intextLink&quot;,&quot;label&quot;:&quot;\/themen\/wolodymyr-selenskyj\/&quot;}\" data-sctrack=\"BodyAnchor\" rel=\"nofollow noopener\" target=\"_blank\">Wolodymyr Selenskyj<\/a> \u00e4u\u00dferte sich in seiner Videoansprache nicht zu Ver\u00e4nderungen des Frontverlaufs.<\/p>\n<p>Vu\u010di\u0107 warnt vor gr\u00f6\u00dferem Krieg in Europa<\/p>\n<p class=\"text-18 leading-17 user-text-lg:text-22 user-text-xl:text-24\">Nach dem ersten Besuch von Wolodymyr Selenskyj in <a href=\"https:\/\/www.t-online.de\/themen\/serbien\/\" class=\"transition-colors cursor-pointer no-underline md:hover:text-magenta md:focus:text-magenta border-b border-solid border-current text-salemsfur md:hover:border-magenta\" data-tracking=\"{&quot;action&quot;:&quot;click&quot;,&quot;category&quot;:&quot;intextLink&quot;,&quot;label&quot;:&quot;\/themen\/serbien\/&quot;}\" data-sctrack=\"BodyAnchor\" rel=\"nofollow noopener\" target=\"_blank\">Serbien<\/a> hat Pr\u00e4sident Aleksandar Vu\u010di\u0107 Europa vor einem gr\u00f6\u00dferen Krieg gewarnt. Im Podcast von Axel-Springer-Chef Mathias D\u00f6pfner sagte Vu\u010di\u0107: &#8222;Wir stehen am Anfang eines viel, viel gr\u00f6\u00dferen Krieges.&#8220; <a href=\"https:\/\/www.t-online.de\/nachrichten\/ukraine\/id_101381352\/vucic-nach-selenskyj-treffen-stehen-am-anfang-eines-groesseren-krieges-.html\" class=\"transition-colors cursor-pointer no-underline md:hover:text-magenta md:focus:text-magenta border-b border-solid border-current text-salemsfur md:hover:border-magenta\" data-tracking=\"{&quot;action&quot;:&quot;click&quot;,&quot;category&quot;:&quot;intextLink&quot;,&quot;label&quot;:&quot;\/nachrichten\/ukraine\/id_101381352\/vucic-nach-selenskyj-treffen-stehen-am-anfang-eines-groesseren-krieges-.html&quot;}\" data-sctrack=\"BodyAnchor\" rel=\"nofollow noopener\" target=\"_blank\">Hier lesen Sie mehr.<\/a><\/p>\n<p>Diplomatische Verstimmung durch Explosion von Drohne in Bulgarien<\/p>\n<p class=\"text-18 leading-17 user-text-lg:text-22 user-text-xl:text-24\">Die Explosion einer mutma\u00dflich ukrainischen Drohne nahe einer strategisch wichtigen Gaspipeline in <a href=\"https:\/\/www.t-online.de\/themen\/bulgarien\/\" class=\"transition-colors cursor-pointer no-underline md:hover:text-magenta md:focus:text-magenta border-b border-solid border-current text-salemsfur md:hover:border-magenta\" data-tracking=\"{&quot;action&quot;:&quot;click&quot;,&quot;category&quot;:&quot;intextLink&quot;,&quot;label&quot;:&quot;\/themen\/bulgarien\/&quot;}\" data-sctrack=\"BodyAnchor\" rel=\"nofollow noopener\" target=\"_blank\">Bulgarien<\/a> hat zu diplomatischen Verstimmungen zwischen Sofia und Kiew gef\u00fchrt. Nach einer ersten Untersuchung der Tr\u00fcmmer erkl\u00e4rte das bulgarische Verteidigungsministerium am Samstag, es handle sich um einen Drohnentyp, der von den ukrainischen Streitkr\u00e4ften &#8222;h\u00e4ufig verwendet&#8220; werde. Kiew bestritt, vors\u00e4tzlich ein Flugger\u00e4t nach Bulgarien gelenkt zu haben.<\/p>\n<p class=\"text-18 leading-17 user-text-lg:text-22 user-text-xl:text-24\">&#8222;Derzeit deutet nichts darauf hin, dass es sich um einen vors\u00e4tzlichen Vorfall handelt&#8220;, erkl\u00e4rte das bulgarische Verteidigungsministerium zu dem Drohnenvorfall. Die <a href=\"https:\/\/www.t-online.de\/themen\/ukraine\/\" class=\"transition-colors cursor-pointer no-underline md:hover:text-magenta md:focus:text-magenta border-b border-solid border-current text-salemsfur md:hover:border-magenta\" data-tracking=\"{&quot;action&quot;:&quot;click&quot;,&quot;category&quot;:&quot;intextLink&quot;,&quot;label&quot;:&quot;\/themen\/ukraine\/&quot;}\" data-sctrack=\"BodyAnchor\" rel=\"nofollow noopener\" target=\"_blank\">Ukraine<\/a> stehe &#8222;in engem Kontakt mit der bulgarischen Seite, um die Umst\u00e4nde zu kl\u00e4ren&#8220;, sagte der ukrainische Au\u00dfenamtssprecher Heorhij Tychyj. &#8222;Wir k\u00f6nnen mit Sicherheit sagen, dass die ukrainischen Streitkr\u00e4fte kein Flugger\u00e4t vors\u00e4tzlich nach Bulgarien gelenkt haben.&#8220; Ob die Drohne tats\u00e4chlich ukrainisch war, best\u00e4tigte Tychyj indes nicht. Au\u00dfenministerin Welislawa Petrowa bestellte die ukrainische Botschafterin Olessia Ilaschtschuk f\u00fcr Montag ein.<\/p>\n","protected":false},"excerpt":{"rendered":"Newsblog zum Krieg in der Ukraine Putin sch\u00fctzt Atom-U-Boote mit ungew\u00f6hnlichen Mitteln 10.08.2026 &#8211; 07:21 UhrLesedauer: 2 Min.&hellip;\n","protected":false},"author":2,"featured_media":1227660,"comment_status":"","ping_status":"","sticky":false,"template":"","format":"standard","meta":{"footnotes":"","_share_on_mastodon":"0"},"categories":[4013],"tags":[1217,326,6079,331,332,15510,28206,6077,663,13,5793,26827,451,308,14,15,3129,4043,4044,850,307,12,317,107],"class_list":["post-1227659","post","type-post","status-publish","format-standard","has-post-thumbnail","category-russland","tag-1217","tag-326","tag-6079","tag-aktuelle-nachrichten","tag-aktuelle-news","tag-aleksandar-vucic","tag-bulgarien","tag-donezk","tag-europa","tag-headlines","tag-kiew","tag-kriegswaffe","tag-militaer","tag-moskau","tag-nachrichten","tag-news","tag-newsblog","tag-russia","tag-russian-federation","tag-russische-foederation","tag-russland","tag-schlagzeilen","tag-ukraine","tag-wolodymyr-selenskyj"],"share_on_mastodon":{"url":"https:\/\/pubeurope.com\/@de\/117069656515243103","error":""},"_links":{"self":[{"href":"https:\/\/www.europesays.com\/de\/wp-json\/wp\/v2\/posts\/1227659","targetHints":{"allow":["GET"]}}],"collection":[{"href":"https:\/\/www.europesays.com\/de\/wp-json\/wp\/v2\/posts"}],"about":[{"href":"https:\/\/www.europesays.com\/de\/wp-json\/wp\/v2\/types\/post"}],"author":[{"embeddable":true,"href":"https:\/\/www.europesays.com\/de\/wp-json\/wp\/v2\/users\/2"}],"replies":[{"embeddable":true,"href":"https:\/\/www.europesays.com\/de\/wp-json\/wp\/v2\/comments?post=1227659"}],"version-history":[{"count":0,"href":"https:\/\/www.europesays.com\/de\/wp-json\/wp\/v2\/posts\/1227659\/revisions"}],"wp:featuredmedia":[{"embeddable":true,"href":"https:\/\/www.europesays.com\/de\/wp-json\/wp\/v2\/media\/1227660"}],"wp:attachment":[{"href":"https:\/\/www.europesays.com\/de\/wp-json\/wp\/v2\/media?parent=1227659"}],"wp:term":[{"taxonomy":"category","embeddable":true,"href":"https:\/\/www.europesays.com\/de\/wp-json\/wp\/v2\/categories?post=1227659"},{"taxonomy":"post_tag","embeddable":true,"href":"https:\/\/www.europesays.com\/de\/wp-json\/wp\/v2\/tags?post=1227659"}],"curies":[{"name":"wp","href":"https:\/\/api.w.org\/{rel}","templated":true}]}}