{"id":1227704,"date":"2026-08-10T06:25:20","date_gmt":"2026-08-10T06:25:20","guid":{"rendered":"https:\/\/www.europesays.com\/de\/1227704\/"},"modified":"2026-08-10T06:25:20","modified_gmt":"2026-08-10T06:25:20","slug":"brause-buzzer-besserwisser-die-dritte-erkrath-jetzt","status":"publish","type":"post","link":"https:\/\/www.europesays.com\/de\/1227704\/","title":{"rendered":"Brause, Buzzer, Besserwisser die Dritte | erkrath.jetzt"},"content":{"rendered":"<p> <img fetchpriority=\"high\" width=\"678\" height=\"381\" class=\"attachment-mh-magazine-content size-mh-magazine-content wp-post-image lazyload\" alt=\"\" title=\"Brause-Buzzer-Besserwisser-GG (2)-Sieger\" loading=\"eager\" decoding=\"async\" src=\"https:\/\/www.europesays.com\/de\/wp-content\/uploads\/2026\/08\/Brause-Buzzer-Besserwisser-GG-2-Sieger-e1786308050946-678x381.jpeg\" data-eio-rwidth=\"678\" data-eio-rheight=\"381\"\/>Das Team &#8222;Otter&#8220; der Dienststelle Hilden ging als Sieger aus dem Quiz hervor. Foto: Gabi Gr\u00fcndkerDas Teamquiz Brause, Buzzer, Besserwisser im Johanniter-Haus Erkrath ist am 6. August in die dritte Runde gegangen und z\u00e4hlte erneute viele Teams.<\/p>\n<p class=\"wp-block-paragraph\">Mit kniffligen Fragen, bester Stimmung und viel Teamgeist wurde der Quizabend erneut zu einem vollen Erfolg. Das beliebte Format lockte nicht nur zahlreiche G\u00e4ste der Begegnungsst\u00e4tte an, sondern auch Kolleginnen und Kollegen aus den Johanniter-Dienststellen Hilden und Wuppertal, die der Einladung von Eva Flader und Gabi Gr\u00fcndker gerne folgten. Die beiden Leiterinnen der Begegnungsst\u00e4tte \u201eAlt und Jung\u201c hatten wieder abwechslungsreiche Fragen aus verschiedenen Kategorien sowie drei knifflige Sonderfragen vorbereitet. Als Belohnung warteten auf die drei erfolgreichsten Teams liebevoll zusammengestellte Pr\u00e4sentk\u00f6rbe.<\/p>\n<p class=\"wp-block-paragraph\">Insgesamt traten zehn Teams mit jeweils bis zu sechs Teilnehmenden gegeneinander an. Zur St\u00e4rkung standen s\u00fc\u00dfe und salzige Snacks sowie Fassbrause und Mineralwasser bereit. Auch die inzwischen bekannten bunten Antwortzettel lagen schon auf den Tischen und sorgten f\u00fcr den Wiedererkennungswert des beliebten Quizformats. Wie gewohnt war das Quiz in drei Runden gegliedert, die jeweils zwei Kategorien und eine Sonderfrage umfassten. F\u00fcr besonders viel Gespr\u00e4chsstoff sorgte die Frage, wof\u00fcr die drei Buchstaben DHL eigentlich stehen. Fast alle Teams vermuteten einen Bezug zur Logistik \u2013 doch bis auf ein Team lagen alle daneben. Tats\u00e4chlich setzt sich der Name aus den Nachnamen der drei Unternehmensgr\u00fcnder zusammen.<\/p>\n<p class=\"wp-block-paragraph\">Bis zur letzten Frage blieb es spannend. In den Pausen wurde an den Tischen lebhaft \u00fcber m\u00f6gliche L\u00f6sungen diskutiert und gemeinsam ger\u00e4tselt. Nach der dritten Runde stand schlie\u00dflich das Ergebnis fest: Nur wenige Punkte trennten die Teams voneinander. Den Sieg sicherten sich die \u201eOtter\u201c aus der Johanniter-Dienststelle Hilden. Den zweiten Platz belegte knapp dahinter das Team \u201eGemischte T\u00fcte\u201c mit ehrenamtlichen Unterst\u00fctzerinnen und Unterst\u00fctzern der Begegnungsst\u00e4tte. Auf Rang drei folgte das Nachbarschaftsteam \u201eGroovy\u201c. Neben den Pr\u00e4sentk\u00f6rben erhielten die Siegerteams auch Urkunden als Erinnerung an den gelungenen Abend.<\/p>\n<p class=\"wp-block-paragraph\">Die ausgewogene Mischung der Fragen und der gem\u00fctliche Rahmen sorgten auch diesmal wieder f\u00fcr ausgelassene Stimmung und jede Menge Ratespa\u00df. Alle G\u00e4ste genossen den gemeinsamen Abend und verabschiedeten sich mit den Worten: \u201eWir sind auch beim n\u00e4chsten Mal wieder dabei!\u201c Einig waren sich alle, dass solche geselligen Veranstaltungen das Miteinander st\u00e4rken und unbedingt fortgesetzt werden sollten.<\/p>\n<p class=\"wp-block-paragraph\">Auch Eva Flader und Gabi Gr\u00fcndker zogen ein rundum positives Fazit: \u201eWir sind wirklich froh, dass unser Quizabend so gut ankommt.\u201c Wochen- und monatelang w\u00e4hlen die beiden engagierten Leiterinnen mit viel Herzblut Kategorien und Fragen aus, damit f\u00fcr alle Altersgruppen und Interessengebiete abwechslungsreiche und spannende Aufgaben dabei sind. Der gro\u00dfe Zuspruch zeigt, dass sich dieser Einsatz lohnt \u2013 und macht schon jetzt Lust auf die n\u00e4chste Ausgabe von \u201eBrause, Buzzer, Besserwisser\u201c.<a href=\"https:\/\/www.europesays.com\/de\/wp-content\/uploads\/2026\/08\/Brause-Buzzer-Besserwisser-GG-2-Sieger.jpeg\" target=\"_blank\"><img loading=\"lazy\" decoding=\"async\" data-id=\"107123\" alt=\"\" class=\"wp-image-107123 lazyload\" src=\"https:\/\/www.europesays.com\/de\/wp-content\/uploads\/2026\/08\/Brause-Buzzer-Besserwisser-GG-2-Sieger.jpeg\" width=\"1030\" height=\"775\" data-eio-rwidth=\"1030\" data-eio-rheight=\"775\"\/><\/a>Platz 1<a href=\"https:\/\/www.europesays.com\/de\/wp-content\/uploads\/2026\/08\/Brause-Buzzer-Besserwisser-GG-1-Platz-2.jpeg\" target=\"_blank\"><img loading=\"lazy\" decoding=\"async\" width=\"1030\" height=\"775\" data-id=\"107125\" alt=\"\" class=\"wp-image-107125 lazyload\" src=\"https:\/\/www.europesays.com\/de\/wp-content\/uploads\/2026\/08\/Brause-Buzzer-Besserwisser-GG-1-Platz-2.jpeg\"  data- data-eio-rwidth=\"1030\" data-eio-rheight=\"775\"\/><\/a>Platz 2<a href=\"https:\/\/www.europesays.com\/de\/wp-content\/uploads\/2026\/08\/Brause-Buzzer-Besserwisser-GG-3-Platz-3.jpeg\" target=\"_blank\"><img loading=\"lazy\" decoding=\"async\" width=\"1030\" height=\"775\" data-id=\"107124\" alt=\"\" class=\"wp-image-107124 lazyload\" src=\"https:\/\/www.europesays.com\/de\/wp-content\/uploads\/2026\/08\/Brause-Buzzer-Besserwisser-GG-3-Platz-3.jpeg\"  data- data-eio-rwidth=\"1030\" data-eio-rheight=\"775\"\/><\/a>Platz 3Fotos: Gabi Gr\u00fcndker<\/p>\n<p>   25<\/p>\n","protected":false},"excerpt":{"rendered":"Das Team &#8222;Otter&#8220; der Dienststelle Hilden ging als Sieger aus dem Quiz hervor. Foto: Gabi Gr\u00fcndkerDas Teamquiz Brause,&hellip;\n","protected":false},"author":2,"featured_media":1227705,"comment_status":"","ping_status":"","sticky":false,"template":"","format":"standard","meta":{"footnotes":"","_share_on_mastodon":"0"},"categories":[1831],"tags":[29287,3364,29,3405,30,39995,1209],"class_list":["post-1227704","post","type-post","status-publish","format-standard","has-post-thumbnail","category-duesseldorf","tag-autoren","tag-de","tag-deutschland","tag-duesseldorf","tag-germany","tag-hochdahl","tag-nordrhein-westfalen"],"share_on_mastodon":{"url":"https:\/\/pubeurope.com\/@de\/117069792282488051","error":""},"_links":{"self":[{"href":"https:\/\/www.europesays.com\/de\/wp-json\/wp\/v2\/posts\/1227704","targetHints":{"allow":["GET"]}}],"collection":[{"href":"https:\/\/www.europesays.com\/de\/wp-json\/wp\/v2\/posts"}],"about":[{"href":"https:\/\/www.europesays.com\/de\/wp-json\/wp\/v2\/types\/post"}],"author":[{"embeddable":true,"href":"https:\/\/www.europesays.com\/de\/wp-json\/wp\/v2\/users\/2"}],"replies":[{"embeddable":true,"href":"https:\/\/www.europesays.com\/de\/wp-json\/wp\/v2\/comments?post=1227704"}],"version-history":[{"count":0,"href":"https:\/\/www.europesays.com\/de\/wp-json\/wp\/v2\/posts\/1227704\/revisions"}],"wp:featuredmedia":[{"embeddable":true,"href":"https:\/\/www.europesays.com\/de\/wp-json\/wp\/v2\/media\/1227705"}],"wp:attachment":[{"href":"https:\/\/www.europesays.com\/de\/wp-json\/wp\/v2\/media?parent=1227704"}],"wp:term":[{"taxonomy":"category","embeddable":true,"href":"https:\/\/www.europesays.com\/de\/wp-json\/wp\/v2\/categories?post=1227704"},{"taxonomy":"post_tag","embeddable":true,"href":"https:\/\/www.europesays.com\/de\/wp-json\/wp\/v2\/tags?post=1227704"}],"curies":[{"name":"wp","href":"https:\/\/api.w.org\/{rel}","templated":true}]}}