{"id":1227750,"date":"2026-08-10T06:51:34","date_gmt":"2026-08-10T06:51:34","guid":{"rendered":"https:\/\/www.europesays.com\/de\/1227750\/"},"modified":"2026-08-10T06:51:34","modified_gmt":"2026-08-10T06:51:34","slug":"mordprozess-im-fall-tupac-shakur-beginnt-news","status":"publish","type":"post","link":"https:\/\/www.europesays.com\/de\/1227750\/","title":{"rendered":"Mordprozess im Fall Tupac Shakur beginnt | News"},"content":{"rendered":"<p><a class=\"skip-content skip-content--link\" href=\"#in-content-skip-link-target-v-0-0\">TTS-Player \u00fcberspringen\u21b5<\/a><a id=\"in-content-skip-link-target-v-0-0\" class=\"skip-content--target-link-hidden skip-content skip-content--target-link\" href=\"#in-content-skip-link-target-v-0-0\">Artikel weiterlesen<\/a><\/p>\n<p>Las Vegas (USA) \u2013 <b>Im September 1996 ver\u00e4nderten vier Sch\u00fcsse die Hip-Hop-Welt f\u00fcr immer. Die Kugeln trafen Tupac Shakur, mit nur 25 Jahren das w\u00fctendste und zugleich feingeistigste Sprachrohr einer abgeh\u00e4ngten schwarzen Jugend. Sechs Tage k\u00e4mpfte der Rap-Gigant (u.a. \u201eCalifornia Love\u201c) in Las Vegas um sein Leben, erlag aber schlie\u00dflich seinen Verletzungen. Bis heute liegen entscheidende Hintergr\u00fcnde des Mordes im Dunkeln.<\/b><\/p>\n<p>Am Montag (Ortszeit) beginnt in <a href=\"https:\/\/www.bild.de\/themen\/orte\/las-vegas\/nachrichten-news-fotos-videos-29329518.bild.html\" class=\"text-link\" rel=\"nofollow noopener\" target=\"_blank\">Las Vegas<\/a> der Prozess gegen den mutma\u00dflichen Drahtzieher des Attentats. Duane \u201eKeffe D\u201c Davis wird nicht vorgeworfen, auf den <a href=\"https:\/\/www.bild.de\/themen\/personen\/musiker\/nachrichten-news-fotos-videos-17078688.bild.html\" class=\"text-link\" rel=\"nofollow noopener\" target=\"_blank\">Musiker<\/a> gefeuert zu haben. Der heute 63-J\u00e4hrige soll verantwortlich sein f\u00fcr \u201eeinen <a href=\"https:\/\/www.bild.de\/themen\/ereignisse\/mord\/nachrichten-news-fotos-videos-21394242.bild.html\" class=\"text-link\" rel=\"nofollow noopener\" target=\"_blank\">Mord<\/a> unter Einsatz einer t\u00f6dlichen Waffe mit der Absicht, eine kriminelle Gang zu unterst\u00fctzen\u201c, wie es in der Anklageschrift hei\u00dft.<\/p>\n<p>Was die Staatsanwaltschaft beweisen will<\/p>\n<p>Der <a href=\"https:\/\/www.bild.de\/themen\/ereignisse\/prozess\/news-fotos-videos-17024714.bild.html\" class=\"text-link\" rel=\"nofollow noopener\" target=\"_blank\">Prozess<\/a> wird voraussichtlich rund einen Monat dauern. Ob ans Licht kommt, wer abgedr\u00fcckt hat, ist fraglich. Die Staatsanwaltschaft will stattdessen zweierlei beweisen: dass Davis den Mord befohlen und die Waffe besorgt hat. Die Glock Kaliber .40 wurde nie gefunden. Klar ist aber, dass die Sch\u00fcsse aus einem Mietwagen abgefeuert wurden, in dem auch Duane Davis sa\u00df. <\/p>\n<p><img decoding=\"async\" width=\"992\" height=\"1178\" alt=\"Tupac galt als Stimme der schwarzen Jugend, sa\u00df selbst wegen sexuellen Missbrauchs im Gef\u00e4ngnis\" loading=\"lazy\" src=\"https:\/\/www.europesays.com\/de\/wp-content\/uploads\/2026\/08\/43579e13ced92eccbb7b90740dcf4527,f3cc5aa0.jpeg\"   class=\"portrait\"\/><\/p>\n<p class=\"fig__caption__text\">Tupac galt als Stimme der schwarzen Jugend. Der Gangsta-Rapper sa\u00df wegen sexuellen Missbrauchs im Gef\u00e4ngnis<\/p>\n<p>Foto: Ron Galella Collection via Getty Images<\/p>\n<p><img decoding=\"async\" width=\"992\" height=\"558\" alt=\"Der BMW, auf den geschossen wurde. Tupac sa\u00df auf der Beifahrerseite \u2026\" loading=\"lazy\" src=\"https:\/\/www.europesays.com\/de\/wp-content\/uploads\/2026\/08\/6da2b8b188de7b4ac9fa5f5779d5561d,a10aaa94.jpeg\"   class=\"landscape\"\/><\/p>\n<p class=\"fig__caption__text\">Der BMW, auf den geschossen wurde. Tupac sa\u00df auf der Beifahrerseite \u2026<\/p>\n<p>Foto: Las Vegas Metropolitan Police Department via AP<\/p>\n<p><img decoding=\"async\" width=\"992\" height=\"558\" alt=\"\u2026 Label-Boss Marion \u201eSuge\u201c Knight (heute 61) \u00fcberlebte als Fahrer leicht verletzt\" loading=\"lazy\" src=\"https:\/\/www.europesays.com\/de\/wp-content\/uploads\/2026\/08\/1f8a39149ffca158034d9be9a6160672,5a999924.jpeg\"   class=\"landscape\"\/><\/p>\n<p class=\"fig__caption__text\">\u2026 Label-Boss Marion \u201eSuge\u201c Knight (heute 61) \u00fcberlebte als Fahrer leicht verletzt<\/p>\n<p>Foto: Las Vegas Metropolitan Police Department via AP<\/p>\n<p><img decoding=\"async\" width=\"992\" height=\"558\" alt=\"The Notorious B.I.G. (Christopher Wallace, \u202024) und Tupac (r.). Um die beiden Rap-Genies eskalierte der blutige Streit zwischen East und West Coast. Beide Musiker wurden erschossen\" loading=\"lazy\" src=\"https:\/\/www.europesays.com\/de\/wp-content\/uploads\/2026\/08\/25a78905192c005b3374e18399888001,c2121b29.jpeg\"   class=\"landscape\"\/><\/p>\n<p class=\"fig__caption__text\">The Notorious B.I.G. (Christopher Wallace, \u202024) und Tupac (r.). Um die beiden Rap-Genies eskalierte der blutige Streit zwischen East und West Coast. Beide Musiker wurden erschossen<\/p>\n<p>Foto: picture-alliance\/Mary Evans Picture Library<\/p>\n<p>An jenem 7. September 1996 sa\u00df Shakur auf dem Beifahrersitz eines schwarzen <a href=\"https:\/\/www.bild.de\/themen\/organisationen\/bmw\/auto-nachrichten-news-fotos-videos-19087290.bild.html\" class=\"text-link\" rel=\"nofollow noopener\" target=\"_blank\">BMW<\/a> 750iL. Auf dem Weg von einem Mike-Tyson-Boxkampf in einen Nachtclub wurde der <a href=\"https:\/\/www.bild.de\/themen\/specials\/rapper\/unterhaltung-nachrichten-news-fotos-videos-19301324.bild.html\" class=\"text-link\" rel=\"nofollow noopener\" target=\"_blank\">Rapper<\/a> mitsamt seinem Label-Boss Marion \u201eSuge\u201c Knight (61, \u00fcberlebte leicht verletzt) an einer roten Ampel abgepasst. Ein wei\u00dfer Cadillac fuhr vor, dann hallten die Sch\u00fcsse durch die Nacht. <\/p>\n<p>Diese Strafe droht \u201eKeffe D\u201c<\/p>\n<p>Vorausgegangen war eine Schl\u00e4gerei, bei der ein Mann namens Orlando \u201eBaby Lane\u201c Anderson (\u202023) m\u00e4chtig Dresche von Shakur und dessen Leuten bezogen hatte. Der jetzt Angeklagte ist der Onkel des 1998 ebenfalls erschossenen Anderson. Und soll den Mord an Tupac aus Rache organisiert haben.<\/p>\n<p><img decoding=\"async\" width=\"992\" height=\"558\" alt=\"\u201eKeffe D\u201c gilt als hochrangiges Mitglied einer Stra\u00dfengang namens Crips. Den verfeindeten Bloods soll \u201eSuge\u201c Knight angeh\u00f6rt haben\" loading=\"lazy\" src=\"https:\/\/www.europesays.com\/de\/wp-content\/uploads\/2026\/08\/017c0ba06ae560a317a3b2fa34ccf686,90be659.jpeg\"   class=\"landscape\"\/><\/p>\n<p class=\"fig__caption__text\">\u201eKeffe D\u201c gilt als hochrangiges Mitglied einer Stra\u00dfengang namens Crips. Die sind mit den Bloods verfeindet \u2013 zu deren Dunstkreis \u201eSuge\u201c Knight zu z\u00e4hlen ist<\/p>\n<p>Foto: Ethan Miller\/via REUTERS<\/p>\n<p><img decoding=\"async\" width=\"992\" height=\"558\" alt=\"\u201eSuge\u201c Knight (r.) hat mit seinem Label Death Row Records den West-Coast-HipHop gro\u00df gemacht. Sein bekanntester K\u00fcnstler: Tupac Shakur, links neben ihm\" loading=\"lazy\" src=\"https:\/\/www.europesays.com\/de\/wp-content\/uploads\/2026\/08\/73ff8e2c9a27b7fd989fa648eb2a07ab,fcdf3d2b.jpeg\"   class=\"landscape\"\/><\/p>\n<p class=\"fig__caption__text\">\u201eSuge\u201c Knight (r.) hat mit seinem Label Death Row Records den West-Coast-HipHop gro\u00df gemacht. Sein bekanntester K\u00fcnstler: Tupac Shakur, links neben ihm<\/p>\n<p>Foto: Frank Wiese\/dpa<\/p>\n<p>Seit September 2023 sitzt das hochrangige Gang-Mitglied der South Side Compton Crips in U-Haft. Daran ist Duane Davis im Prinzip selbst schuld. Denn im Cold Case um Tupac Shakur hatte sich Jahre nichts getan \u2013 bis \u201eKeffe D\u201c anfing, in Interviews \u00fcber den Mord zu sprechen und 2019 eine Autobiografie ver\u00f6ffentlichte. <\/p>\n<p>Seine Aussagen und Erinnerungen sind zentrale Grundlagen der Anklage. Der 63-J\u00e4hrige bestreitet alle Vorw\u00fcrfe, will sich laut Verteidigung alles nur ausgedacht haben. Letztes Jahr behauptete er: <a href=\"https:\/\/www.bild.de\/unterhaltung\/stars-und-leute\/tupac-shakur-mord-verdaechtiger-keffe-d-wirft-ermittlern-luegen-vor-67c9b3fae06e8b4f9a620f57\" class=\"text-link\" rel=\"nofollow noopener\" target=\"_blank\">\u201eIch wurde bezahlt, um zu l\u00fcgen!\u201c<\/a> Davis droht lebenslange Haft ohne M\u00f6glichkeit auf Bew\u00e4hrung.<\/p>\n","protected":false},"excerpt":{"rendered":"TTS-Player \u00fcberspringen\u21b5Artikel weiterlesen Las Vegas (USA) \u2013 Im September 1996 ver\u00e4nderten vier Sch\u00fcsse die Hip-Hop-Welt f\u00fcr immer. Die&hellip;\n","protected":false},"author":2,"featured_media":1227751,"comment_status":"","ping_status":"","sticky":false,"template":"","format":"standard","meta":{"footnotes":"","_share_on_mastodon":"0"},"categories":[155],"tags":[29,214,30,15408,21640,16813,2183,1269,2138,254920,102594,138370,254921,215],"class_list":["post-1227750","post","type-post","status-publish","format-standard","has-post-thumbnail","category-unterhaltung","tag-deutschland","tag-entertainment","tag-germany","tag-hip-hop","tag-history","tag-las-vegas","tag-mord","tag-prozess","tag-rap","tag-shakur-tupac","tag-suge-knight","tag-team-first","tag-tupac","tag-unterhaltung"],"share_on_mastodon":{"url":"https:\/\/pubeurope.com\/@de\/117069894959182467","error":""},"_links":{"self":[{"href":"https:\/\/www.europesays.com\/de\/wp-json\/wp\/v2\/posts\/1227750","targetHints":{"allow":["GET"]}}],"collection":[{"href":"https:\/\/www.europesays.com\/de\/wp-json\/wp\/v2\/posts"}],"about":[{"href":"https:\/\/www.europesays.com\/de\/wp-json\/wp\/v2\/types\/post"}],"author":[{"embeddable":true,"href":"https:\/\/www.europesays.com\/de\/wp-json\/wp\/v2\/users\/2"}],"replies":[{"embeddable":true,"href":"https:\/\/www.europesays.com\/de\/wp-json\/wp\/v2\/comments?post=1227750"}],"version-history":[{"count":0,"href":"https:\/\/www.europesays.com\/de\/wp-json\/wp\/v2\/posts\/1227750\/revisions"}],"wp:featuredmedia":[{"embeddable":true,"href":"https:\/\/www.europesays.com\/de\/wp-json\/wp\/v2\/media\/1227751"}],"wp:attachment":[{"href":"https:\/\/www.europesays.com\/de\/wp-json\/wp\/v2\/media?parent=1227750"}],"wp:term":[{"taxonomy":"category","embeddable":true,"href":"https:\/\/www.europesays.com\/de\/wp-json\/wp\/v2\/categories?post=1227750"},{"taxonomy":"post_tag","embeddable":true,"href":"https:\/\/www.europesays.com\/de\/wp-json\/wp\/v2\/tags?post=1227750"}],"curies":[{"name":"wp","href":"https:\/\/api.w.org\/{rel}","templated":true}]}}