{"id":1227806,"date":"2026-08-10T07:30:20","date_gmt":"2026-08-10T07:30:20","guid":{"rendered":"https:\/\/www.europesays.com\/de\/1227806\/"},"modified":"2026-08-10T07:30:20","modified_gmt":"2026-08-10T07:30:20","slug":"mehr-als-240-faelle-in-europa-west-nil-virus-breitet-sich-in-beliebten-urlaubslaendern-aus","status":"publish","type":"post","link":"https:\/\/www.europesays.com\/de\/1227806\/","title":{"rendered":"Mehr als 240 F\u00e4lle in Europa: West-Nil-Virus breitet sich in beliebten Urlaubsl\u00e4ndern aus"},"content":{"rendered":"<p>Mehr als 240 F\u00e4lle in EuropaWest-Nil-Virus breitet sich in beliebten Urlaubsl\u00e4ndern aus<img decoding=\"async\" class=\"Image_img__fQCi0 Image_Img_16_9__4BLfH widget-picture-inline_maximizable__t_E7h\" loading=\"eager\" fetchpriority=\"high\" src=\"https:\/\/www.europesays.com\/de\/wp-content\/uploads\/2026\/08\/Eine-Stechmuecke-der-Art-Culex-pipiens-Komplex-ist-an-der-Decke-eines-alten-Eiskellers-zu-sehen-Stec.webp\" alt=\"Eine-Stechmuecke-der-Art-Culex-pipiens-Komplex-ist-an-der-Decke-eines-alten-Eiskellers-zu-sehen-Stechmuecken-werden-immer-gefaehrlicher-sagen-Forscher-Nicht-nur-die-eingewanderten-exotischen-Arten-koennen-Krankheitserreger-uebertragen-Heimische-Stechmuecken-verbreiten-das-urspruenglich-aus-Afrika-stammende-West-Nil-Virus\"\/>Das Virus wird von Stechm\u00fccken \u00fcbertragen. (Foto: picture alliance\/dpa\/dpa-Zentralbild)TeilenFolgen auf:<a href=\"https:\/\/www.whatsapp.com\/channel\/0029Va5cdVJD8SDp5YZgYF01\" title=\"Auf WhatsApp folgen\" target=\"_blank\" rel=\"nofollow noopener\"><img decoding=\"async\" src=\"https:\/\/www.n-tv.de\/socialIcons\/whatsapp.svg\" alt=\"whatsapp\" class=\"ArticleShare_icon__FsrC2\"\/><\/a><a href=\"https:\/\/www.google.com\/preferences\/source?q=n-tv.de\" title=\"ntv als bevorzugte Quelle auf Google hinzuf\u00fcgen\" target=\"_blank\" rel=\"nofollow noopener\"><img decoding=\"async\" src=\"https:\/\/www.n-tv.de\/socialIcons\/google.svg\" alt=\"whatsapp\" class=\"ArticleShare_icon__FsrC2\"\/><\/a><\/p>\n<p class=\"Typography_text-m__XI0da Typography_weight-bold__uT6mq storyline_lead_text_leadtext__q_wg8\">Das West-Nil-Fieber breitet sich in Europa weiter aus. Vor allem Italien und Griechenland melden viele Infektionen, doch auch in Deutschland gibt es F\u00e4lle. Eine Impfung oder eine gezielte Behandlung existieren bislang nicht.<\/p>\n<p class=\"Typography_text-default__P3otY Typography_weight-normal__pqUbH storyline_paragraph_p__qSR5N\">In Europa sind seit Beginn der Saison mehr als 240 Infektionen mit dem West-Nil-Virus bekanntgeworden. Insgesamt wurden bis vorigen Mittwoch in sieben europ\u00e4ischen L\u00e4ndern 241 F\u00e4lle registriert, bei denen sich die Menschen vor Ort angesteckt hatten &#8211; sie hatten sich also nicht auf Reisen infiziert.<\/p>\n<p class=\"Typography_text-default__P3otY Typography_weight-normal__pqUbH storyline_paragraph_p__qSR5N\">Wie das <a class=\"inline_link\" href=\"https:\/\/www.ecdc.europa.eu\/en\/west-nile-fever\/surveillance-and-disease-data\/disease-data-ecdc\" target=\"_blank\" rel=\"nofollow noopener\">Europ\u00e4ische Zentrum f\u00fcr die Pr\u00e4vention und die Kontrolle von Krankheiten (ECDC)<\/a> mitteilte, wurden aus Italien 139 F\u00e4lle gemeldet, aus Griechenland 61, aus Spanien 17 und aus Nordmazedonien 13. In Rum\u00e4nien wurden demnach 6 F\u00e4lle registriert, in Frankreich 4 und in Deutschland eine solche Infektion. Dabei handelte es sich um den Rhein-Pfalz-Kreis in Rheinland-Pfalz, wie bereits Ende Juli bekannt wurde. Insgesamt wurden in Deutschland in diesem Jahr 5 F\u00e4lle registriert.<\/p>\n<p>Italien besonders betroffen<\/p>\n<p class=\"Typography_text-default__P3otY Typography_weight-normal__pqUbH storyline_paragraph_p__qSR5N\">Insgesamt seien damit 59 Gebiete in Europa betroffen, hie\u00df es weiter. Mehr als die H\u00e4lfte dieser Areale &#8211; 36 &#8211; entf\u00e4llt demnach auf Italien, insbesondere auf den Norden des Landes. Die Beh\u00f6rde betonte jedoch, es handele sich nicht um eine umfassende Darstellung des \u00dcbertragungsgeschehens. Die Weltgesundheitsorganisation (WHO) hatte erst k\u00fcrzlich wegen mehrerer Erkrankungen an West-Nil-Fieber in S\u00fcdeuropa zu verst\u00e4rkter Wachsamkeit aufgerufen.<\/p>\n<p class=\"Typography_text-default__P3otY Typography_weight-normal__pqUbH storyline_paragraph_p__qSR5N\">Etwa 20 Prozent der Infizierten entwickeln laut Robert-Koch-Institut (RKI) eine fieberhafte, grippe\u00e4hnliche Erkrankung. Nur etwa jede 100. infizierte Person erkranke schwer. Das Virus werde haupts\u00e4chlich von Stechm\u00fccken zwischen wildlebenden V\u00f6geln \u00fcbertragen. Die M\u00fccken k\u00f6nnten aber auch Menschen infizieren. Das West-Nil-Fieber heile in der Regel komplikationslos aus, nur bei schwer erkrankten Patienten seien Sp\u00e4tfolgen relativ h\u00e4ufig.<\/p>\n<p class=\"Typography_text-default__P3otY Typography_weight-normal__pqUbH storyline_paragraph_p__qSR5N\">Das durch Viren verursachte West-Nil-Fieber wird dem RKI zufolge symptomatisch behandelt. Es gibt keine spezifische Therapie und auch keinen Impfstoff. An Orten mit bekannter M\u00fcckenbelastung empfiehlt das RKI das Tragen von lang\u00e4rmeligen Hemden oder Blusen und langen Hosen. Neben Insektenabwehrmittel seien auch Moskitonetze und Fenstergitter n\u00fctzlich. Im Wohnumfeld sollten M\u00fcckenbrutpl\u00e4tze m\u00f6glichst beseitigt werden. Die Insekten legen auch in kleine Wasseransammlungen Eier ab &#8211; etwa in Eimern, Untersetzern und verstopften Dachrinnen.<\/p>\n<p class=\"Typography_text-s__wu_cm Typography_weight-normal__pqUbH Typography_color-darkgrey__sZEnP article-detail-footer_source__KslPc\">Quelle: ntv.de, hny\/dpa<\/p>\n","protected":false},"excerpt":{"rendered":"Mehr als 240 F\u00e4lle in EuropaWest-Nil-Virus breitet sich in beliebten Urlaubsl\u00e4ndern ausDas Virus wird von Stechm\u00fccken \u00fcbertragen. (Foto:&hellip;\n","protected":false},"author":2,"featured_media":1227807,"comment_status":"","ping_status":"","sticky":false,"template":"","format":"standard","meta":{"footnotes":"","_share_on_mastodon":"0"},"categories":[3933],"tags":[331,332,752,548,663,158,3934,3935,13,756,14463,355,14,15,754,12,13412],"class_list":["post-1227806","post","type-post","status-publish","format-standard","has-post-thumbnail","category-eu","tag-aktuelle-nachrichten","tag-aktuelle-news","tag-bildung","tag-eu","tag-europa","tag-europaeische-union","tag-europe","tag-european-union","tag-headlines","tag-infektionskrankheiten","tag-insekten","tag-italien","tag-nachrichten","tag-news","tag-robert-koch-institut","tag-schlagzeilen","tag-viren"],"share_on_mastodon":{"url":"https:\/\/pubeurope.com\/@de\/117070047769827791","error":""},"_links":{"self":[{"href":"https:\/\/www.europesays.com\/de\/wp-json\/wp\/v2\/posts\/1227806","targetHints":{"allow":["GET"]}}],"collection":[{"href":"https:\/\/www.europesays.com\/de\/wp-json\/wp\/v2\/posts"}],"about":[{"href":"https:\/\/www.europesays.com\/de\/wp-json\/wp\/v2\/types\/post"}],"author":[{"embeddable":true,"href":"https:\/\/www.europesays.com\/de\/wp-json\/wp\/v2\/users\/2"}],"replies":[{"embeddable":true,"href":"https:\/\/www.europesays.com\/de\/wp-json\/wp\/v2\/comments?post=1227806"}],"version-history":[{"count":0,"href":"https:\/\/www.europesays.com\/de\/wp-json\/wp\/v2\/posts\/1227806\/revisions"}],"wp:featuredmedia":[{"embeddable":true,"href":"https:\/\/www.europesays.com\/de\/wp-json\/wp\/v2\/media\/1227807"}],"wp:attachment":[{"href":"https:\/\/www.europesays.com\/de\/wp-json\/wp\/v2\/media?parent=1227806"}],"wp:term":[{"taxonomy":"category","embeddable":true,"href":"https:\/\/www.europesays.com\/de\/wp-json\/wp\/v2\/categories?post=1227806"},{"taxonomy":"post_tag","embeddable":true,"href":"https:\/\/www.europesays.com\/de\/wp-json\/wp\/v2\/tags?post=1227806"}],"curies":[{"name":"wp","href":"https:\/\/api.w.org\/{rel}","templated":true}]}}