{"id":1227892,"date":"2026-08-10T08:20:16","date_gmt":"2026-08-10T08:20:16","guid":{"rendered":"https:\/\/www.europesays.com\/de\/1227892\/"},"modified":"2026-08-10T08:20:16","modified_gmt":"2026-08-10T08:20:16","slug":"fast-30-jahre-nach-mord-an-tupac-shakur-prozessbeginn-in-los-angeles","status":"publish","type":"post","link":"https:\/\/www.europesays.com\/de\/1227892\/","title":{"rendered":"Fast 30 Jahre nach Mord an Tupac Shakur: Prozessbeginn in Los Angeles"},"content":{"rendered":"<p>            <img loading=\"lazy\" decoding=\"async\" class=\"ts-image\" src=\"https:\/\/www.europesays.com\/de\/wp-content\/uploads\/2026\/08\/tupac-shakur-116.jpg\" alt=\"Ein Bild des ermordeten US-Rappers Tupac Shakur an einer Mauer in Los Angeles\" title=\"Ein Bild des ermordeten US-Rappers Tupac Shakur an einer Mauer in Los Angeles | Reuters\"\/><\/p>\n<p class=\"metatextline\">Stand: 10.08.2026 \u2022 09:21 Uhr<\/p>\n<p class=\"article-head__shorttext\">\n        <strong>1996 wurde der US-Rapper Tupac Shakur durch mehrere Sch\u00fcsse aus einem vorbeifahrenden Auto t\u00f6dlich verletzt. Jahrzehntelang gibt es bei der Aufkl\u00e4rung kaum Fortschritte. Doch nun soll der Fall vor Gericht landen.<\/strong>\n    <\/p>\n<p>                                    <a class=\"authorline__link\" href=\"https:\/\/www.tagesschau.de\/korrespondenten\/antje-sieb-102.html\" rel=\"nofollow noopener\" target=\"_blank\"><br \/>\n                                        <img decoding=\"async\" class=\"authorline__img\" alt=\"Antje Sieb\" src=\"https:\/\/www.europesays.com\/de\/wp-content\/uploads\/2026\/05\/antje-sieb-100.jpg\"\/><br \/>\n                                    <\/a><\/p>\n<p class=\"textabsatz m-ten m-offset-one l-eight l-offset-two columns twelve\">Das Auto, in dem der 25-j\u00e4hrige Rapper Tupac Shakur sitzt, steht an einer roten Ampel. Ein wei\u00dfer Cadillac f\u00e4hrt an die Beifahrerseite heran, mehrere Sch\u00fcsse fallen. Sechs Tage sp\u00e4ter stirbt der Rapper im Krankenhaus. Der Fall sorgt international f\u00fcr Aufsehen.<\/p>\n<p class=\"textabsatz m-ten m-offset-one l-eight l-offset-two columns twelve\">Nach der Tat gibt es jahrzehntelang keine echten Fortschritte, aber jede Menge Ger\u00fcchte. Dann, vor drei Jahren, verk\u00fcnden die Beh\u00f6rden in Nevada eine Festnahme. Man habe schon lange gewusst, wie die Tat in etwa abgelaufen sei, sagt Mordermittler Jason Johannson bei einer Pressekonferenz. Gefehlt h\u00e4tten nur die Beweise.<\/p>\n<p>    Festnahme im Jahr 2023<\/p>\n<p class=\"textabsatz m-ten m-offset-one l-eight l-offset-two columns twelve\">Festgenommen wurde ein heute 63-J\u00e4hriger. Der Vorwurf: Er soll zwar nicht selbst geschossen, aber die Tat organisiert haben. Der vermutete Hintergrund ist eine Auseinandersetzung am selben Tag, an der auch Tupac beteiligt war, au\u00dferdem Rivalit\u00e4ten zwischen Gangs, besonders aus Compton im Raum Los Angeles. Von dort stammten einige Gr\u00fcnder von Tupacs damaligem Label Death Row und auch der ehemalige Gang-Leader, der jetzt vor Gericht steht.<\/p>\n<p class=\"absatzbild__info__text\">\n                        Duane Davis soll den Mord an Tupac Shakur 1996 organisiert haben.\n                    <\/p>\n<p>    Angeklagter pl\u00e4diert auf unschuldig<\/p>\n<p class=\"textabsatz m-ten m-offset-one l-eight l-offset-two columns twelve\">Der Festgenommene hatte 2019 ein Buch ver\u00f6ffentlicht, in dem es auch um den Mord an Tupac ging. Er habe die Waffe besorgt und mit im Tatauto gesessen, behauptete er dort und auch in Medieninterviews.<\/p>\n<p class=\"textabsatz m-ten m-offset-one l-eight l-offset-two columns twelve\">Das l\u00f6ste neue Ermittlungen aus, sagen die Beh\u00f6rden. Es hatte auch schon lange vorher ein Verh\u00f6r bei der Polizei gegeben &#8211; das damals offenbar wegen eines Deals nicht gegen ihn verwendet werden konnte. Die Ermittler gehen davon aus, dass der eigentliche Sch\u00fctze nicht mehr lebt. Sie sagen aber, der Angeklagte sei trotzdem f\u00fcr den Mord mitverantwortlich. Der Mann selbst pl\u00e4diert auf unschuldig. Heute soll in Las Vegas der Prozess mit der Auswahl der Jury beginnen.<\/p>\n","protected":false},"excerpt":{"rendered":"Stand: 10.08.2026 \u2022 09:21 Uhr 1996 wurde der US-Rapper Tupac Shakur durch mehrere Sch\u00fcsse aus einem vorbeifahrenden Auto&hellip;\n","protected":false},"author":2,"featured_media":1227893,"comment_status":"","ping_status":"","sticky":false,"template":"","format":"standard","meta":{"footnotes":"","_share_on_mastodon":"0"},"categories":[155],"tags":[29,214,30,7893,2183,1306,254921,215,64],"class_list":["post-1227892","post","type-post","status-publish","format-standard","has-post-thumbnail","category-unterhaltung","tag-deutschland","tag-entertainment","tag-germany","tag-los-angeles","tag-mord","tag-rapper","tag-tupac","tag-unterhaltung","tag-usa"],"share_on_mastodon":{"url":"","error":""},"_links":{"self":[{"href":"https:\/\/www.europesays.com\/de\/wp-json\/wp\/v2\/posts\/1227892","targetHints":{"allow":["GET"]}}],"collection":[{"href":"https:\/\/www.europesays.com\/de\/wp-json\/wp\/v2\/posts"}],"about":[{"href":"https:\/\/www.europesays.com\/de\/wp-json\/wp\/v2\/types\/post"}],"author":[{"embeddable":true,"href":"https:\/\/www.europesays.com\/de\/wp-json\/wp\/v2\/users\/2"}],"replies":[{"embeddable":true,"href":"https:\/\/www.europesays.com\/de\/wp-json\/wp\/v2\/comments?post=1227892"}],"version-history":[{"count":0,"href":"https:\/\/www.europesays.com\/de\/wp-json\/wp\/v2\/posts\/1227892\/revisions"}],"wp:featuredmedia":[{"embeddable":true,"href":"https:\/\/www.europesays.com\/de\/wp-json\/wp\/v2\/media\/1227893"}],"wp:attachment":[{"href":"https:\/\/www.europesays.com\/de\/wp-json\/wp\/v2\/media?parent=1227892"}],"wp:term":[{"taxonomy":"category","embeddable":true,"href":"https:\/\/www.europesays.com\/de\/wp-json\/wp\/v2\/categories?post=1227892"},{"taxonomy":"post_tag","embeddable":true,"href":"https:\/\/www.europesays.com\/de\/wp-json\/wp\/v2\/tags?post=1227892"}],"curies":[{"name":"wp","href":"https:\/\/api.w.org\/{rel}","templated":true}]}}