{"id":1227901,"date":"2026-08-10T08:25:18","date_gmt":"2026-08-10T08:25:18","guid":{"rendered":"https:\/\/www.europesays.com\/de\/1227901\/"},"modified":"2026-08-10T08:25:18","modified_gmt":"2026-08-10T08:25:18","slug":"mehr-drohnen-weniger-panzer-top-oekonom-pistorius-investiert-in-die-falschen-dinge","status":"publish","type":"post","link":"https:\/\/www.europesays.com\/de\/1227901\/","title":{"rendered":"Mehr Drohnen, weniger Panzer: Top-\u00d6konom: Pistorius investiert in die falschen Dinge"},"content":{"rendered":"<p>Mehr Drohnen, weniger PanzerTop-\u00d6konom: Pistorius investiert in die falschen Dinge<\/p>\n<p>10.08.2026, 02:24 Uhr <\/p>\n<p>Artikel anh\u00f6ren(03:26 min)<\/p>\n<p><img decoding=\"async\" class=\"Image_img__fQCi0 Image_Img_16_9__4BLfH widget-picture-inline_maximizable__t_E7h\" loading=\"eager\" fetchpriority=\"high\" src=\"https:\/\/www.europesays.com\/de\/wp-content\/uploads\/2026\/08\/Bundesverteidigungsminister-Boris-Pistorius-in-Flecktarn-Uniform-mit-Namensschild-BM-Pistorius-beim-.webp\" alt=\"Bundesverteidigungsminister-Boris-Pistorius-in-Flecktarn-Uniform-mit-Namensschild-BM-Pistorius-beim-Besuch-des-Transporthubschrauberregiments-30-Tauberfranken-Er-schreitet-zuegig-voran-der-Blick-ist-seitwaerts-gerichtet-der-Gesichtsausdruck-Bundesminister-Boris-Pistorius-besucht-Transporthubschrauberregiment-30-Kuelsheim-23-07\"\/>Pistorius&#8216; Investitionen seien wenig zukunftsweisend, findet Schularick. (Foto: picture alliance \/ Eibner-Pressefoto)TeilenFolgen auf:<a href=\"https:\/\/www.whatsapp.com\/channel\/0029Va5cdVJD8SDp5YZgYF01\" title=\"Auf WhatsApp folgen\" target=\"_blank\" rel=\"nofollow noopener\"><img decoding=\"async\" src=\"https:\/\/www.n-tv.de\/socialIcons\/whatsapp.svg\" alt=\"whatsapp\" class=\"ArticleShare_icon__FsrC2\"\/><\/a><a href=\"https:\/\/www.google.com\/preferences\/source?q=n-tv.de\" title=\"ntv als bevorzugte Quelle auf Google hinzuf\u00fcgen\" target=\"_blank\" rel=\"nofollow noopener\"><img decoding=\"async\" src=\"https:\/\/www.n-tv.de\/socialIcons\/google.svg\" alt=\"whatsapp\" class=\"ArticleShare_icon__FsrC2\"\/><\/a><\/p>\n<p class=\"Typography_text-m__XI0da Typography_weight-bold__uT6mq storyline_lead_text_leadtext__q_wg8\">Mit einem Budget von 700 Milliarden Euro will das Verteidigungsministerium die Bundeswehr bis 2030 auf Vordermann bringen. Der Pr\u00e4sident des Instituts f\u00fcr Weltwirtschaft in Kiel sagt: So, wie das Geld derzeit ausgegeben wird, klappt das nicht. <\/p>\n<p class=\"Typography_text-default__P3otY Typography_weight-normal__pqUbH storyline_paragraph_p__qSR5N\">Der Pr\u00e4sident des Kiel Instituts f\u00fcr Weltwirtschaft (IfW), Moritz Schularick, wirft Verteidigungsminister Boris Pistorius von der SPD vor, das R\u00fcstungsbudget an falscher Stelle auszugeben. Im Gespr\u00e4ch mit der &#8222;S\u00fcddeutschen Zeitung&#8220; forderte der Top-\u00d6konom die Einsetzung eines zentralen Koordinators f\u00fcr die milit\u00e4rische Beschaffung im Kanzleramt.\u00a0<\/p>\n<p class=\"Typography_text-default__P3otY Typography_weight-normal__pqUbH storyline_paragraph_p__qSR5N\">700 Milliarden Euro stehen bis 2030 f\u00fcr die Modernisierung der Bundeswehr zur Verf\u00fcgung. Statt das Geld gezielt in Waffensysteme der Zukunft zu investieren, gebe Pistorius einen Gro\u00dfteil weiter f\u00fcr Panzer, Fregatten und andere veraltete Technologien aus. , kritisiert Schularick. Das weitgehend kreditfinanzierte Milliardenprogramm, mit dem man bei richtiger Verwendung auch das Wirtschaftswachstum ankurbeln k\u00f6nnte, drohe deshalb weitgehend zu verpuffen.<\/p>\n<p><img decoding=\"async\" class=\"Image_img__fQCi0 Image_Img_16_9__4BLfH widget-picture-inline_maximizable__t_E7h\" loading=\"lazy\" src=\"https:\/\/www.n-tv.de\/logo_grey.svg\" alt=\"ARCHIV-11-02-2026-Schleswig-Holstein-Kiel-Moritz-Schularick-Praesident-des-Kieler-Instituts-fuer-Weltwirtschaft-spricht-waehrend-eines-Interviews-Der-Oekonom-leitet-das-Institut-seit-Juni-2023\"\/>IfW-Pr\u00e4sident Schularick wirbt f\u00fcr eine Neuaufstellung des Beschaffungswesens. (Foto: dpa)<\/p>\n<p class=\"Typography_text-default__P3otY Typography_weight-normal__pqUbH storyline_paragraph_p__qSR5N\">&#8222;Wir haben viel Kapital, viel industrielles Know-how und in Teilbereichen auch immer noch hochmoderne Technologien&#8220;, sagte der IfW-Chef mit Blick auf Deutschlands St\u00e4rken. &#8222;Was wir nicht haben, sind Hunderttausende Menschen, die in Panzer steigen und an die Front fahren m\u00f6chten. Das hei\u00dft: Statt auf mehr Soldaten, mehr bemannte Fahrzeuge und mehr Kasernen m\u00fcssen wir &#8211; wo immer m\u00f6glich &#8211; auf KI, Robotik, Drohnen und Satellitentechnik setzen.&#8220;<\/p>\n<p>Schularick: Brauchen zentralen Beschaffungs-Koordinator\u00a0<\/p>\n<p class=\"Typography_text-default__P3otY Typography_weight-normal__pqUbH storyline_paragraph_p__qSR5N\">Ein einzelnes und zudem &#8222;sehr langsames&#8220; Ministerium ist aus Sicht des Wirtschaftswissenschaftlers mit der Neuorganisation der deutschen und europ\u00e4ischen Verteidigungsstrategie \u00fcberfordert. Stattdessen sei jemand n\u00f6tig, &#8222;der mit politischer Macht ausgestattet ist, Industrie, Startups und Ministerien zusammenbringt, Friktionen ausr\u00e4umen kann und alles auf ein Ziel konzentriert&#8220;. Er k\u00f6nne sich beispielsweise den fr\u00fcheren Telekom-Vorstandschef Ren\u00e9 Obermann oder Ex-Airbus-Chef Tom Enders als einen solchen Koordinator im Kanzleramt vorstellen, sagte der \u00d6konom.<\/p>\n<p class=\"Typography_text-default__P3otY Typography_weight-normal__pqUbH storyline_paragraph_p__qSR5N\">Aus Sicht Schularicks m\u00fcssen sowohl die Bundesregierung als auch die Industrie ihre Herangehensweise bei der R\u00fcstungsbeschaffung vollst\u00e4ndig umstellen. Es reiche nicht, viel Geld auszugeben und die Best\u00e4nde der Bundeswehr aufzuf\u00fcllen. &#8222;Vielmehr m\u00fcssen wir von Beginn an mitdenken, wie die wirtschaftlichen Prozesse aussehen m\u00fcssen, damit die n\u00f6tigen Waffensysteme im Fall der F\u00e4lle auch wirklich rasch und in ausreichender Menge nachproduziert werden k\u00f6nnen&#8220;, sagte er.\u00a0<\/p>\n<p class=\"Typography_text-default__P3otY Typography_weight-normal__pqUbH storyline_paragraph_p__qSR5N\">Statt hochkomplexe, ma\u00dfgefertigte Panzer in kleiner St\u00fcckzahl oder 200 Flugabwehrraketen zu ordern, m\u00fcsse es also darum gehen, Produktionskapazit\u00e4ten aufzubauen. &#8222;Anders ausgedr\u00fcckt: Wir bestellen nicht mehr das einzelne Ger\u00e4t, sondern die ganze Fabrik, die dann im Ernstfall sehr rasch 2000 statt 200 Raketen pro Jahr produzieren kann&#8220;, sagte Schularick. Weil sich das Vorhalten einer solchen Fabrik in Friedenszeiten f\u00fcr ein Unternehmen nicht rechne, m\u00fcsse der Staat eine Pr\u00e4mie daf\u00fcr zahlen.<\/p>\n<p class=\"Typography_text-s__wu_cm Typography_weight-normal__pqUbH Typography_color-darkgrey__sZEnP article-detail-footer_source__KslPc\">Quelle: ntv.de, ino\/dpa<\/p>\n","protected":false},"excerpt":{"rendered":"Mehr Drohnen, weniger PanzerTop-\u00d6konom: Pistorius investiert in die falschen Dinge 10.08.2026, 02:24 Uhr Artikel anh\u00f6ren(03:26 min) Pistorius&#8216; Investitionen&hellip;\n","protected":false},"author":2,"featured_media":1227902,"comment_status":"","ping_status":"","sticky":false,"template":"","format":"standard","meta":{"footnotes":"","_share_on_mastodon":"0"},"categories":[5],"tags":[1179,685,13,178951,9951,14,15,16,5694,747,12,10,8,9,11,14566],"class_list":["post-1227901","post","type-post","status-publish","format-standard","has-post-thumbnail","category-nachrichten","tag-boris-pistorius","tag-bundeswehr","tag-headlines","tag-institut-fuer-weltwirtschaft-kiel","tag-investitionen","tag-nachrichten","tag-news","tag-politik","tag-ruestung","tag-ruestungsindustrie","tag-schlagzeilen","tag-top-news","tag-top-meldungen","tag-topmeldungen","tag-topnews","tag-verteidigungsministerium"],"share_on_mastodon":{"url":"https:\/\/pubeurope.com\/@de\/117070261998455001","error":""},"_links":{"self":[{"href":"https:\/\/www.europesays.com\/de\/wp-json\/wp\/v2\/posts\/1227901","targetHints":{"allow":["GET"]}}],"collection":[{"href":"https:\/\/www.europesays.com\/de\/wp-json\/wp\/v2\/posts"}],"about":[{"href":"https:\/\/www.europesays.com\/de\/wp-json\/wp\/v2\/types\/post"}],"author":[{"embeddable":true,"href":"https:\/\/www.europesays.com\/de\/wp-json\/wp\/v2\/users\/2"}],"replies":[{"embeddable":true,"href":"https:\/\/www.europesays.com\/de\/wp-json\/wp\/v2\/comments?post=1227901"}],"version-history":[{"count":0,"href":"https:\/\/www.europesays.com\/de\/wp-json\/wp\/v2\/posts\/1227901\/revisions"}],"wp:featuredmedia":[{"embeddable":true,"href":"https:\/\/www.europesays.com\/de\/wp-json\/wp\/v2\/media\/1227902"}],"wp:attachment":[{"href":"https:\/\/www.europesays.com\/de\/wp-json\/wp\/v2\/media?parent=1227901"}],"wp:term":[{"taxonomy":"category","embeddable":true,"href":"https:\/\/www.europesays.com\/de\/wp-json\/wp\/v2\/categories?post=1227901"},{"taxonomy":"post_tag","embeddable":true,"href":"https:\/\/www.europesays.com\/de\/wp-json\/wp\/v2\/tags?post=1227901"}],"curies":[{"name":"wp","href":"https:\/\/api.w.org\/{rel}","templated":true}]}}