{"id":1227905,"date":"2026-08-10T08:27:34","date_gmt":"2026-08-10T08:27:34","guid":{"rendered":"https:\/\/www.europesays.com\/de\/1227905\/"},"modified":"2026-08-10T08:27:34","modified_gmt":"2026-08-10T08:27:34","slug":"schwerer-verdacht-in-aachen-120-faelle-neue-ermittlungen-gegen-todespfleger-regional","status":"publish","type":"post","link":"https:\/\/www.europesays.com\/de\/1227905\/","title":{"rendered":"Schwerer Verdacht in Aachen: 120 F\u00e4lle! Neue Ermittlungen gegen Todespfleger | Regional"},"content":{"rendered":"<p><a class=\"skip-content skip-content--link\" href=\"#in-content-skip-link-target-v-0-0\">TTS-Player \u00fcberspringen\u21b5<\/a><a id=\"in-content-skip-link-target-v-0-0\" class=\"skip-content--target-link-hidden skip-content skip-content--target-link\" href=\"#in-content-skip-link-target-v-0-0\">Artikel weiterlesen<\/a><\/p>\n<p>Aachen (NRW) \u2013 <b>Wie viele Menschenleben hat Ulrich S. (45) wirklich auf dem Gewissen? Der Fall des bereits wegen zehnfachen Mordes verurteilten Krankenpflegers nimmt immer gr\u00f6\u00dfere Dimensionen an. Die Aachener Staatsanwaltschaft ermittelt inzwischen in mehr als 120 weiteren Verdachtsf\u00e4llen. In seinem Beruf als Krankenpfleger sollte Ulrich S. schwerstkranken Patienten helfen \u2013 doch stattdessen verabreichte der Pfleger des Rhein-Maas-Klinikums in W\u00fcrselen (NRW) ihnen einen t\u00f6dlichen Medikamenten-Cocktail. <\/b><\/p>\n<p>Die Staatsanwaltschaften Aachen und K\u00f6ln lie\u00dfen bereits 46 Leichen exhumieren, um zu pr\u00fcfen, ob Ulrich S. f\u00fcr weitere Todesf\u00e4lle verantwortlich ist. Hei\u00dft: Die Leichen wurden wieder ausgegraben und auf m\u00f6gliche Mordmerkmale untersucht.<\/p>\n<p>T\u00f6tete Pfleger noch mehr Patienten?<\/p>\n<p>Das Aachener Landgericht hatte den Ex-Pfleger im November 2025 <a href=\"https:\/\/www.bild.de\/regional\/koeln\/er-mordete-um-seine-ruhe-zu-haben-todespfleger-von-wuerselen-muss-lebenslang-ins-gefaengnis-6908d47b0580923d0998610c\" class=\"text-link\" rel=\"nofollow noopener\" target=\"_blank\">wegen zehnfachen Mordes und 27-fachen Mordversuchs zu einer lebenslangen Freiheitsstrafe<\/a> verurteilt. Das Gericht stellte auch die besondere Schwere der Schuld fest. Eine Freilassung nach 15 Jahren ist damit nahezu ausgeschlossen.<\/p>\n<p><img decoding=\"async\" width=\"992\" height=\"558\" alt=\"Der Todespfleger war auf der Palliativstation des Rhein-Maas-Klinikums in W\u00fcrselen (NRW) angestellt\" loading=\"lazy\" src=\"https:\/\/www.europesays.com\/de\/wp-content\/uploads\/2026\/08\/8b57bbbaf595a9bbda9bc2d84c054d9d,b8580448.jpeg\"   class=\"landscape\"\/><\/p>\n<p class=\"fig__caption__text\">Der Todespfleger war auf der Palliativstation des Rhein-Maas-Klinikums in W\u00fcrselen (NRW) angestellt<\/p>\n<p>Foto: Rhein-Maas Klinikum<\/p>\n<p>Ulrich S. hat w\u00e4hrend seiner Nachtschichten im Rhein-Maas-Klinikum in W\u00fcrselen (<a href=\"https:\/\/www.bild.de\/regional\/nordrhein-westfalen\/home-npIP0qL0giWP1ZFIOHn2\" class=\"text-link\" rel=\"nofollow noopener\" target=\"_blank\">NRW<\/a>) schwer kranken Menschen \u00fcberh\u00f6hte Mengen an Beruhigungsmitteln verabreicht \u2013 teils in Kombination mit Schmerzmitteln und mehrfach. Der Grund: Er wollte die Patienten ruhigstellen, um in seinen Nachtschichten m\u00f6glichst wenig Arbeit mit ihnen zu haben. Der Pfleger hatte die Vorw\u00fcrfe im Prozess zur\u00fcckgewiesen.<\/p>\n<p>Staatsanwaltschaft ermittelt bis ins Jahr 2022<\/p>\n<p>Die verurteilten Taten <a href=\"https:\/\/www.bild.de\/regional\/nordrhein-westfalen\/die-kalte-gefuehlswelt-des-todes-pflegers-von-wuerselen-67e259653225bd20d20d23c0\" class=\"text-link\" rel=\"nofollow noopener\" target=\"_blank\">liegen zwischen Dezember 2023 und Mai 2024<\/a>. Jetzt pr\u00fcfen die Ermittler m\u00f6gliche Morde davor. Der Mann hatte bereits seit 2020 an der Klinik in W\u00fcrselen gearbeitet. \u201eDie Ermittlungen reichen derzeit bis September 2022 zur\u00fcck\u201c, sagte eine Sprecherin der Staatsanwaltschaft Aachen. Es k\u00f6nnten also noch weitere Verdachtsf\u00e4lle hinzukommen. Die Aachener Staatsanwaltschaft hatte schon nach dem Urteil angek\u00fcndigt, dass sie voraussichtlich eine weitere Anklage gegen den Pfleger erheben wird. Wann ist aktuell noch unklar. \u201eVermutlich im Laufe des n\u00e4chsten Jahres\u201c, sagte die Sprecherin.<\/p>\n<p>Auch F\u00e4lle in K\u00f6ln werden gepr\u00fcft<\/p>\n<p>Und auch die <a href=\"https:\/\/www.bild.de\/themen\/organisationen\/staatsanwaltschaft-alle-infos-und-news-KDJzQvfvRkaBLQ0vXYpd\" class=\"text-link\" rel=\"nofollow noopener\" target=\"_blank\">Staatsanwaltschaft<\/a> in K\u00f6ln ermittelt wegen m\u00f6glicher T\u00f6tungsdelikte. Ulrich S. hatte bis 2020 in einer K\u00f6lner Klinik gearbeitet. Ein Sprecher der Staatsanwaltschaft K\u00f6ln: \u201eDie sehr komplexen Ermittlungen werden noch viel Zeit in Anspruch nehmen.\u201c<\/p>\n","protected":false},"excerpt":{"rendered":"TTS-Player \u00fcberspringen\u21b5Artikel weiterlesen Aachen (NRW) \u2013 Wie viele Menschenleben hat Ulrich S. (45) wirklich auf dem Gewissen? Der&hellip;\n","protected":false},"author":2,"featured_media":1227906,"comment_status":"","ping_status":"","sticky":false,"template":"","format":"standard","meta":{"footnotes":"","_share_on_mastodon":"0"},"categories":[1853],"tags":[1424,3364,29,6212,548,663,3934,1993,30,13,3263,584,14,15,1209,9221,12,1997,138370,3533],"class_list":["post-1227905","post","type-post","status-publish","format-standard","has-post-thumbnail","category-aachen","tag-aachen","tag-de","tag-deutschland","tag-ermittlungsverfahren","tag-eu","tag-europa","tag-europe","tag-gerichte","tag-germany","tag-headlines","tag-krankenhaus","tag-leiche","tag-nachrichten","tag-news","tag-nordrhein-westfalen","tag-pflege","tag-schlagzeilen","tag-staatsanwaltschaft","tag-team-first","tag-todesfall"],"share_on_mastodon":{"url":"https:\/\/pubeurope.com\/@de\/117070271206278981","error":""},"_links":{"self":[{"href":"https:\/\/www.europesays.com\/de\/wp-json\/wp\/v2\/posts\/1227905","targetHints":{"allow":["GET"]}}],"collection":[{"href":"https:\/\/www.europesays.com\/de\/wp-json\/wp\/v2\/posts"}],"about":[{"href":"https:\/\/www.europesays.com\/de\/wp-json\/wp\/v2\/types\/post"}],"author":[{"embeddable":true,"href":"https:\/\/www.europesays.com\/de\/wp-json\/wp\/v2\/users\/2"}],"replies":[{"embeddable":true,"href":"https:\/\/www.europesays.com\/de\/wp-json\/wp\/v2\/comments?post=1227905"}],"version-history":[{"count":0,"href":"https:\/\/www.europesays.com\/de\/wp-json\/wp\/v2\/posts\/1227905\/revisions"}],"wp:featuredmedia":[{"embeddable":true,"href":"https:\/\/www.europesays.com\/de\/wp-json\/wp\/v2\/media\/1227906"}],"wp:attachment":[{"href":"https:\/\/www.europesays.com\/de\/wp-json\/wp\/v2\/media?parent=1227905"}],"wp:term":[{"taxonomy":"category","embeddable":true,"href":"https:\/\/www.europesays.com\/de\/wp-json\/wp\/v2\/categories?post=1227905"},{"taxonomy":"post_tag","embeddable":true,"href":"https:\/\/www.europesays.com\/de\/wp-json\/wp\/v2\/tags?post=1227905"}],"curies":[{"name":"wp","href":"https:\/\/api.w.org\/{rel}","templated":true}]}}