{"id":1228003,"date":"2026-08-10T09:32:26","date_gmt":"2026-08-10T09:32:26","guid":{"rendered":"https:\/\/www.europesays.com\/de\/1228003\/"},"modified":"2026-08-10T09:32:26","modified_gmt":"2026-08-10T09:32:26","slug":"hamburgs-neue-lehrkraefte-sollen-haltung-gegen-hetze-zeigen","status":"publish","type":"post","link":"https:\/\/www.europesays.com\/de\/1228003\/","title":{"rendered":"Hamburgs neue Lehrkr\u00e4fte sollen Haltung gegen Hetze zeigen"},"content":{"rendered":"<p _ngcontent-sc113=\"\"> 10. August 2026 \u2013 Mara Schwarzenberger <\/p>\n<p _ngcontent-sc113=\"\">\u200b427 neue Lehrkr\u00e4fte im Vorbereitungsdienst starten in Hamburgs Schulen und sollen sich klar gegen Diskriminierung und f\u00fcr Demokratie positionieren, betont die Bildungsstaatsr\u00e4tin.<\/p>\n<ul _ngcontent-sc85=\"\">\n<li _ngcontent-sc85=\"\">Hamburgs Schulbeh\u00f6rde fordert angehende Lehrkr\u00e4fte auf, klar gegen Diskriminierung und Menschenfeindlichkeit einzutreten. <\/li>\n<li _ngcontent-sc85=\"\">F\u00fcr 427 Pl\u00e4tze im Vorbereitungsdienst gab es 1.062 Bewerbungen.<\/li>\n<li _ngcontent-sc85=\"\">Besonders gefragt sind Pl\u00e4tze f\u00fcr Stadtteilschulen und Gymnasien, gefolgt von Grundschulen.<\/li>\n<\/ul>\n<p _ngcontent-sc85=\"\" align=\"false\">Hamburgs Schulbeh\u00f6rde hat angehende Lehrerinnen und Lehrer der Hansestadt zu einem aktiven Eintreten f\u00fcr Demokratie und Menschenrechte aufgefordert. &#8222;Als Lehrkraft vertreten Sie keine parteipolitische Position. Gegen\u00fcber Diskriminierung und Menschenfeindlichkeit k\u00f6nnen Sie jedoch nicht neutral bleiben&#8220;, erkl\u00e4rte Bildungsstaatsr\u00e4tin Katharina von Fintel laut einer Mitteilung bei der Vereidigung von 427 neuen Lehrkr\u00e4ften im Vorbereitungsdienst. Wo die W\u00fcrde eines Menschen infrage gestellt werde, brauche es Klarheit.<\/p>\n<p>Widerspruch, wenn demokratische Regeln missachtet werden<\/p>\n<p _ngcontent-sc85=\"\" align=\"false\">&#8222;Wo demokratische Regeln missachtet werden, braucht es Widerspruch&#8220;, betonte von Fintel im Gro\u00dfen Festsaal des Rathauses. Der sogenannte Beutelsbacher Konsens als eine Grundlage politischer Bildung verbietet Lehrkr\u00e4ften, junge Menschen zu \u00fcberw\u00e4ltigen oder ihnen eine bestimmte Meinung vorzugeben. Eine demokratische Schule m\u00fcsse aber dennoch deutlich machen, &#8222;wo die Grenze des Sagbaren \u00fcberschritten wird und aus einer Meinung ein Angriff auf andere Menschen oder auf unsere freiheitliche Ordnung wird&#8220;.<\/p>\n<p _ngcontent-sc85=\"\" align=\"false\">Nach Angaben der Schulbeh\u00f6rde gab es in Hamburg weit mehr Bewerbungen als Pl\u00e4tze. So h\u00e4tten sich 1.062 junge Menschen um einen der 427 Pl\u00e4tze bem\u00fcht. In der vorherigen Runde lag das Verh\u00e4ltnis noch bei 393 Pl\u00e4tzen zu 938 Bewerbungen. Der Notendurchschnitt aus dem Studium liege derzeit bei 1,64.<\/p>\n<p>Stadtteilschulen und Gymnasien am begehrtesten<\/p>\n<p _ngcontent-sc85=\"\" align=\"false\">Am begehrtesten waren erneut die Pl\u00e4tze f\u00fcr den Vorbereitungsdienst zum Lehramt Sekundarstufe I und II, also f\u00fcr Stadtteilschulen und Gymnasien. Danach folgten die Grundschulen. Der Anteil an Quereinsteiger sei im Vergleich zum Einstellungstermin im Vorjahr erneut auf nunmehr 3,8 Prozent gesunken. Das Durchschnittsalter der Nachwuchslehrkr\u00e4fte, die nun 18 Monate im Landesinstitut f\u00fcr Qualifizierung und Qualit\u00e4tsentwicklung und in den Schulen ausgebildet werden, liege bei 30,2 Jahren. Die \u00e4lteste Person sei 60, die j\u00fcngsten seien 23 Jahre alt. 72,6 Prozent der angehenden Lehrkr\u00e4fte seien Frauen. Der M\u00e4nneranteil sei jedoch wieder leicht gestiegen \u2013 im Vergleich zum Februar um 4,1 Prozentpunkte.<\/p>\n<p>Weitere News On Air<\/p>\n<p _ngcontent-sc85=\"\" align=\"false\">Weitere Nachrichten aus Hamburg, Deutschland und der Welt h\u00f6rt ihr immer zur vollen Stunde bei uns im Programm. Holt euch einfach unsere <a _ngcontent-sc132=\"\" href=\"https:\/\/www.radiohamburg.de\/programm\/frequenzen\/Streamen-%C3%BCber-die-App-id388032.html\" rel=\"nofollow noopener\" target=\"_blank\">kostenlose App<\/a>, h\u00f6rt uns \u00fcber euren <a _ngcontent-sc132=\"\" href=\"https:\/\/www.radiohamburg.de\/programm\/frequenzen\/Alexa-spiele-Radio-Hamburg-id387722.html\" rel=\"nofollow noopener\" target=\"_blank\">Smartspeaker<\/a> oder schaltet mit einem Klick unten auf den Playbutton das Webradio ein. Zum Nachh\u00f6ren gibt&#8217;s das Ganze nat\u00fcrlich auch noch mal als <a _ngcontent-sc132=\"\" href=\"https:\/\/www.radiohamburg.de\/hoeren\/podcasts\/Radio-Hamburg-Nachrichten-id388455.html\" rel=\"nofollow noopener\" target=\"_blank\">Podcastangebot<\/a>.<\/p>\n<p><img decoding=\"async\" _ngcontent-sc129=\"\" class=\"\" src=\"https:\/\/www.europesays.com\/de\/wp-content\/uploads\/2025\/04\/app.jpg\" alt=\"App, App Store, iOS, Play Store, Google\" title=\"App, App Store, iOS, Play Store, Google\"\/><\/p>\n<p>Foto: Bloomicon \/ Shutterstock.com<\/p>\n<p> F\u00fcr iOS &amp; Android <\/p>\n<p>Holt euch die kostenlose Radio Hamburg App<\/p>\n<p _ngcontent-sc85=\"\" align=\"false\">H\u00f6rt uns an jedem Ort auf der Welt in bester Qualit\u00e4t &amp; st\u00f6rungsfrei \u00fcber unsere kostenlose App. Holt sie euch jetzt f\u00fcr Android oder iOS.<\/p>\n","protected":false},"excerpt":{"rendered":"10. August 2026 \u2013 Mara Schwarzenberger \u200b427 neue Lehrkr\u00e4fte im Vorbereitungsdienst starten in Hamburgs Schulen und sollen sich&hellip;\n","protected":false},"author":2,"featured_media":1228004,"comment_status":"","ping_status":"","sticky":false,"template":"","format":"standard","meta":{"footnotes":"","_share_on_mastodon":"0"},"categories":[1826],"tags":[4568,46143,255018,255019,255024,146,29,2650,30,4484,9021,692,255022,6204,255020,130,137271,134760,255023,255021],"class_list":["post-1228003","post","type-post","status-publish","format-standard","has-post-thumbnail","category-hamburg","tag-schulen","tag-lehrerinnen-und-lehrer","tag-angehende-lehrkraefte","tag-beutelsbacher-konsens","tag-bildungsstaatsraetin-katharina-von-fintel","tag-demokratie","tag-deutschland","tag-diskriminierung","tag-germany","tag-grundschulen","tag-gymnasien","tag-hamburg","tag-lehramtsanwaerter","tag-lehrkraefte","tag-menschenfeindlichkeit","tag-menschenrechte","tag-quereinsteiger","tag-schulbehoerde-hamburg","tag-stadtteilschulen","tag-vorbereitungsdienst"],"share_on_mastodon":{"url":"https:\/\/pubeurope.com\/@de\/117070526842551707","error":""},"_links":{"self":[{"href":"https:\/\/www.europesays.com\/de\/wp-json\/wp\/v2\/posts\/1228003","targetHints":{"allow":["GET"]}}],"collection":[{"href":"https:\/\/www.europesays.com\/de\/wp-json\/wp\/v2\/posts"}],"about":[{"href":"https:\/\/www.europesays.com\/de\/wp-json\/wp\/v2\/types\/post"}],"author":[{"embeddable":true,"href":"https:\/\/www.europesays.com\/de\/wp-json\/wp\/v2\/users\/2"}],"replies":[{"embeddable":true,"href":"https:\/\/www.europesays.com\/de\/wp-json\/wp\/v2\/comments?post=1228003"}],"version-history":[{"count":0,"href":"https:\/\/www.europesays.com\/de\/wp-json\/wp\/v2\/posts\/1228003\/revisions"}],"wp:featuredmedia":[{"embeddable":true,"href":"https:\/\/www.europesays.com\/de\/wp-json\/wp\/v2\/media\/1228004"}],"wp:attachment":[{"href":"https:\/\/www.europesays.com\/de\/wp-json\/wp\/v2\/media?parent=1228003"}],"wp:term":[{"taxonomy":"category","embeddable":true,"href":"https:\/\/www.europesays.com\/de\/wp-json\/wp\/v2\/categories?post=1228003"},{"taxonomy":"post_tag","embeddable":true,"href":"https:\/\/www.europesays.com\/de\/wp-json\/wp\/v2\/tags?post=1228003"}],"curies":[{"name":"wp","href":"https:\/\/api.w.org\/{rel}","templated":true}]}}