{"id":1228075,"date":"2026-08-10T10:18:23","date_gmt":"2026-08-10T10:18:23","guid":{"rendered":"https:\/\/www.europesays.com\/de\/1228075\/"},"modified":"2026-08-10T10:18:23","modified_gmt":"2026-08-10T10:18:23","slug":"ukraine-russland-wird-garantiert-gewinnen-medwedjew-bezeichnet-von-der-leyen-als-verrueckte-gynaekologin","status":"publish","type":"post","link":"https:\/\/www.europesays.com\/de\/1228075\/","title":{"rendered":"Ukraine: \u201eRussland wird garantiert gewinnen\u201c \u2013 Medwedjew bezeichnet von der Leyen als \u201everr\u00fcckte Gyn\u00e4kologin\u201c"},"content":{"rendered":"<p>Nach der Freigabe weiterer Ukraine-Hilfen beleidigt Kreml-Lautsprecher Dimitrij Medwedjew EU-Kommissionspr\u00e4sidentin Ursula von der Leyen als \u201ealte Hexe\u201c \u2013 und droht weiter dem Westen.<\/p>\n<p class=\"is-first-paragraph\" data-external=\"Article.FirstParagraph\">Dimitrij Medwedjew teilt weiter aus. Auf der Plattform X schm\u00e4hte der fr\u00fchere russische Pr\u00e4sident die Pr\u00e4sidentin der Europ\u00e4ischen Kommission, Ursula von der Leyen. \u201eAlte Hexe Ursula hat ukrainische Flaggen in ihrem Profil\u201c, bem\u00e4ngelte er. \u201eDas bedeutet, sie gibt einen Dreck auf Europa \u2013 alles, was z\u00e4hlt, ist die Banderisten-Clique und Sanktionen. Weil es der EU doch so gut geht, oder?\u201c Als Banderisten werden Anh\u00e4nger der revolution\u00e4ren und radikal antisemitischen Organisation Ukrainischer Nationalisten bezeichnet.<\/p>\n<p>\u201eEgal, was die verr\u00fcckte Gyn\u00e4kologin sagt, Russland wird garantiert gewinnen!\u201c, erg\u00e4nzte Medwedjew wohl in Anspielung auf von der Leyens Medizinstudium und ihre fr\u00fchere Arbeit in einer Frauenklinik in Hannover.<\/p>\n<p>Vergangene Woche hatte die EU-Kommissionspr\u00e4sidentin als Reaktion auf die neuerlichen Angriffe Russlands bekannt gegeben, dass die Europ\u00e4ische Union 1,4 Milliarden Euro aus den Zinsertr\u00e4gen eingefrorener russischer Zentralbankverm\u00f6gen als Ukraine-Hilfe \u00fcberweisen werde.<\/p>\n<p>Abseits der Pr\u00e4sidentin der Europ\u00e4ischen Kommission st\u00f6rte sich Medwedjew auch am Verhalten der japanischen Regierung anl\u00e4sslich des Jahrestags des Atombombenabwurfs auf Hiroshima am 6. August. \u201eWas f\u00fcr eine Schande, dass Japans Premierminister oder irgendein anderer japanischer Amtstr\u00e4ger bei der k\u00fcrzlichen R\u00fcckerinnerung an die Atombombardements von Hiroshima und Nagasaki nicht ein einziges Mal erw\u00e4hnt hat, wer daf\u00fcr verantwortlich war\u201c, beanstandete er auf X. <\/p>\n<p>\u201eJapan ist ein Vasall der Vereinigten Staaten\u201c, erg\u00e4nzte der Parteivorsitzende von Einiges Russland, \u201eund irgendwann wird es zu einem R\u014dnin.\u201c Bei einem R\u014dnin handelt es sich um einen Samurai, der herrenlos geworden ist, weil sein Herr verstorben oder er bei diesem in Ungnade gefallen ist und versto\u00dfen wurde. <\/p>\n<p>Mit Beginn der russischen Invasion in der Ukraine hatte Medwedjew die Rolle eines martialischen Lautsprechers des Kremls eingenommen. Zuletzt <a class=\"is-link c-block-items__link is-external c-link--rich-text-renderer\" href=\"https:\/\/x.com\/MedvedevRussiaE\/status\/2060336415498469554\" target=\"_blank\" title=\"Link wird in einem neuen Tab ge\u00f6ffnet\" rel=\"nofollow noopener\" data-internal-tracking-enabled=\"true\" data-internal-tracking=\"{&quot;action&quot;:&quot;click&quot;,&quot;label&quot;:&quot;link&quot;,&quot;name&quot;:&quot;Inline Element&quot;,&quot;data&quot;:{&quot;source&quot;:&quot;&quot;,&quot;target&quot;:&quot;https:\/\/x.com\/MedvedevRussiaE\/status\/2060336415498469554&quot;,&quot;trackingName&quot;:&quot;&quot;,&quot;trackingLabel&quot;:&quot;&quot;}}\">hatte er behauptet<\/a>, die Europ\u00e4ische Union habe einseitig einen Krieg mit Russland begonnen. <a class=\"is-link c-block-items__link c-link--rich-text-renderer\" href=\"https:\/\/www.welt.de\/politik\/ausland\/article6a2be909799698d92c9556ce\/russland-medwedjew-laesst-foto-von-merz-keir-starmer-und-ursula-von-der-leyen-schreddern.html\" data-internal-tracking-enabled=\"true\" data-internal-tracking=\"{&quot;action&quot;:&quot;click&quot;,&quot;label&quot;:&quot;link&quot;,&quot;name&quot;:&quot;Inline Element&quot;,&quot;data&quot;:{&quot;source&quot;:&quot;&quot;,&quot;target&quot;:&quot;https:\/\/www.welt.de\/politik\/ausland\/article6a2be909799698d92c9556ce\/russland-medwedjew-laesst-foto-von-merz-keir-starmer-und-ursula-von-der-leyen-schreddern.html&quot;,&quot;trackingName&quot;:&quot;&quot;,&quot;trackingLabel&quot;:&quot;&quot;}}\" rel=\"nofollow noopener\" target=\"_blank\">In einem KI-generierten Video-Post<\/a> hatte er Fotos von Bundeskanzler Friedrich Merz, des damaligen britischen Premierministers Keir Starmer sowie von Ursula von der Leyen geschreddert. Und <a class=\"is-link c-block-items__link is-external c-link--rich-text-renderer\" href=\"https:\/\/x.com\/MedvedevRussiaE\/status\/2072763644144730172\" target=\"_blank\" title=\"Link wird in einem neuen Tab ge\u00f6ffnet\" rel=\"nofollow noopener\" data-internal-tracking-enabled=\"true\" data-internal-tracking=\"{&quot;action&quot;:&quot;click&quot;,&quot;label&quot;:&quot;link&quot;,&quot;name&quot;:&quot;Inline Element&quot;,&quot;data&quot;:{&quot;source&quot;:&quot;&quot;,&quot;target&quot;:&quot;https:\/\/x.com\/MedvedevRussiaE\/status\/2072763644144730172&quot;,&quot;trackingName&quot;:&quot;&quot;,&quot;trackingLabel&quot;:&quot;&quot;}}\">er hatte Finnland gedroht<\/a>, weil der Staat ein Verbot gegen die Stationierung von Atomwaffen aufgehoben hatte. \u201eIhr Land steht jetzt auf Russlands Liste der Atomwaffenziele. Freu dich, Finnland, du hast den Gipfel der Sicherheit erreicht!\u201c<\/p>\n<p>Einen eher n\u00fcchternen Blick auf den stets drohenden Medwedjew offenbarte unl\u00e4ngst <a class=\"is-link c-block-items__link c-link--rich-text-renderer\" href=\"https:\/\/www.welt.de\/politik\/ausland\/plus6a4a78cc0b14ed961bb52e0a\/kreml-kenner-wenediktow-putin-hat-eine-eiserne-logik-gegen-die-man-nicht-ankommt.html\" data-internal-tracking-enabled=\"true\" data-internal-tracking=\"{&quot;action&quot;:&quot;click&quot;,&quot;label&quot;:&quot;link&quot;,&quot;name&quot;:&quot;Inline Element&quot;,&quot;data&quot;:{&quot;source&quot;:&quot;&quot;,&quot;target&quot;:&quot;https:\/\/www.welt.de\/politik\/ausland\/plus6a4a78cc0b14ed961bb52e0a\/kreml-kenner-wenediktow-putin-hat-eine-eiserne-logik-gegen-die-man-nicht-ankommt.html&quot;,&quot;trackingName&quot;:&quot;&quot;,&quot;trackingLabel&quot;:&quot;&quot;}}\" rel=\"nofollow noopener\" target=\"_blank\">der Kreml-Experte Alexej Wenediktow im WELT-Interview<\/a>. Dieser verhalte sich zu Wladimir Putin wie Robin zu Batman \u2013 ein Vergleich, den er gegen\u00fcber einem US-amerikanischen Botschafter ge\u00e4u\u00dfert hatte. <\/p>\n<p>\u201eMein Vergleich tauchte in den Files von Wikileaks auf\u201c, erinnerte er sich. \u201eEinen Monat sp\u00e4ter sa\u00dfen wir wieder bei Putin im Kreml und er sprach mich darauf an: \u201aSehr lustig, nicht wahr, Alexej? Deinetwegen musste ich zwei Filme anschauen, um zu verstehen, wer dieser Robin ist. Medwedjew ist im \u00dcbrigen sehr unzufrieden mit diesem Vergleich!\u2019\u201c<\/p>\n<p>doli<\/p>\n","protected":false},"excerpt":{"rendered":"Nach der Freigabe weiterer Ukraine-Hilfen beleidigt Kreml-Lautsprecher Dimitrij Medwedjew EU-Kommissionspr\u00e4sidentin Ursula von der Leyen als \u201ealte Hexe\u201c \u2013&hellip;\n","protected":false},"author":2,"featured_media":1228076,"comment_status":"","ping_status":"","sticky":false,"template":"","format":"standard","meta":{"footnotes":"","_share_on_mastodon":"0"},"categories":[4013],"tags":[331,332,70023,7286,13,54964,9497,89556,14,15,110,111,4043,4044,850,307,15725,115,12,45,9197,9498,112],"class_list":["post-1228075","post","type-post","status-publish","format-standard","has-post-thumbnail","category-russland","tag-aktuelle-nachrichten","tag-aktuelle-news","tag-dmitrij","tag-finnland-politik","tag-headlines","tag-japan-politik","tag-leyen","tag-medwedew","tag-nachrichten","tag-news","tag-newsteam","tag-putin","tag-russia","tag-russian-federation","tag-russische-foederation","tag-russland","tag-russland-politik","tag-russland-ukraine-krieg-24-2-2022","tag-schlagzeilen","tag-texttospeech","tag-ukraine-politik","tag-ursula-von-der","tag-wladimir"],"share_on_mastodon":{"url":"https:\/\/pubeurope.com\/@de\/117070705884249475","error":""},"_links":{"self":[{"href":"https:\/\/www.europesays.com\/de\/wp-json\/wp\/v2\/posts\/1228075","targetHints":{"allow":["GET"]}}],"collection":[{"href":"https:\/\/www.europesays.com\/de\/wp-json\/wp\/v2\/posts"}],"about":[{"href":"https:\/\/www.europesays.com\/de\/wp-json\/wp\/v2\/types\/post"}],"author":[{"embeddable":true,"href":"https:\/\/www.europesays.com\/de\/wp-json\/wp\/v2\/users\/2"}],"replies":[{"embeddable":true,"href":"https:\/\/www.europesays.com\/de\/wp-json\/wp\/v2\/comments?post=1228075"}],"version-history":[{"count":0,"href":"https:\/\/www.europesays.com\/de\/wp-json\/wp\/v2\/posts\/1228075\/revisions"}],"wp:featuredmedia":[{"embeddable":true,"href":"https:\/\/www.europesays.com\/de\/wp-json\/wp\/v2\/media\/1228076"}],"wp:attachment":[{"href":"https:\/\/www.europesays.com\/de\/wp-json\/wp\/v2\/media?parent=1228075"}],"wp:term":[{"taxonomy":"category","embeddable":true,"href":"https:\/\/www.europesays.com\/de\/wp-json\/wp\/v2\/categories?post=1228075"},{"taxonomy":"post_tag","embeddable":true,"href":"https:\/\/www.europesays.com\/de\/wp-json\/wp\/v2\/tags?post=1228075"}],"curies":[{"name":"wp","href":"https:\/\/api.w.org\/{rel}","templated":true}]}}