{"id":1228089,"date":"2026-08-10T10:27:18","date_gmt":"2026-08-10T10:27:18","guid":{"rendered":"https:\/\/www.europesays.com\/de\/1228089\/"},"modified":"2026-08-10T10:27:18","modified_gmt":"2026-08-10T10:27:18","slug":"niedrigwasser-binnenschifffahrt-warnt-vor-zweiteilung-des-rheins","status":"publish","type":"post","link":"https:\/\/www.europesays.com\/de\/1228089\/","title":{"rendered":"Niedrigwasser: Binnenschifffahrt warnt vor Zweiteilung des Rheins"},"content":{"rendered":"<p class=\"paragraph article__item\">Der Wassermangel im <a class=\"rtr-entity\" href=\"https:\/\/www.zeit.de\/thema\/rhein\" rel=\"nofollow noopener\" target=\"_blank\">Rhein<\/a> \u200bk\u00f6nnte die Transportroute bald im mittleren Flussabschnitt unterbrechen. \u00bbWegen ausbleibender Niederschl\u00e4ge wird im Laufe der Woche an dem f\u00fcr Schifffahrt und Wirtschaft \u200bwichtigen Pegel Kaub erstmals ein nur \u2060noch einstelliger Wert prognostiziert\u00ab, sagte Jens \u200bSchwanen, Gesch\u00e4ftsf\u00fchrer des Bundesverbands der Deutschen Binnenschifffahrt (BDB) der Rheinischen Post. \u00bbIm Prinzip ist der Rhein damit nicht mehr \u200cdurchg\u00e4ngig befahrbar \u2060und damit zweigeteilt.\u00ab\n<\/p>\n<p>  Der aktuelle Pegelstand in Kaub    <\/p>\n<p class=\"duv-pegel-source svelte-vz8gw3\"> Quelle: WSV\/PEGELONLINE, ungepr\u00fcfte Rohdaten<\/p>\n<p class=\"paragraph article__item\">Die gro\u00dfen deutschen Fl\u00fcsse haben wegen der anhaltenden Trockenheit <a href=\"https:\/\/www.zeit.de\/mobilitaet\/2026-08\/schifffahrten-niedrigwasser-rhein-donau-pegelstaende-auswirkungen\" target=\"_blank\" rel=\"nofollow noopener\">an vielen Orten Niedrigwasser<\/a>. Am Rhein wurden am Wochenende in Nordrhein-Westfalen historische Tiefst\u00e4nde gemessen.\n<\/p>\n<p class=\"paragraph article__item\">Der Pegelstand \u200bvon Kaub zwischen Koblenz und Mainz gilt als Referenzwert f\u00fcr die Rheinschifffahrt. Weil die Fahrrinne \u200bin diesem Abschnitt ohnehin relativ flach ist, beobachtet der BDB die dort erwarteten Werte mit besonderer Sorge. \u00bbDie gewerbliche Schifffahrt wird bei derart niedrigen Wasserst\u00e4nden in der Region keinen G\u00fctertransport mehr durchf\u00fchren k\u00f6nnen\u00ab, sagte Schwanen. Das Gleiche gelte f\u00fcr die Ausflugs- und Kreuzfahrtschifffahrt.\n<\/p>\n<p>                        Zwei getrennte Rheinregionen            <\/p>\n<p class=\"paragraph article__item\">Die \u2060Folge w\u00e4ren dem \u200bVerbandsgesch\u00e4ftsf\u00fchrer zufolge zwei getrennte Gebiete. Zwischen den Nordseeh\u00e4fen Amsterdam, Rotterdam, \u200cAntwerpen und der Region K\u00f6ln w\u00e4re noch Schiffsverkehr \u00fcber \u200bden Rhein und das westdeutsche Kanalgebiet m\u00f6glich. \u00bbUnd es gibt weiter s\u00fcdlich Schiffsverkehr an den Nebenfl\u00fcssen Neckar, Mosel, \u200bMain, Main-Donau-Kanal\u00ab, sagte Schwanen. Der Main-Donau-Kanal gilt als international bedeutendes Verbindungsst\u00fcck der Route von und nach S\u00fcdosteuropa und zum Schwarzen Meer.\n<\/p>\n<p>                            \u00a9\u00a0Lea Dohle<\/p>\n<p>\n                                        Newsletter<br \/>\n                                        Was jetzt? \u2013 Der t\u00e4gliche Morgen\u00fcberblick<\/p>\n<p class=\"newsletter-signup__text\">Starten Sie mit unserem kurzen Nachrichten-Newsletter in den Tag. Erhalten Sie zudem freitags das digitale Magazin ZEIT am Wochenende.<\/p>\n<p class=\"newsletter-signup__datapolicy\" hidden=\"\">\n            Mit Ihrer Registrierung nehmen Sie die <a href=\"https:\/\/datenschutz.zeit.de\/zon#Newsletter\" target=\"_blank\" rel=\"nofollow noopener\">Datenschutzerkl\u00e4rung<\/a> zur Kenntnis.\n        <\/p>\n<p>    Vielen Dank! Wir haben Ihnen eine E-Mail geschickt.<\/p>\n<p>Pr\u00fcfen Sie Ihr Postfach und best\u00e4tigen Sie das Newsletter-Abonnement.<\/p>\n<p class=\"paragraph article__item\">Der Gesch\u00e4ftsf\u00fchrer \u200cdes Binnenschifffahrtsverbands begr\u00fc\u00dfte, dass weitere Krisensitzungen mit dem Bundesverkehrsministerium geplant sind. An diesem Montag soll laut Schwanen \u00fcber \u200bden verst\u00e4rkten Einsatz von Stra\u00dfe und Schiene \u200bgesprochen werden.\n<\/p>\n<p class=\"paragraph article__item\">Wegen des anhaltenden Niedrigwassers hatten mehrere Bundesl\u00e4nder bereits das <a href=\"https:\/\/www.zeit.de\/wirtschaft\/2026-08\/niedrigwasser-rhein-lkw-sonn-und-feiertagsfahrverbot-ausnahmeregelung-rheinland-pfalz\" target=\"_blank\" rel=\"nofollow noopener\">Sonn- und Feiertagsfahrverbot f\u00fcr bestimmte Lastwagen gelockert<\/a>. In Nordrhein-Westfalen, Rheinland-Pfalz, Niedersachsen und dem Saarland gilt eine Ausnahmeregelung f\u00fcr Lkw-Transporte von G\u00fctern, die wegen der niedrigen Wasserst\u00e4nde nicht oder nur eingeschr\u00e4nkt per Schiff transportiert werden k\u00f6nnen. Sie sollen stattdessen \u00fcber die Stra\u00dfe ans Ziel gelangen. Die Linke hatte die <a href=\"https:\/\/www.zeit.de\/politik\/deutschland\/2026-08\/niedrigwasser-lkw-fahrverbot-binnenschifffahrt-gruene-linke-bundesregierung\" target=\"_blank\" rel=\"nofollow noopener\">Ma\u00dfnahme kritisiert<\/a>, Politiker der Gr\u00fcnen zeigten teils auch Verst\u00e4ndnis.\n<\/p>\n<p>Mehr zum Thema<\/p>\n<p>            Niedrigwasser        <\/p>\n<p>                <a href=\"https:\/\/www.zeit.de\/mobilitaet\/2026-08\/schifffahrten-niedrigwasser-rhein-donau-pegelstaende-auswirkungen\" data-ct-label=\"Schifffahrten bei Niedrigwasser: So niedrig steht das Wasser in Donau, Elbe und Rhein\" data-uuid=\"7753e7f6-944e-4efd-821f-9255bc0c92a1\" rel=\"nofollow noopener\" target=\"_blank\"><\/p>\n<p>        Z+ (abopflichtiger Inhalt);<\/p>\n<p>    Schifffahrten bei Niedrigwasser:<br \/>\n                        So niedrig steht das Wasser in Donau, Elbe und Rhein<\/p>\n<p>                <\/a><\/p>\n<p>                <a href=\"https:\/\/www.zeit.de\/politik\/deutschland\/2026-08\/wasser-knappheit-deutschland-hitze-umweltforschung-markus-weitere\" data-ct-label=\"Wasser in Deutschland: \u00bbWir haben ein Problem mit der Verteilung von Wasser\u00ab\" data-uuid=\"7e2d6720-95e2-4078-a0b8-c295011ca9fa\" rel=\"nofollow noopener\" target=\"_blank\"><\/p>\n<p>        Z+ (abopflichtiger Inhalt);<\/p>\n<p>    Wasser in Deutschland:<br \/>\n                        \u00bbWir haben ein Problem mit der Verteilung von Wasser\u00ab<\/p>\n<p>                <\/a><\/p>\n","protected":false},"excerpt":{"rendered":"Der Wassermangel im Rhein \u200bk\u00f6nnte die Transportroute bald im mittleren Flussabschnitt unterbrechen. \u00bbWegen ausbleibender Niederschl\u00e4ge wird im Laufe&hellip;\n","protected":false},"author":2,"featured_media":1228090,"comment_status":"","ping_status":"","sticky":false,"template":"","format":"standard","meta":{"footnotes":"","_share_on_mastodon":"0"},"categories":[5],"tags":[331,332,49503,3364,29,30,13,2776,14,15,6401,16,5206,5226,12],"class_list":["post-1228089","post","type-post","status-publish","format-standard","has-post-thumbnail","category-nachrichten","tag-aktuelle-nachrichten","tag-aktuelle-news","tag-binnenschifffahrt","tag-de","tag-deutschland","tag-germany","tag-headlines","tag-logistik","tag-nachrichten","tag-news","tag-niedrigwasser","tag-politik","tag-rhein","tag-schifffahrt","tag-schlagzeilen"],"share_on_mastodon":{"url":"https:\/\/pubeurope.com\/@de\/117070741392872056","error":""},"_links":{"self":[{"href":"https:\/\/www.europesays.com\/de\/wp-json\/wp\/v2\/posts\/1228089","targetHints":{"allow":["GET"]}}],"collection":[{"href":"https:\/\/www.europesays.com\/de\/wp-json\/wp\/v2\/posts"}],"about":[{"href":"https:\/\/www.europesays.com\/de\/wp-json\/wp\/v2\/types\/post"}],"author":[{"embeddable":true,"href":"https:\/\/www.europesays.com\/de\/wp-json\/wp\/v2\/users\/2"}],"replies":[{"embeddable":true,"href":"https:\/\/www.europesays.com\/de\/wp-json\/wp\/v2\/comments?post=1228089"}],"version-history":[{"count":0,"href":"https:\/\/www.europesays.com\/de\/wp-json\/wp\/v2\/posts\/1228089\/revisions"}],"wp:featuredmedia":[{"embeddable":true,"href":"https:\/\/www.europesays.com\/de\/wp-json\/wp\/v2\/media\/1228090"}],"wp:attachment":[{"href":"https:\/\/www.europesays.com\/de\/wp-json\/wp\/v2\/media?parent=1228089"}],"wp:term":[{"taxonomy":"category","embeddable":true,"href":"https:\/\/www.europesays.com\/de\/wp-json\/wp\/v2\/categories?post=1228089"},{"taxonomy":"post_tag","embeddable":true,"href":"https:\/\/www.europesays.com\/de\/wp-json\/wp\/v2\/tags?post=1228089"}],"curies":[{"name":"wp","href":"https:\/\/api.w.org\/{rel}","templated":true}]}}