{"id":1228268,"date":"2026-08-10T12:18:18","date_gmt":"2026-08-10T12:18:18","guid":{"rendered":"https:\/\/www.europesays.com\/de\/1228268\/"},"modified":"2026-08-10T12:18:18","modified_gmt":"2026-08-10T12:18:18","slug":"duesseldorf-feuerwehr-rettet-drei-katzen-aus-brennender-wohnung","status":"publish","type":"post","link":"https:\/\/www.europesays.com\/de\/1228268\/","title":{"rendered":"D\u00fcsseldorf: Feuerwehr rettet drei Katzen aus brennender Wohnung"},"content":{"rendered":"<p>Einsatz mit Happy End <\/p>\n<p>Feuerwehr rettet drei Katzen aus brennender Wohnung<\/p>\n<p>10.08.2026 &#8211; 14:10 UhrLesedauer: 1 Min.<\/p>\n<p><a href=\"#focus-0\" class=\"transition-colors block text-current relative\" data-sctrack=\"FocusGalleryImage.Reference\"><img fetchpriority=\"high\" data-testid=\"Opener.Image\"   loading=\"eager\" src=\"https:\/\/www.europesays.com\/de\/wp-content\/uploads\/2026\/08\/wohnungsbrand-09-062025-chemnitz-paul-bertz-str-montag-morgen-wurden-feuerwehr-rettungsdienst-und-po.jpeg\" alt=\"imago images 0821939573\" title=\"imago images 0821939573\" width=\"4000\" height=\"2250\" class=\"bg-[url:var(--lqipURL)] bg-cover bg-center flex h-full w-full max-w-full\" style=\"--lqipURL:url('https:\/\/images.t-online.de\/2025\/09\/dyJ1GJuQ-l3z\/0x118:4000x2250\/fit-in\/150x0\/filters:blur(25)\/wohnungsbrand-09-062025-chemnitz-paul-bertz-str-montag-morgen-wurden-feuerwehr-rettungsdienst-und-polizei-gegen-8-uhr-auf-die-paul-bertz-str-gerufen-dort-war-in-einem-mehrfamilienhaus-im-5-og-in-einer-wohnung-ein-feuer-ausgebrochen-bei-eintreffen-der-feuerwehr-schlugen-die-flammen-bereits-aus-einem-fenster-und-drohten-auf-das-dach-und-die-fassade-ueberzugreifen-dank-des-schnellen-loeschens-der-feuerwehr-konnte-eine-katastrophe-verhindert-werden-mehrere-personen-konnten-die-wohnung-noch-gerade-rech.jpg')\" decoding=\"async\"\/><img loading=\"lazy\" src=\"https:\/\/duesseldorf.t-online.de\/s\/paper\/_next\/static\/media\/zoom-in.f7dae02f.svg\" alt=\"Vergr\u00f6\u00dfern des Bildes\" title=\"Vergr\u00f6\u00dfern des Bildes\" class=\"block h-[calc(var(--height)_\/_16_*_1rem)] w-[calc(var(--width)_\/_16_*_1rem)] max-w-none absolute right-8 bottom-8 rounded-4 bg-snow p-8\" style=\"--width:32;--height:32\" decoding=\"async\"\/><\/a><\/p>\n<p>Feuerwehrmann mit einer Katze (Archivbild): In D\u00fcsseldorf wurden die Einsatzkr\u00e4fte auch zu Tierrettern. (Quelle: IMAGO\/imago)<\/p>\n<p><img loading=\"lazy\" src=\"https:\/\/duesseldorf.t-online.de\/s\/paper\/_next\/static\/media\/audio-volume.6689034c.svg\" alt=\"\" title=\"\" class=\"block h-[calc(var(--height)_\/_16_*_1rem)] w-[calc(var(--width)_\/_16_*_1rem)] max-w-none group-hover:brightness-0 group-hover:invert\" style=\"--width:16;--height:16\" decoding=\"async\"\/>Vorlesen<\/p>\n<p>Aktuelle Zeit:0:00Gesamtdauer:0:00<\/p>\n<p>1x<\/p>\n<p class=\"text-center\">Jetzt neu bei t-online:<\/p>\n<p class=\"text-center\">Schriftgr\u00f6\u00dfe anpassen!<\/p>\n<p><img loading=\"lazy\" src=\"https:\/\/duesseldorf.t-online.de\/s\/paper\/_next\/static\/media\/font-sizes.32942e33.svg\" alt=\"\" title=\"\" class=\"block h-[calc(var(--height)_\/_16_*_1rem)] w-[calc(var(--width)_\/_16_*_1rem)] max-w-none group-hover:hidden group-aria-expanded:hidden\" style=\"--width:16;--height:16\" decoding=\"async\"\/><img loading=\"lazy\" src=\"https:\/\/duesseldorf.t-online.de\/s\/paper\/_next\/static\/media\/font-sizes-dark-mode.e382645c.svg\" alt=\"\" title=\"\" class=\"block h-[calc(var(--height)_\/_16_*_1rem)] w-[calc(var(--width)_\/_16_*_1rem)] max-w-none hidden group-hover:block group-aria-expanded:block\" style=\"--width:16;--height:16\" decoding=\"async\"\/><img loading=\"lazy\" src=\"https:\/\/duesseldorf.t-online.de\/s\/paper\/_next\/static\/media\/sharing-menu-icon.1eb71368.svg\" alt=\"\" title=\"\" class=\"block h-[calc(var(--height)_\/_16_*_1rem)] w-[calc(var(--width)_\/_16_*_1rem)] max-w-none group-hover:brightness-0 group-hover:invert\" style=\"--width:16;--height:16\" decoding=\"async\"\/>Artikel teilen<\/p>\n<p class=\"font-bold text-18 leading-17 user-text-lg:text-22 user-text-xl:text-24\">In D\u00fcsseldorf bricht ein Feuer in einem Mehrfamilienhaus aus. F\u00fcnf Menschen entkommen unverletzt \u2013 auch drei weitere Mitbewohner haben Gl\u00fcck.<\/p>\n<p class=\"text-18 leading-17 user-text-lg:text-22 user-text-xl:text-24\">Ein Zimmerbrand im ersten Obergeschoss eines Mehrfamilienhauses hielt die D\u00fcsseldorfer Feuerwehr am Freitagabend (7. August) in Atem. F\u00fcnf Menschen blieben unverletzt \u2013 die Brandursache ist noch ungekl\u00e4rt.<\/p>\n<p class=\"text-18 leading-17 user-text-lg:text-22 user-text-xl:text-24\">Als die Feuerwehr um 17.42 Uhr an der Von-Gahlen-Stra\u00dfe in Gerresheim eintraf, drang dichter Rauch aus einem Wohnungsfenster im ersten Obergeschoss. Der Treppenraum war bereits verraucht, zwei Erwachsene und zwei Kinder hatten die Brandwohnung zu diesem Zeitpunkt schon verlassen. Ein Bewohner aus einer Nachbarwohnung rettete sich mithilfe von Anwohnern \u00fcber den Balkon.<\/p>\n<ul class=\"text-18 leading-17 block pl-24 *:pb-16 *:before:inline-block *:before:size-8 *:before:bg-magenta *:before:mt-0 *:before:mr-12 *:before:mb-2 *:before:-ml-[20px]\">\n<li><strong class=\"font-bold\">D\u00fcsseldorf:<\/strong> <a href=\"https:\/\/duesseldorf.t-online.de\/region\/duesseldorf\/id_101381860\/duesseldorf-feuerwehr-rueckt-zu-schwimmbad-in-bilk-aus-chemische-reaktion.html\" class=\"transition-colors cursor-pointer no-underline md:hover:text-magenta md:focus:text-magenta border-b border-solid border-current text-salemsfur md:hover:border-magenta\" data-tracking=\"{&quot;action&quot;:&quot;click&quot;,&quot;category&quot;:&quot;intextLink&quot;,&quot;label&quot;:&quot;\/region\/duesseldorf\/id_101381860\/duesseldorf-feuerwehr-rueckt-zu-schwimmbad-in-bilk-aus-chemische-reaktion.html&quot;}\" data-sctrack=\"BodyAnchor\" rel=\"nofollow noopener\" target=\"_blank\">Chemische Reaktion im Bilker Schwimmbad l\u00f6st Einsatz aus<\/a><\/li>\n<li><strong class=\"font-bold\">D\u00fcsseldorf:<\/strong> <a href=\"https:\/\/duesseldorf.t-online.de\/region\/duesseldorf\/id_101381776\/altstadt-duesseldorf-opfer-schwebt-nach-schlaegerei-in-lebensgefahr.html\" class=\"transition-colors cursor-pointer no-underline md:hover:text-magenta md:focus:text-magenta border-b border-solid border-current text-salemsfur md:hover:border-magenta\" data-tracking=\"{&quot;action&quot;:&quot;click&quot;,&quot;category&quot;:&quot;intextLink&quot;,&quot;label&quot;:&quot;\/region\/duesseldorf\/id_101381776\/altstadt-duesseldorf-opfer-schwebt-nach-schlaegerei-in-lebensgefahr.html&quot;}\" data-sctrack=\"BodyAnchor\" rel=\"nofollow noopener\" target=\"_blank\">Streit in der Altstadt auf Russisch eskaliert \u2013 Mann in Lebensgefahr<\/a><\/li>\n<\/ul>\n<p>Brand in D\u00fcsseldorf: Feuerwehr rettet drei Katzen<\/p>\n<p class=\"text-18 leading-17 user-text-lg:text-22 user-text-xl:text-24\">Die Flammen waren nach Angaben der Feuerwehr innerhalb weniger Minuten unter Kontrolle. Aus der Wohnung retteten die Einsatzkr\u00e4fte drei Katzen und brachten sie ins Freie. Die Besitzer suchten anschlie\u00dfend eigenst\u00e4ndig einen Tierarzt auf.<\/p>\n<p class=\"text-18 leading-17 user-text-lg:text-22 user-text-xl:text-24\">Nach dem L\u00f6schen kontrollierten die Einsatzkr\u00e4fte die angrenzenden Wohnungen. Eine Ausbreitung des Feuers konnte ausgeschlossen werden. Die Wohnung ist zurzeit nicht mehr bewohnbar, die Mieter kamen bei Angeh\u00f6rigen unter. Die Polizei ermittelt zur Brandursache.<\/p>\n","protected":false},"excerpt":{"rendered":"Einsatz mit Happy End Feuerwehr rettet drei Katzen aus brennender Wohnung 10.08.2026 &#8211; 14:10 UhrLesedauer: 1 Min. Feuerwehrmann&hellip;\n","protected":false},"author":2,"featured_media":1228269,"comment_status":"","ping_status":"","sticky":false,"template":"","format":"standard","meta":{"footnotes":"","_share_on_mastodon":"0"},"categories":[1831],"tags":[722,17161,2919,3364,29,3405,2540,987,985,3401,30,11069,2485,1209,6582],"class_list":["post-1228268","post","type-post","status-publish","format-standard","has-post-thumbnail","category-duesseldorf","tag-722","tag-17161","tag-brand","tag-de","tag-deutschland","tag-duesseldorf","tag-einsatzkraft","tag-feuer","tag-feuerwehr","tag-feuerwehreinsatz","tag-germany","tag-gerresheim","tag-katze","tag-nordrhein-westfalen","tag-zimmerbrand"],"share_on_mastodon":{"url":"https:\/\/pubeurope.com\/@de\/117071178286800951","error":""},"_links":{"self":[{"href":"https:\/\/www.europesays.com\/de\/wp-json\/wp\/v2\/posts\/1228268","targetHints":{"allow":["GET"]}}],"collection":[{"href":"https:\/\/www.europesays.com\/de\/wp-json\/wp\/v2\/posts"}],"about":[{"href":"https:\/\/www.europesays.com\/de\/wp-json\/wp\/v2\/types\/post"}],"author":[{"embeddable":true,"href":"https:\/\/www.europesays.com\/de\/wp-json\/wp\/v2\/users\/2"}],"replies":[{"embeddable":true,"href":"https:\/\/www.europesays.com\/de\/wp-json\/wp\/v2\/comments?post=1228268"}],"version-history":[{"count":0,"href":"https:\/\/www.europesays.com\/de\/wp-json\/wp\/v2\/posts\/1228268\/revisions"}],"wp:featuredmedia":[{"embeddable":true,"href":"https:\/\/www.europesays.com\/de\/wp-json\/wp\/v2\/media\/1228269"}],"wp:attachment":[{"href":"https:\/\/www.europesays.com\/de\/wp-json\/wp\/v2\/media?parent=1228268"}],"wp:term":[{"taxonomy":"category","embeddable":true,"href":"https:\/\/www.europesays.com\/de\/wp-json\/wp\/v2\/categories?post=1228268"},{"taxonomy":"post_tag","embeddable":true,"href":"https:\/\/www.europesays.com\/de\/wp-json\/wp\/v2\/tags?post=1228268"}],"curies":[{"name":"wp","href":"https:\/\/api.w.org\/{rel}","templated":true}]}}