{"id":1228312,"date":"2026-08-10T12:43:21","date_gmt":"2026-08-10T12:43:21","guid":{"rendered":"https:\/\/www.europesays.com\/de\/1228312\/"},"modified":"2026-08-10T12:43:21","modified_gmt":"2026-08-10T12:43:21","slug":"mohamed-ali-zoma-vom-nobody-zum-super-stuermer-sport","status":"publish","type":"post","link":"https:\/\/www.europesays.com\/de\/1228312\/","title":{"rendered":"Mohamed Ali Zoma: Vom Nobody zum Super-St\u00fcrmer | Sport"},"content":{"rendered":"<p><a class=\"skip-content skip-content--link\" href=\"#in-content-skip-link-target-v-0-0\">TTS-Player \u00fcberspringen\u21b5<\/a><a id=\"in-content-skip-link-target-v-0-0\" class=\"skip-content--target-link-hidden skip-content skip-content--target-link\" href=\"#in-content-skip-link-target-v-0-0\">Artikel weiterlesen<\/a><\/p>\n<p data-21134c99=\"0-2518\">N\u00fcrnberg<b> \u2013 Den Spielball nahm er als besonderes Andenken mit nach Hause. Dem N\u00fcrnberger St\u00fcrmer Mohamed Ali Zoma (22) war beim 3:0 zum Zweitliga-Auftakt gegen Dynamo Dresden sein zweiter Dreierpack in Deutschland gelungen.<\/b><\/p>\n<p>Mehr zum Thema<\/p>\n<p data-21134c99=\"0-2518\">Vor der vergangenen Saison 2025\/26 war N\u00fcrnbergs neuer Superstar als absoluter Nobody vom italienischen Drittliga-Klub AlbinoLeffe zum 1. FCN gekommen. Nicht wenige hatten den Transfer deshalb bel\u00e4chelt. Vor allem, weil die Verpflichtung damals mit rund 800 000 Euro alles andere als billig war. In dieser Saison betr\u00e4gt der Marktwert des Italieners schon rund acht\u00a0Millionen Euro, und l\u00e4ngst lacht niemand mehr. Die Club-Bosse hatten unl\u00e4ngst die Schmerzgrenze f\u00fcr einen Verkauf Zomas sogar auf 20 Millionen Euro geschraubt.<\/p>\n<p>Zoma wei\u00df, was er an N\u00fcrnberg hat <\/p>\n<p data-21134c99=\"0-2518\">In Anbetracht des Alters und der Qualit\u00e4ten Zomas kein Fabelpreis. Doch wie schaffte es Zoma \u00fcberhaupt, sich binnen eines Jahres so stark zu entwickeln? Dazu sagte der St\u00fcrmer selbst: \u201eIch habe meine Art, Fu\u00dfball zu spielen komplett ver\u00e4ndert. In Italien habe ich noch anders gespielt. Ich habe die 2. Liga vorher genau studiert und bin gekommen, um meine Qualit\u00e4t zu steigern.\u201c Gesagt, getan. Was Zoma meint: Er hat viel an seinem ersten Kontakt, der An- und Mitnahme des Balls, sowie seiner Technik gearbeitet. In der dritten italienischen Liga gen\u00fcgte es noch, extrem schnell zu sein. Das ist jetzt anders. Bemerkenswert: Trotz seines Tempos bleibt Zoma vor dem Tor pr\u00e4zise.<\/p>\n<p data-21134c99=\"0-2518\">Zoma: \u201eDas hat sicher auch viel mit Selbstbewusstsein zu tun. Als ich hierhergekommen bin, war alles neu f\u00fcr mich. Wir haben im Training viel an den Abl\u00e4ufen gearbeitet. Das hilft mir jetzt enorm.\u201c  Zudem ist das Angriffsspiel der N\u00fcrnberger Mannschaft wie auf ihn zugeschnitten: \u201eIch sp\u00fcre das Vertrauen der gesamten Mannschaft und daraus ziehe ich eine Menge Selbstvertrauen. Ich denke, das ist wichtig\u201c, sagt der Torj\u00e4ger.<\/p>\n<p data-21134c99=\"0-2518\">Und genau das ist vielleicht das gr\u00f6\u00dfte Faustpfand des 1. FCN, um seinen St\u00fcrmerstar (letzte Saison schon 10 Treffer) zumindest noch in dieser Saison halten zu k\u00f6nnen. Trainer Miroslav Klose (48): \u201eIch bin da optimistisch und guter Dinge. Der Junge wei\u00df, dass er noch nicht fertig ist. Er hat es sehr, sehr gut gemacht, jetzt soll er das Jahr best\u00e4tigen. Dann kann alles passieren. Ich bin da total entspannt. Ich wei\u00df, dass es sehr schnell gehen kann, aber wir haben viele Gespr\u00e4che gef\u00fchrt. Es zeigt, dass der Junge vern\u00fcnftig ist.\u201c<\/p>\n<p data-21134c99=\"0-2518\">Die Fans k\u00f6nnen jedenfalls auf noch mehr Tore von Super-Zoma im Club-Trikot hoffen.<\/p>\n","protected":false},"excerpt":{"rendered":"TTS-Player \u00fcberspringen\u21b5Artikel weiterlesen N\u00fcrnberg \u2013 Den Spielball nahm er als besonderes Andenken mit nach Hause. Dem N\u00fcrnberger St\u00fcrmer&hellip;\n","protected":false},"author":2,"featured_media":1228313,"comment_status":"","ping_status":"","sticky":false,"template":"","format":"standard","meta":{"footnotes":"","_share_on_mastodon":"0"},"categories":[136],"tags":[783,5876,29,347,30,786,803,877,265,1470,8736,127215,784],"class_list":["post-1228312","post","type-post","status-publish","format-standard","has-post-thumbnail","category-sport","tag-1-fc-nuernberg","tag-aufstieg","tag-deutschland","tag-fussball","tag-germany","tag-klose-miroslav","tag-spielertransfer","tag-spobi-2-liga","tag-sport","tag-sport-leuchtturm-muenchen","tag-tor","tag-zoma-mohamed-ali","tag-zweite-bundesliga"],"share_on_mastodon":{"url":"https:\/\/pubeurope.com\/@de\/117071276288818916","error":""},"_links":{"self":[{"href":"https:\/\/www.europesays.com\/de\/wp-json\/wp\/v2\/posts\/1228312","targetHints":{"allow":["GET"]}}],"collection":[{"href":"https:\/\/www.europesays.com\/de\/wp-json\/wp\/v2\/posts"}],"about":[{"href":"https:\/\/www.europesays.com\/de\/wp-json\/wp\/v2\/types\/post"}],"author":[{"embeddable":true,"href":"https:\/\/www.europesays.com\/de\/wp-json\/wp\/v2\/users\/2"}],"replies":[{"embeddable":true,"href":"https:\/\/www.europesays.com\/de\/wp-json\/wp\/v2\/comments?post=1228312"}],"version-history":[{"count":0,"href":"https:\/\/www.europesays.com\/de\/wp-json\/wp\/v2\/posts\/1228312\/revisions"}],"wp:featuredmedia":[{"embeddable":true,"href":"https:\/\/www.europesays.com\/de\/wp-json\/wp\/v2\/media\/1228313"}],"wp:attachment":[{"href":"https:\/\/www.europesays.com\/de\/wp-json\/wp\/v2\/media?parent=1228312"}],"wp:term":[{"taxonomy":"category","embeddable":true,"href":"https:\/\/www.europesays.com\/de\/wp-json\/wp\/v2\/categories?post=1228312"},{"taxonomy":"post_tag","embeddable":true,"href":"https:\/\/www.europesays.com\/de\/wp-json\/wp\/v2\/tags?post=1228312"}],"curies":[{"name":"wp","href":"https:\/\/api.w.org\/{rel}","templated":true}]}}