{"id":1228318,"date":"2026-08-10T12:46:20","date_gmt":"2026-08-10T12:46:20","guid":{"rendered":"https:\/\/www.europesays.com\/de\/1228318\/"},"modified":"2026-08-10T12:46:20","modified_gmt":"2026-08-10T12:46:20","slug":"versicherer-verschwindet-vom-markt-das-aendert-sich-fuer-kunden","status":"publish","type":"post","link":"https:\/\/www.europesays.com\/de\/1228318\/","title":{"rendered":"Versicherer verschwindet vom Markt: Das \u00e4ndert sich f\u00fcr Kunden"},"content":{"rendered":"<p>Pl\u00e4ne gescheitert <\/p>\n<p>Versicherer verschwindet vom Markt<\/p>\n<p>10.08.2026 &#8211; 13:24 UhrLesedauer: 2 Min.<\/p>\n<p><a href=\"#focus-0\" class=\"transition-colors block text-current relative\" data-sctrack=\"FocusGalleryImage.Reference\"><img fetchpriority=\"high\" data-testid=\"Opener.Image\"   loading=\"eager\" src=\"https:\/\/www.europesays.com\/de\/wp-content\/uploads\/2026\/08\/zentrale-der-devk-versicherungen-der-koelner-versicherer-verschmilzt-seine-tochter-freeyou-auf-sich..jpeg\" alt=\"Zentrale der DEVK Versicherungen: Der K\u00f6lner Versicherer verschmilzt seine Tochter Freeyou auf sich.\" title=\"Zentrale der DEVK Versicherungen: Der K\u00f6lner Versicherer verschmilzt seine Tochter Freeyou auf sich.\" width=\"5254\" height=\"2955\" class=\"bg-[url:var(--lqipURL)] bg-cover bg-center flex h-full w-full max-w-full\" style=\"--lqipURL:url('https:\/\/images.t-online.de\/2026\/08\/oJrOSSyrDU67\/0x274:5254x2955\/fit-in\/150x0\/filters:blur(25)\/zentrale-der-devk-versicherungen-der-koelner-versicherer-verschmilzt-seine-tochter-freeyou-auf-sich.jpg')\" decoding=\"async\"\/><img loading=\"lazy\" src=\"https:\/\/www.t-online.de\/s\/paper\/_next\/static\/media\/zoom-in.f7dae02f.svg\" alt=\"Vergr\u00f6\u00dfern des Bildes\" title=\"Vergr\u00f6\u00dfern des Bildes\" class=\"block h-[calc(var(--height)_\/_16_*_1rem)] w-[calc(var(--width)_\/_16_*_1rem)] max-w-none absolute right-8 bottom-8 rounded-4 bg-snow p-8\" style=\"--width:32;--height:32\" decoding=\"async\"\/><\/a><\/p>\n<p>Zentrale der DEVK Versicherungen: Der K\u00f6lner Versicherer gliedert seine Tochter Freeyou ein. (Quelle: IMAGO\/imageBROKER\/Karl F. Sch\u00f6fmann\/imago)<\/p>\n<p><img loading=\"lazy\" src=\"https:\/\/www.t-online.de\/s\/paper\/_next\/static\/media\/audio-volume.6689034c.svg\" alt=\"\" title=\"\" class=\"block h-[calc(var(--height)_\/_16_*_1rem)] w-[calc(var(--width)_\/_16_*_1rem)] max-w-none group-hover:brightness-0 group-hover:invert\" style=\"--width:16;--height:16\" decoding=\"async\"\/>Vorlesen<\/p>\n<p>Aktuelle Zeit:0:00Gesamtdauer:0:00<\/p>\n<p>1x<\/p>\n<p class=\"text-center\">Jetzt neu bei t-online:<\/p>\n<p class=\"text-center\">Schriftgr\u00f6\u00dfe anpassen!<\/p>\n<p><img loading=\"lazy\" src=\"https:\/\/www.t-online.de\/s\/paper\/_next\/static\/media\/font-sizes.32942e33.svg\" alt=\"\" title=\"\" class=\"block h-[calc(var(--height)_\/_16_*_1rem)] w-[calc(var(--width)_\/_16_*_1rem)] max-w-none group-hover:hidden group-aria-expanded:hidden\" style=\"--width:16;--height:16\" decoding=\"async\"\/><img loading=\"lazy\" src=\"https:\/\/www.t-online.de\/s\/paper\/_next\/static\/media\/font-sizes-dark-mode.e382645c.svg\" alt=\"\" title=\"\" class=\"block h-[calc(var(--height)_\/_16_*_1rem)] w-[calc(var(--width)_\/_16_*_1rem)] max-w-none hidden group-hover:block group-aria-expanded:block\" style=\"--width:16;--height:16\" decoding=\"async\"\/><img loading=\"lazy\" src=\"https:\/\/www.t-online.de\/s\/paper\/_next\/static\/media\/sharing-menu-icon.1eb71368.svg\" alt=\"\" title=\"\" class=\"block h-[calc(var(--height)_\/_16_*_1rem)] w-[calc(var(--width)_\/_16_*_1rem)] max-w-none group-hover:brightness-0 group-hover:invert\" style=\"--width:16;--height:16\" decoding=\"async\"\/>Artikel teilen<\/p>\n<p class=\"font-bold text-18 leading-17 user-text-lg:text-22 user-text-xl:text-24\">Mit eigenen Digitalt\u00f6chtern wollten Versicherer einiges anders machen, doch in vielen F\u00e4llen blieb der wirtschaftliche Erfolg aus. Nun stellt ein weiteres Unternehmen den Betrieb ein.<\/p>\n<p class=\"text-18 leading-17 user-text-lg:text-22 user-text-xl:text-24\">Das Schicksal von Freeyou Insurance ist entschieden: Die DEVK, hundertprozentige Besitzerin des Digitalversicherers, hat entschieden, das 2010 \u00fcbernommene Unternehmen vollst\u00e4ndig mit sich zu verschmelzen. Einen entsprechenden Antrag hat nun die deutsche Finanzaufsicht Bafin genehmigt.<\/p>\n<p class=\"text-18 leading-17 user-text-lg:text-22 user-text-xl:text-24\">Damit begr\u00e4bt ein weiterer Versicherer seine Pl\u00e4ne, ein digitalaffines Publikum mit g\u00fcnstigen Preisen, viel Flexibilit\u00e4t und dem Verzicht auf Papierkorrespondenz f\u00fcr sich zu gewinnen. Denn der wirtschaftliche Erfolg blieb aus. Bereits 2024 hatte sich der Versicherer aus dem Gesch\u00e4ft mit Kfz-Versicherungen zur\u00fcckgezogen, zu hoch waren die Verluste gewesen, die die Unternehmensmutter DEVK \u00fcbernehmen musste.<\/p>\n<p class=\"text-18 leading-17 user-text-lg:text-22 user-text-xl:text-24\">Stattdessen wollte das Unternehmen auf innovative Angebote fernab des Kfz-Gesch\u00e4fts setzen. Geplant waren unter anderem eine Mobilit\u00e4tsversicherung und eine Cyberversicherung. Doch auch diese Pl\u00e4ne zerschlugen sich schnell wieder. Im vergangenen Jahr gab das Unternehmen mehrere Lizenzen f\u00fcr verschiedene Versicherungssparten an die Bafin zur\u00fcck, neue Vertr\u00e4ge wurden nicht mehr verkauft.<\/p>\n<p>Versicherer verschwindet: Das \u00e4ndert sich f\u00fcr Kunden<\/p>\n<p class=\"text-18 leading-17 user-text-lg:text-22 user-text-xl:text-24\">Nun folgt der Schlussstrich. Alle bestehenden Vertr\u00e4ge \u2013 dabei handelt es sich vorwiegend um Reparaturkostenversicherungen \u2013 werden nun auf die DEVK \u00fcbertragen. Dies teilte eine DEVK-Sprecherin auf Nachfrage mit. Alle Kunden sollen \u00fcber die \u00c4nderung informiert werden.<\/p>\n<ul class=\"text-18 leading-17 block pl-24 *:pb-16 *:before:inline-block *:before:size-8 *:before:bg-magenta *:before:mt-0 *:before:mr-12 *:before:mb-2 *:before:-ml-[20px]\">\n<li><strong class=\"font-bold\">Neue Strategie:<\/strong> <a href=\"https:\/\/www.t-online.de\/finanzen\/ratgeber\/versicherungen\/id_101346554\/neodigital-versicherer-verkauft-400000-vertraege-an-adam-riese.html\" class=\"transition-colors cursor-pointer no-underline md:hover:text-magenta md:focus:text-magenta border-b border-solid border-current text-salemsfur md:hover:border-magenta\" data-tracking=\"{&quot;action&quot;:&quot;click&quot;,&quot;category&quot;:&quot;intextLink&quot;,&quot;label&quot;:&quot;\/finanzen\/ratgeber\/versicherungen\/id_101346554\/neodigital-versicherer-verkauft-400000-vertraege-an-adam-riese.html&quot;}\" data-sctrack=\"BodyAnchor\" rel=\"nofollow noopener\" target=\"_blank\">Versicherer verkauft Hunderttausende Vertr\u00e4ge<\/a><\/li>\n<\/ul>\n<p class=\"text-18 leading-17 user-text-lg:text-22 user-text-xl:text-24\">Bereits gemeldete Sch\u00e4den w\u00fcrden ordnungsgem\u00e4\u00df bearbeitet, hei\u00dft es weiter. Den Versicherten w\u00fcrden keine Nachteile entstehen. Wie viele Vertr\u00e4ge Freeyou Insurance zuletzt noch betreute, wollte das Unternehmen nicht mitteilen.<\/p>\n<p class=\"text-18 leading-17 user-text-lg:text-22 user-text-xl:text-24\">Auch bei anderen Unternehmen erf\u00fcllten sich die Pl\u00e4ne in Bezug auf die eigenen Digitalversicherer nicht. So verkaufte die Baloise ihren vorwiegend auf Kfz-Versicherungen spezialisierten Digitalversicherer Friday nach hohen Verlusten schlie\u00dflich an die <a href=\"https:\/\/www.t-online.de\/finanzen\/boerse\/aktien\/allianz-aktie\/de0008404005\/\" class=\"transition-colors cursor-pointer no-underline md:hover:text-magenta md:focus:text-magenta border-b border-solid border-current text-salemsfur md:hover:border-magenta\" data-tracking=\"{&quot;action&quot;:&quot;click&quot;,&quot;category&quot;:&quot;intextLink&quot;,&quot;label&quot;:&quot;\/finanzen\/boerse\/aktien\/allianz-aktie\/de0008404005\/&quot;}\" data-sctrack=\"BodyAnchor\" rel=\"nofollow noopener\" target=\"_blank\">Allianz<\/a>. Nexible, der Digitalversicherer der Ergo, stellte das Gesch\u00e4ft mit Kfz-Versicherungen bereits 2022 ein \u2013 auch hier hatten sich die Erwartungen nicht erf\u00fcllt.<\/p>\n<p>Hart umk\u00e4mpfter Markt<\/p>\n<p class=\"text-18 leading-17 user-text-lg:text-22 user-text-xl:text-24\">Das Gesch\u00e4ft mit Kfz-Versicherungen gilt in Deutschland als stark umk\u00e4mpft. Aufgrund hoher Rabatte, mit denen Kunden geworben werden sollen, und hoher Leistungszahlungen rutschten viele Versicherer in den vergangenen Jahren tief in die roten Zahlen. In den Jahren 2023 und 2024 machten die Unternehmen mit dem Kfz-Gesch\u00e4ft Verluste von f\u00fcnf Milliarden Euro. Viele Unternehmen erh\u00f6hten darum zuletzt stark die Versicherungspr\u00e4mien. Andere zogen sich aus dem Gesch\u00e4ft zur\u00fcck \u2013 mit Freeyou ist nun ein weiterer Anbieter vom deutschen Markt verschwunden.<\/p>\n","protected":false},"excerpt":{"rendered":"Pl\u00e4ne gescheitert Versicherer verschwindet vom Markt 10.08.2026 &#8211; 13:24 UhrLesedauer: 2 Min. Zentrale der DEVK Versicherungen: Der K\u00f6lner&hellip;\n","protected":false},"author":2,"featured_media":1228319,"comment_status":"","ping_status":"","sticky":false,"template":"","format":"standard","meta":{"footnotes":"","_share_on_mastodon":"0"},"categories":[134],"tags":[1593,96257,175,170,169,29,7248,172070,30,171,174,173,172],"class_list":["post-1228318","post","type-post","status-publish","format-standard","has-post-thumbnail","category-unternehmen-maerkte","tag-1593","tag-bundesanstalt-fuer-finanzdienstleistungsaufsicht","tag-business","tag-companies","tag-companies-markets","tag-deutschland","tag-devk","tag-finanzaufsicht","tag-germany","tag-markets","tag-maerkte","tag-unternehmen","tag-unternehmen-maerkte"],"share_on_mastodon":{"url":"https:\/\/pubeurope.com\/@de\/117071290501677152","error":""},"_links":{"self":[{"href":"https:\/\/www.europesays.com\/de\/wp-json\/wp\/v2\/posts\/1228318","targetHints":{"allow":["GET"]}}],"collection":[{"href":"https:\/\/www.europesays.com\/de\/wp-json\/wp\/v2\/posts"}],"about":[{"href":"https:\/\/www.europesays.com\/de\/wp-json\/wp\/v2\/types\/post"}],"author":[{"embeddable":true,"href":"https:\/\/www.europesays.com\/de\/wp-json\/wp\/v2\/users\/2"}],"replies":[{"embeddable":true,"href":"https:\/\/www.europesays.com\/de\/wp-json\/wp\/v2\/comments?post=1228318"}],"version-history":[{"count":0,"href":"https:\/\/www.europesays.com\/de\/wp-json\/wp\/v2\/posts\/1228318\/revisions"}],"wp:featuredmedia":[{"embeddable":true,"href":"https:\/\/www.europesays.com\/de\/wp-json\/wp\/v2\/media\/1228319"}],"wp:attachment":[{"href":"https:\/\/www.europesays.com\/de\/wp-json\/wp\/v2\/media?parent=1228318"}],"wp:term":[{"taxonomy":"category","embeddable":true,"href":"https:\/\/www.europesays.com\/de\/wp-json\/wp\/v2\/categories?post=1228318"},{"taxonomy":"post_tag","embeddable":true,"href":"https:\/\/www.europesays.com\/de\/wp-json\/wp\/v2\/tags?post=1228318"}],"curies":[{"name":"wp","href":"https:\/\/api.w.org\/{rel}","templated":true}]}}