{"id":1228382,"date":"2026-08-10T13:20:14","date_gmt":"2026-08-10T13:20:14","guid":{"rendered":"https:\/\/www.europesays.com\/de\/1228382\/"},"modified":"2026-08-10T13:20:14","modified_gmt":"2026-08-10T13:20:14","slug":"gehaelter-in-deutschland-dieser-rechner-zeigt-wie-gut-ihr-verdient","status":"publish","type":"post","link":"https:\/\/www.europesays.com\/de\/1228382\/","title":{"rendered":"Geh\u00e4lter in Deutschland: Dieser Rechner zeigt, wie gut ihr verdient"},"content":{"rendered":"<p>Neue Zahlen vom Statistischen Bundesamt zeigen, wie viele Angestellte in Deutschland wie viel verdienen.<\/p>\n<p>Wir haben f\u00fcr euch einen Rechner gebaut, in dem ihr euch mit anderen Besch\u00e4ftigten vergleichen k\u00f6nnt.<\/p>\n<p>Nur vier Prozent k\u00f6nnen sich wegen ihres Gehalts als \u201ereich\u201c bezeichnen. Aber jeder Zweite geh\u00f6rt zur Einkommens-Mittelschicht.<\/p>\n","protected":false},"excerpt":{"rendered":"Neue Zahlen vom Statistischen Bundesamt zeigen, wie viele Angestellte in Deutschland wie viel verdienen. Wir haben f\u00fcr euch&hellip;\n","protected":false},"author":2,"featured_media":1228383,"comment_status":"","ping_status":"","sticky":false,"template":"","format":"standard","meta":{"footnotes":"","_share_on_mastodon":"0"},"categories":[2],"tags":[331,3924,332,3922,3364,29,5772,3079,163073,30,13,1710,14,3923,15,3921,9974,12,14538],"class_list":["post-1228382","post","type-post","status-publish","format-standard","has-post-thumbnail","category-deutschland","tag-aktuelle-nachrichten","tag-aktuelle-nachrichten-aus-deutschland","tag-aktuelle-news","tag-aktuelle-news-aus-deutschland","tag-de","tag-deutschland","tag-einkommen","tag-gehalt","tag-gehaltsverhandlung","tag-germany","tag-headlines","tag-karriere","tag-nachrichten","tag-nachrichten-aus-deutschland","tag-news","tag-news-aus-deutschland","tag-reichtum","tag-schlagzeilen","tag-vermoegen"],"share_on_mastodon":{"url":"https:\/\/pubeurope.com\/@de\/117071421300081709","error":""},"_links":{"self":[{"href":"https:\/\/www.europesays.com\/de\/wp-json\/wp\/v2\/posts\/1228382","targetHints":{"allow":["GET"]}}],"collection":[{"href":"https:\/\/www.europesays.com\/de\/wp-json\/wp\/v2\/posts"}],"about":[{"href":"https:\/\/www.europesays.com\/de\/wp-json\/wp\/v2\/types\/post"}],"author":[{"embeddable":true,"href":"https:\/\/www.europesays.com\/de\/wp-json\/wp\/v2\/users\/2"}],"replies":[{"embeddable":true,"href":"https:\/\/www.europesays.com\/de\/wp-json\/wp\/v2\/comments?post=1228382"}],"version-history":[{"count":0,"href":"https:\/\/www.europesays.com\/de\/wp-json\/wp\/v2\/posts\/1228382\/revisions"}],"wp:featuredmedia":[{"embeddable":true,"href":"https:\/\/www.europesays.com\/de\/wp-json\/wp\/v2\/media\/1228383"}],"wp:attachment":[{"href":"https:\/\/www.europesays.com\/de\/wp-json\/wp\/v2\/media?parent=1228382"}],"wp:term":[{"taxonomy":"category","embeddable":true,"href":"https:\/\/www.europesays.com\/de\/wp-json\/wp\/v2\/categories?post=1228382"},{"taxonomy":"post_tag","embeddable":true,"href":"https:\/\/www.europesays.com\/de\/wp-json\/wp\/v2\/tags?post=1228382"}],"curies":[{"name":"wp","href":"https:\/\/api.w.org\/{rel}","templated":true}]}}