{"id":1228450,"date":"2026-08-10T13:57:25","date_gmt":"2026-08-10T13:57:25","guid":{"rendered":"https:\/\/www.europesays.com\/de\/1228450\/"},"modified":"2026-08-10T13:57:25","modified_gmt":"2026-08-10T13:57:25","slug":"brennpunkt-berlin-neukoelln-sozialstadtrat-streicht-israelhassern-die-mittel-politik","status":"publish","type":"post","link":"https:\/\/www.europesays.com\/de\/1228450\/","title":{"rendered":"Brennpunkt Berlin-Neuk\u00f6lln: Sozialstadtrat streicht Israelhassern die Mittel | Politik"},"content":{"rendered":"<p><a class=\"skip-content skip-content--link\" href=\"#in-content-skip-link-target-v-0-0\">TTS-Player \u00fcberspringen\u21b5<\/a><a id=\"in-content-skip-link-target-v-0-0\" class=\"skip-content--target-link-hidden skip-content skip-content--target-link\" href=\"#in-content-skip-link-target-v-0-0\">Artikel weiterlesen<\/a><\/p>\n<p data-83f060b9=\"0-2701\">Berlin \u2013 <b>Unsachliche Kritik am Staat Israel wird im Neuk\u00f6llner Rathaus jetzt als antisemitisch eingestuft. Die Folge: Bei Verst\u00f6\u00dfen werden Sozial-Projekten k\u00fcnftig die F\u00f6rdergelder gestrichen \u2013\u00a0auch dann, wenn deren Mitarbeiter bei Veranstaltungen oder in Ver\u00f6ffentlichungen die versch\u00e4rfte Antisemitismus-Klausel missachten. Mit dem harten Durchgreifen ist Sozialstadtrat Hannes Rehfeldt (40, CDU) bundesweit Vorreiter. <\/b><\/p>\n<p data-83f060b9=\"0-2701\">In dem stark muslimisch gepr\u00e4gten Berliner Bezirk geht es um 40 F\u00f6rderbescheide im Gesamtwert von 5,13 Millionen Euro. Die betroffenen 24 Tr\u00e4ger arbeiten zum Beispiel in der Drogenhilfe, in Projekten zu psychischen Erkrankungen und in der Obdachlosenbetreuung. Sie m\u00fcssen sich k\u00fcnftig an die Antisemitismus-Definition der<a href=\"https:\/\/www.bild.de\/politik\/inland\/antisemitismus-auf-rekordniveau-8725-vorfaelle-in-einem-jahr-6a3265b74522e459ce2f34a6\" class=\"text-link\" rel=\"nofollow noopener\" target=\"_blank\"> International Holocaust Remembrance Alliance (IHRA) <\/a>halten. Darunter f\u00e4llt etwa ein Vergleich der gegenw\u00e4rtigen israelischen Politik mit der Politik der <a href=\"https:\/\/www.bild.de\/themen\/specials\/nationalsozialismus-aktuelle-news-und-infos-JsnX5xhfetEhUw7JZjme\" class=\"text-link\" rel=\"nofollow noopener\" target=\"_blank\">Nazis<\/a>.<\/p>\n<p>Linke kritisieren Maulkorb-Politik<\/p>\n<p data-83f060b9=\"0-2701\">Gr\u00fcne und Linke wettern gegen die Versch\u00e4rfung: \u201eDer CDUler versucht, einen Maulkorb gegen Kritiker israelischer Kriegsverbrechen aufzuerlegen\u201c, emp\u00f6rte sich Linke-Fraktionschef <a href=\"https:\/\/www.bild.de\/regional\/berlin\/berlin-linke-waehlt-israel-hasser-zum-buergermeister-kandidaten-696cbd56cb02badbe0a0de2d\" class=\"text-link\" rel=\"nofollow noopener\" target=\"_blank\">Ahmed Abed <\/a>gegen\u00fcber der \u201etageszeitung\u201c (taz). Der Neuk\u00f6llner B\u00fcrgermeister-Kandidat bei der anstehenden Berlin-Wahl (20. September) hatte selbst f\u00fcr einen Eklat gesorgt, als er vergangenen Oktober einen hochrangigen israelischen Gast, den B\u00fcrgermeister von Neuk\u00f6llns Partnerstadt Bat Yam, als \u201eV\u00f6lkerm\u00f6rder\u201c beschimpfte.<\/p>\n<p data-83f060b9=\"0-2701\">\u201eWer \u00f6ffentliche Mittel erh\u00e4lt, muss f\u00fcr die Achtung unserer Verfassung und den Schutz  der Menschenw\u00fcrde eintreten. Und zwar vollst\u00e4ndig und zu jeder Zeit\u201c, verteidigt <a href=\"https:\/\/www.bild.de\/politik\/inland\/berliner-sozial-stadtrat-fordert-asylbewerber-sollen-mitanpacken-6a54a316f3b79f72b6bf4fe8\" class=\"text-link\" rel=\"nofollow noopener\" target=\"_blank\">Stadtrat Rehfeldt <\/a>seine neue Messlatte. Es k\u00f6nne nicht sein, dass innerhalb eines Projektes Zur\u00fcckhaltung ge\u00fcbt werde, aber im Nebenraum antisemitische Propaganda stattfinde.<\/p>\n<p><img decoding=\"async\" width=\"992\" height=\"558\" alt=\"Sozialstadtrat Hannes Rehfeldt (40, CDU) will F\u00f6rdergelder nur nicht an Israel-Feinde vergeben\" loading=\"lazy\" src=\"https:\/\/www.europesays.com\/de\/wp-content\/uploads\/2026\/08\/d589fb4c60ba68b7a139dfa39c46e34b,c411bea0.jpeg\"   class=\"landscape\"\/><\/p>\n<p class=\"fig__caption__text\">Sozialstadtrat Hannes Rehfeldt (40, CDU) will F\u00f6rdergelder nicht an Israel-Feinde vergeben<\/p>\n<p>Foto: David Heerde<\/p>\n<p>Angriff auf Israel kann antisemitisch sein <\/p>\n<p data-83f060b9=\"0-2701\">Der CDU-Politiker beruft sich dabei auf eine Definition von Antisemitismus, zu der sich auch die <a href=\"https:\/\/www.bild.de\/politik\/inland\/antisemitismus-in-deutschland-neue-fragen-fuer-einbuergerungstest-87653036.bild.html\" class=\"text-link\" rel=\"nofollow noopener\" target=\"_blank\">Bundesregierung<\/a> im Jahr 2017 bekannte: \u201eAntisemitismus ist eine bestimmte Wahrnehmung von Juden, die sich als Hass gegen\u00fcber Juden ausdr\u00fccken kann.\u201c Dar\u00fcber hinaus k\u00f6nne \u201eauch der Staat Israel, der dabei als j\u00fcdisches Kollektiv verstanden wird, Ziel solcher Angriffe sein\u201c.<\/p>\n<p>Mehr zum Thema<\/p>\n<p data-83f060b9=\"0-2701\">Allerdings scheiterte in der Hauptstadt der Versuch, Israel-Kritik nach IHRA-Ma\u00dfstab als Ausschlussgrund f\u00fcr Kulturf\u00f6rderung zu verankern \u2013 der damalige <a href=\"https:\/\/www.bild.de\/regional\/berlin\/berlin-israel-hasser-beschmieren-wohnhaus-von-senator-joe-chialo-66f11eee43abb8150ad4cb5c\" class=\"text-link\" rel=\"nofollow noopener\" target=\"_blank\">Kultursenator<\/a> musste den Plan nach drei Wochen zur\u00fcckziehen. Das schreckt den Neuk\u00f6llner Sozialstadtrat nicht ab: \u201eHier geht&#8217;s nicht um Kunst- und Wissenschaftsfreiheit, sondern um ganz konkrete soziale Unterst\u00fctzungsleistungen, die f\u00fcr alle ohne Diskriminierung zug\u00e4nglich sein m\u00fcssen. Sie sind nach anderen Ma\u00dfst\u00e4ben zu beurteilen.\u201c<\/p>\n","protected":false},"excerpt":{"rendered":"TTS-Player \u00fcberspringen\u21b5Artikel weiterlesen Berlin \u2013 Unsachliche Kritik am Staat Israel wird im Neuk\u00f6llner Rathaus jetzt als antisemitisch eingestuft.&hellip;\n","protected":false},"author":2,"featured_media":1228451,"comment_status":"","ping_status":"","sticky":false,"template":"","format":"standard","meta":{"footnotes":"","_share_on_mastodon":"0"},"categories":[1825],"tags":[712,296,710,29,30,411,1597],"class_list":["post-1228450","post","type-post","status-publish","format-standard","has-post-thumbnail","category-berlin","tag-antisemitismus","tag-berlin","tag-demonstrationen","tag-deutschland","tag-germany","tag-israel","tag-juden"],"share_on_mastodon":{"url":"https:\/\/pubeurope.com\/@de\/117071568811517449","error":""},"_links":{"self":[{"href":"https:\/\/www.europesays.com\/de\/wp-json\/wp\/v2\/posts\/1228450","targetHints":{"allow":["GET"]}}],"collection":[{"href":"https:\/\/www.europesays.com\/de\/wp-json\/wp\/v2\/posts"}],"about":[{"href":"https:\/\/www.europesays.com\/de\/wp-json\/wp\/v2\/types\/post"}],"author":[{"embeddable":true,"href":"https:\/\/www.europesays.com\/de\/wp-json\/wp\/v2\/users\/2"}],"replies":[{"embeddable":true,"href":"https:\/\/www.europesays.com\/de\/wp-json\/wp\/v2\/comments?post=1228450"}],"version-history":[{"count":0,"href":"https:\/\/www.europesays.com\/de\/wp-json\/wp\/v2\/posts\/1228450\/revisions"}],"wp:featuredmedia":[{"embeddable":true,"href":"https:\/\/www.europesays.com\/de\/wp-json\/wp\/v2\/media\/1228451"}],"wp:attachment":[{"href":"https:\/\/www.europesays.com\/de\/wp-json\/wp\/v2\/media?parent=1228450"}],"wp:term":[{"taxonomy":"category","embeddable":true,"href":"https:\/\/www.europesays.com\/de\/wp-json\/wp\/v2\/categories?post=1228450"},{"taxonomy":"post_tag","embeddable":true,"href":"https:\/\/www.europesays.com\/de\/wp-json\/wp\/v2\/tags?post=1228450"}],"curies":[{"name":"wp","href":"https:\/\/api.w.org\/{rel}","templated":true}]}}