{"id":1228575,"date":"2026-08-10T15:19:19","date_gmt":"2026-08-10T15:19:19","guid":{"rendered":"https:\/\/www.europesays.com\/de\/1228575\/"},"modified":"2026-08-10T15:19:19","modified_gmt":"2026-08-10T15:19:19","slug":"a5-bei-frankfurt-baustelle-sorgt-fuer-einschraenkungen-stau-moeglich","status":"publish","type":"post","link":"https:\/\/www.europesays.com\/de\/1228575\/","title":{"rendered":"A5 bei Frankfurt: Baustelle sorgt f\u00fcr Einschr\u00e4nkungen \u2013 Stau m\u00f6glich"},"content":{"rendered":"<p>Bad Homburger Kreuz\/Nordwestkreuz <\/p>\n<p>Sperrung auf der A5: Br\u00fccke bei Frankfurt f\u00e4llt weg<\/p>\n<p>10.08.2026 &#8211; 17:13 UhrLesedauer: 1 Min.<\/p>\n<p><a href=\"#focus-0\" class=\"transition-colors block text-current relative\" data-sctrack=\"FocusGalleryImage.Reference\"><img fetchpriority=\"high\" data-testid=\"Opener.Image\"   loading=\"eager\" src=\"https:\/\/www.europesays.com\/de\/wp-content\/uploads\/2026\/08\/die-sperrungen-sollen-voraussichtlich-am-nachmittag-wieder-aufgehoben-werden-symbolbild.jpg\" alt=\"Sperrung einer Autobahn\" title=\"Sperrung einer Autobahn\" width=\"2048\" height=\"1152\" class=\"bg-[url:var(--lqipURL)] bg-cover bg-center flex h-full w-full max-w-full\" style=\"--lqipURL:url('https:\/\/images.t-online.de\/2026\/06\/rxnkLVDJo3Ah\/0x60:2048x1152\/fit-in\/150x0\/filters:blur(25)\/die-sperrungen-sollen-voraussichtlich-am-nachmittag-wieder-aufgehoben-werden-symbolbild.jpg')\" decoding=\"async\"\/><img loading=\"lazy\" src=\"https:\/\/frankfurt.t-online.de\/s\/paper\/_next\/static\/media\/zoom-in.f7dae02f.svg\" alt=\"Vergr\u00f6\u00dfern des Bildes\" title=\"Vergr\u00f6\u00dfern des Bildes\" class=\"block h-[calc(var(--height)_\/_16_*_1rem)] w-[calc(var(--width)_\/_16_*_1rem)] max-w-none absolute right-8 bottom-8 rounded-4 bg-snow p-8\" style=\"--width:32;--height:32\" decoding=\"async\"\/><\/a><\/p>\n<p>Autobahn-Sperrung (Symbolbild): An der A5 kommt es bei Frankfurt zu Einschr\u00e4nkungen. (Quelle: Bernd W\u00fcstneck\/dpa-Zentralbild\/dpa\/dpa-bilder)<\/p>\n<p><img loading=\"lazy\" src=\"https:\/\/frankfurt.t-online.de\/s\/paper\/_next\/static\/media\/audio-volume.6689034c.svg\" alt=\"\" title=\"\" class=\"block h-[calc(var(--height)_\/_16_*_1rem)] w-[calc(var(--width)_\/_16_*_1rem)] max-w-none group-hover:brightness-0 group-hover:invert\" style=\"--width:16;--height:16\" decoding=\"async\"\/>Vorlesen<\/p>\n<p>Aktuelle Zeit:0:00Gesamtdauer:0:00<\/p>\n<p>1x<\/p>\n<p class=\"text-center\">Jetzt neu bei t-online:<\/p>\n<p class=\"text-center\">Schriftgr\u00f6\u00dfe anpassen!<\/p>\n<p><img loading=\"lazy\" src=\"https:\/\/frankfurt.t-online.de\/s\/paper\/_next\/static\/media\/font-sizes.32942e33.svg\" alt=\"\" title=\"\" class=\"block h-[calc(var(--height)_\/_16_*_1rem)] w-[calc(var(--width)_\/_16_*_1rem)] max-w-none group-hover:hidden group-aria-expanded:hidden\" style=\"--width:16;--height:16\" decoding=\"async\"\/><img loading=\"lazy\" src=\"https:\/\/frankfurt.t-online.de\/s\/paper\/_next\/static\/media\/font-sizes-dark-mode.e382645c.svg\" alt=\"\" title=\"\" class=\"block h-[calc(var(--height)_\/_16_*_1rem)] w-[calc(var(--width)_\/_16_*_1rem)] max-w-none hidden group-hover:block group-aria-expanded:block\" style=\"--width:16;--height:16\" decoding=\"async\"\/><img loading=\"lazy\" src=\"https:\/\/frankfurt.t-online.de\/s\/paper\/_next\/static\/media\/sharing-menu-icon.1eb71368.svg\" alt=\"\" title=\"\" class=\"block h-[calc(var(--height)_\/_16_*_1rem)] w-[calc(var(--width)_\/_16_*_1rem)] max-w-none group-hover:brightness-0 group-hover:invert\" style=\"--width:16;--height:16\" decoding=\"async\"\/>Artikel teilen<\/p>\n<p class=\"font-bold text-18 leading-17 user-text-lg:text-22 user-text-xl:text-24\">Auf der Autobahn 5 kommt es bei Frankfurt bald zu Einschr\u00e4nkungen. Das m\u00fcssen Autofahrer wissen.<\/p>\n<p class=\"text-18 leading-17 user-text-lg:text-22 user-text-xl:text-24\">Bei Frankfurt m\u00fcssen sich Autofahrer bald auf Einscrh\u00e4nkungen einstellen. An der Urselbachtalbr\u00fccke auf der A5 wird das Teilbauwerk in Fahrtrichtung Basel an den ersten beiden Oktober-Wochenenden gesperrt. Wer die Strecke zwischen Bad Homburger Kreuz und Nordwestkreuz Frankfurt in dieser Zeit in Richtung Basel bef\u00e4hrt, hat nach Angaben der Autobahn GmbH nur zwei Fahrspuren zur Verf\u00fcgung \u2013 beide \u00fcber Mittelstreifen\u00fcberfahrten auf die Gegenspur gef\u00fchrt.<\/p>\n<p class=\"text-18 leading-17 user-text-lg:text-22 user-text-xl:text-24\">Grund f\u00fcr die Vollsperrung ist der Einbau neuer \u00dcbergangskonstruktionen an den Br\u00fcckenenden. Dabei werden nach Angaben der Autobahn GmbH auch die Asphaltdeckschicht erneuert und kleinere Betoninstandsetzungsarbeiten durchgef\u00fchrt.<\/p>\n<p>Baustelle auf der A5 ist 1,5 Kilometer lang<\/p>\n<p class=\"text-18 leading-17 user-text-lg:text-22 user-text-xl:text-24\">Au\u00dferhalb der Sperr-Wochenenden stehen alle Fahrspuren weiterhin zur Verf\u00fcgung, allerdings verengt. Die Baustelle ist rund 1,5 Kilometer lang. Die Vorbereitungsarbeiten laufen nach Angaben der Autobahn GmbH seit Anfang Juli.<\/p>\n<p class=\"text-18 leading-17 user-text-lg:text-22 user-text-xl:text-24\">Da die Arbeiten witterungsabh\u00e4ngig sind, k\u00f6nnen sich die Termine verschieben. Die Autobahn GmbH hat angek\u00fcndigt, vor dem Einbau eine weitere Information zu ver\u00f6ffentlichen.<\/p>\n<p class=\"text-18 leading-17 user-text-lg:text-22 user-text-xl:text-24\">Die Kosten gibt die Autobahn GmbH mit rund 4,1 Millionen Euro an. Finanziert wird sie demnach aus dem Sonderverm\u00f6gen Infrastruktur und Klimaneutralit\u00e4t des Bundes. Im Jahr 2026 sind zun\u00e4chst die Arbeiten in Fahrtrichtung Basel vorgesehen.<\/p>\n","protected":false},"excerpt":{"rendered":"Bad Homburger Kreuz\/Nordwestkreuz Sperrung auf der A5: Br\u00fccke bei Frankfurt f\u00e4llt weg 10.08.2026 &#8211; 17:13 UhrLesedauer: 1 Min.&hellip;\n","protected":false},"author":2,"featured_media":1228576,"comment_status":"","ping_status":"","sticky":false,"template":"","format":"standard","meta":{"footnotes":"","_share_on_mastodon":"0"},"categories":[1829],"tags":[722,17161,5543,13314,11411,4633,29,2785,2050,2051,30,2052,29977,2224,4085,634],"class_list":["post-1228575","post","type-post","status-publish","format-standard","has-post-thumbnail","category-frankfurt-am-main","tag-722","tag-17161","tag-autobahn","tag-autobahnbaustelle","tag-autobahnbruecke","tag-basel","tag-deutschland","tag-einschraenkung","tag-frankfurt","tag-frankfurt-am-main","tag-germany","tag-hessen","tag-nordwestkreuz","tag-sperrung","tag-strassensperrung","tag-strassenverkehr"],"share_on_mastodon":{"url":"","error":""},"_links":{"self":[{"href":"https:\/\/www.europesays.com\/de\/wp-json\/wp\/v2\/posts\/1228575","targetHints":{"allow":["GET"]}}],"collection":[{"href":"https:\/\/www.europesays.com\/de\/wp-json\/wp\/v2\/posts"}],"about":[{"href":"https:\/\/www.europesays.com\/de\/wp-json\/wp\/v2\/types\/post"}],"author":[{"embeddable":true,"href":"https:\/\/www.europesays.com\/de\/wp-json\/wp\/v2\/users\/2"}],"replies":[{"embeddable":true,"href":"https:\/\/www.europesays.com\/de\/wp-json\/wp\/v2\/comments?post=1228575"}],"version-history":[{"count":0,"href":"https:\/\/www.europesays.com\/de\/wp-json\/wp\/v2\/posts\/1228575\/revisions"}],"wp:featuredmedia":[{"embeddable":true,"href":"https:\/\/www.europesays.com\/de\/wp-json\/wp\/v2\/media\/1228576"}],"wp:attachment":[{"href":"https:\/\/www.europesays.com\/de\/wp-json\/wp\/v2\/media?parent=1228575"}],"wp:term":[{"taxonomy":"category","embeddable":true,"href":"https:\/\/www.europesays.com\/de\/wp-json\/wp\/v2\/categories?post=1228575"},{"taxonomy":"post_tag","embeddable":true,"href":"https:\/\/www.europesays.com\/de\/wp-json\/wp\/v2\/tags?post=1228575"}],"curies":[{"name":"wp","href":"https:\/\/api.w.org\/{rel}","templated":true}]}}