{"id":1228688,"date":"2026-08-10T17:58:37","date_gmt":"2026-08-10T17:58:37","guid":{"rendered":"https:\/\/www.europesays.com\/de\/1228688\/"},"modified":"2026-08-10T17:58:37","modified_gmt":"2026-08-10T17:58:37","slug":"hitze-in-schulen-gew-fordert-ampel-system","status":"publish","type":"post","link":"https:\/\/www.europesays.com\/de\/1228688\/","title":{"rendered":"Hitze in Schulen: GEW fordert Ampel-System"},"content":{"rendered":"<p>        <img decoding=\"async\" src=\"https:\/\/www.europesays.com\/de\/wp-content\/uploads\/2026\/08\/thermometer178.webp\" alt=\"Ein Thermometer zeigt 39\u00b0C vor blauem Himmel und Sonnenschein.\" title=\"Ein Thermometer zeigt 39\u00b0C vor blauem Himmel und Sonnenschein. | Jenny Sturm\" class=\"responsive\"\/><\/p>\n<p>\n                Stand: 10.08.2026 18:39 Uhr<\/p>\n<p class=\"preface\">Die Gewerkschaft Erziehung und Wissenschaft (GEW) Niedersachsen schl\u00e4gt eine &#8222;Hitzeschutz-Ampel&#8220; f\u00fcr alle Schulen vor. Bei Rot m\u00fcsse umgehend klimatisiert werden. Wenn n\u00f6tig, m\u00fcssten Geb\u00e4ude umgebaut werden.<\/p>\n<p class=\"textauthor\">von Bertil Starke<\/p>\n<p class=\"\">Die GEW schl\u00e4gt eine Hitzeschutz-Ampel mit drei Stufen vor. &#8222;Bei Rot muss umgehend klimatisiert werden, bei Gelb ist es nachrangig und bei Gr\u00fcn nicht notwendig&#8220;, sagte Stefan St\u00f6rmer, Landeschef der Gewerkschaft Erziehung und Wissenschaft (GEW) in Niedersachsen. Die Grundlage f\u00fcr diese Stufen soll ein Geb\u00e4udekataster bilden: ein Register aller Schulgeb\u00e4ude, das den Handlungsbedarf erfasst.<\/p>\n<p>    &#8222;Immer mehr Hitzefrei ist keine L\u00f6sung&#8220;<\/p>\n<p class=\"\">Das Land soll dieses Register zusammen mit den Kommunen erstellen, hei\u00dft es von der GEW. Finanzschwache Kommunen m\u00fcssten bei der Umsetzung Unterst\u00fctzung vom Land bekommen. &#8222;Langfristig nichts zu tun, ist vermutlich teurer&#8220;, so St\u00f6rmer. Er erg\u00e4nzt: &#8222;Immer mehr Hitzefrei ist keine L\u00f6sung&#8220;. Der <a href=\"https:\/\/www.ndr.de\/nachrichten\/info\/Der-Klimawandel-im-Norden-Folgen-Ideen-und-Perspektiven,klimawandelnorden100.html\" title=\"Der Klimawandel im Norden: Folgen, Ideen und Perspektiven\" rel=\"nofollow noopener\" target=\"_blank\">Klimawandel<\/a> treffe viele Schulen besonders stark, berichtet er. Auf ganzen Etagen sei schon bei 26 Grad nicht mehr an Unterricht zu denken.<\/p>\n<p>        <img decoding=\"async\" src=\"https:\/\/www.europesays.com\/de\/wp-content\/uploads\/2026\/06\/hitze698.webp\" alt=\"Zwei Sch\u00fcler mit Schulranzen. Dar\u00fcber die Sonne.\" title=\"Zwei Sch\u00fcler mit Schulranzen. Dar\u00fcber die Sonne. | picture alliance\/dpa | Karl-Josef Hildenbrand\" class=\"responsive\" loading=\"lazy\"\/><\/p>\n<p>Ob es Hitzefrei gibt, entscheidet jede Schule selbst. Erste Schulen hatten f\u00fcr Donnerstag Hitzefrei angek\u00fcndigt.<\/p>\n<p>        <img decoding=\"async\" src=\"https:\/\/www.europesays.com\/de\/wp-content\/uploads\/2026\/08\/hitze-672.webp\" alt=\"Kinder k\u00fchlen sich an einem Wassersprenger ab\" title=\"Kinder k\u00fchlen sich an einem Wassersprenger ab | picture alliance\/Sven Hoppe\" class=\"responsive\" loading=\"lazy\"\/><\/p>\n<p>Anders als bei Schulen gibt es Hitzefrei in Kitas kaum. Bei hohen Temperaturen m\u00fcssen sie Schutzma\u00dfnahmen ergreifen.<\/p>\n<p>        <img decoding=\"async\" src=\"https:\/\/www.europesays.com\/de\/wp-content\/uploads\/2026\/08\/duerre208.webp\" alt=\"Junger Grashalm steckt in vertrockneter Erde\" title=\"Junger Grashalm steckt in vertrockneter Erde | Colourbox\" class=\"responsive\" loading=\"lazy\"\/><\/p>\n<p>Wie steht es um Grundwasserstress und Wassermangel? Welche Auswirkungen hat das und was tun Land und Kommunen dagegen?<\/p>\n<p>        <img decoding=\"async\" src=\"https:\/\/www.europesays.com\/de\/wp-content\/uploads\/2026\/06\/sonnenbrand128.webp\" alt=\"Schulter und R\u00fccken mit Sonnenbrand\" title=\"Schulter und R\u00fccken mit Sonnenbrand | PantherMedia, lia_russy\" class=\"responsive\" loading=\"lazy\"\/><\/p>\n<p>Wer sich nicht richtig sch\u00fctzt, bekommt im Sommer schnell einen Sonnenbrand. Welche Hausmittel verschaffen Linderung?<\/p>\n","protected":false},"excerpt":{"rendered":"Stand: 10.08.2026 18:39 Uhr Die Gewerkschaft Erziehung und Wissenschaft (GEW) Niedersachsen schl\u00e4gt eine &#8222;Hitzeschutz-Ampel&#8220; f\u00fcr alle Schulen vor.&hellip;\n","protected":false},"author":2,"featured_media":1228689,"comment_status":"","ping_status":"","sticky":false,"template":"","format":"standard","meta":{"footnotes":"","_share_on_mastodon":"0"},"categories":[1836],"tags":[3364,29,255118,30,255116,46,255115,255117,68764,1411,54184],"class_list":["post-1228688","post","type-post","status-publish","format-standard","has-post-thumbnail","category-hannover","tag-de","tag-deutschland","tag-gebaeudekataster","tag-germany","tag-gew-niedersachsen","tag-hannover","tag-hitzeschutz-schule","tag-hitzeschutz-ampel","tag-klimatisierung","tag-niedersachsen","tag-schuljahr"],"share_on_mastodon":{"url":"https:\/\/pubeurope.com\/@de\/117072517416609278","error":""},"_links":{"self":[{"href":"https:\/\/www.europesays.com\/de\/wp-json\/wp\/v2\/posts\/1228688","targetHints":{"allow":["GET"]}}],"collection":[{"href":"https:\/\/www.europesays.com\/de\/wp-json\/wp\/v2\/posts"}],"about":[{"href":"https:\/\/www.europesays.com\/de\/wp-json\/wp\/v2\/types\/post"}],"author":[{"embeddable":true,"href":"https:\/\/www.europesays.com\/de\/wp-json\/wp\/v2\/users\/2"}],"replies":[{"embeddable":true,"href":"https:\/\/www.europesays.com\/de\/wp-json\/wp\/v2\/comments?post=1228688"}],"version-history":[{"count":0,"href":"https:\/\/www.europesays.com\/de\/wp-json\/wp\/v2\/posts\/1228688\/revisions"}],"wp:featuredmedia":[{"embeddable":true,"href":"https:\/\/www.europesays.com\/de\/wp-json\/wp\/v2\/media\/1228689"}],"wp:attachment":[{"href":"https:\/\/www.europesays.com\/de\/wp-json\/wp\/v2\/media?parent=1228688"}],"wp:term":[{"taxonomy":"category","embeddable":true,"href":"https:\/\/www.europesays.com\/de\/wp-json\/wp\/v2\/categories?post=1228688"},{"taxonomy":"post_tag","embeddable":true,"href":"https:\/\/www.europesays.com\/de\/wp-json\/wp\/v2\/tags?post=1228688"}],"curies":[{"name":"wp","href":"https:\/\/api.w.org\/{rel}","templated":true}]}}