{"id":1228749,"date":"2026-08-10T19:27:47","date_gmt":"2026-08-10T19:27:47","guid":{"rendered":"https:\/\/www.europesays.com\/de\/1228749\/"},"modified":"2026-08-10T19:27:47","modified_gmt":"2026-08-10T19:27:47","slug":"villa-der-versuchung-2026-teilnehmer-in-staffel-2-diese-promis-sind-dabei","status":"publish","type":"post","link":"https:\/\/www.europesays.com\/de\/1228749\/","title":{"rendered":"Villa der Versuchung 2026: Teilnehmer in Staffel 2 \u2013 diese Promis sind dabei"},"content":{"rendered":"<p class=\"mb-6 text-xs-varying md:text-m lg:text-l font-serif group-[.font-sans]:font-sans \">\n    14 Realitystars ziehen in die \u201eVilla der Versuchung\u201c und k\u00e4mpfen um ein Preisgeld in H\u00f6he von 250.000 Euro. Zumindest am Anfang. Denn wer schwach wird und sich ein Bett, Alkohol oder Zigaretten g\u00f6nnen will, muss daf\u00fcr mit Geld aus dem gemeinsamen Jackpot bezahlen. Mit anderen Worten: Je mehr die Promis f\u00fcr sich selbst kaufen, desto weniger Geld bleibt am Ende f\u00fcr die Gewinnerin oder den Gewinner \u00fcbrig. Nachdem die erste Staffel des Formats offensichtlich f\u00fcr jede Menge Unterhaltung beim Publikum sorgte, folgt Anfang 2026 nun eine weitere Staffel von \u201eVilla der Versuchung\u201c. Die Moderation \u00fcbernimmt erneut Verona Pooth. Den Sieg in Staffel 1 schnappte sich Jasmin Herren \u2013 allerdings blieben f\u00fcr sie von den urspr\u00fcnglichen 250.000 Euro schlussendlich nicht viel mehr als 9000 Euro \u00fcbrig.\n  <\/p>\n<p class=\"mb-6 text-xs-varying md:text-m lg:text-l font-serif group-[.font-sans]:font-sans \">\n    Wer sind die Teilnehmerinnen und Teilnehmer in <a href=\"https:\/\/www.augsburger-allgemeine.de\/panorama\/tv\/villa-der-versuchung-2026-start-sendetermine-kandidaten-was-ist-zu-staffel-2-bekannt-10-8-2026-113420792\" target=\"_self\" class=\"underline \" rel=\"nofollow noopener\">Staffel 2 von \u201eVilla der Versuchung\u201c<\/a> und woher kennt man sie bereits? Die wichtigsten Infos zu den vierzehn Realitystars, die sich mutig der Herausforderung stellen, finden Sie hier in diesem Artikel.\n  <\/p>\n<p>            Staffel 2 von \u201eVilla der Versuchung\u201c: Diese Realitystars sind dabei<\/p>\n<p>    <img decoding=\"async\" src=\"https:\/\/images.mgpd.de\/img\/114867538\/crop\/c16_9-w100\/262593840\/1651569172\/joyns1villaderversuchung3403163.jpg\" alt=\"Der Cast von \u201eVilla der Versuchung\u201c, Staffel 2, mit Moderatorin Verona Pooth.\" title=\"Der Cast von \u201eVilla der Versuchung\u201c, Staffel 2, mit Moderatorin Verona Pooth.\" loading=\"lazy\" class=\"h-full w-full object-cover\"\/><\/p>\n<p>      Icon vergr\u00f6\u00dfern<\/p>\n<p>    Der Cast von \u201eVilla der Versuchung\u201c, Staffel 2, mit Moderatorin Verona Pooth.<br \/>\n    Foto: Joyn<\/p>\n<p>        Schlie\u00dfen <\/p>\n<p>      Icon Schlie\u00dfen<\/p>\n<p>        Icon vergr\u00f6\u00dfern<\/p>\n<p>        Icon verkleinern<\/p>\n<p>      Icon Pfeil bewegen<\/p>\n<p>    Der Cast von \u201eVilla der Versuchung\u201c, Staffel 2, mit Moderatorin Verona Pooth.<br \/>\n    Foto: Joyn<\/p>\n<p class=\"mb-6 text-xs-varying md:text-m lg:text-l font-serif group-[.font-sans]:font-sans \">\n    Folgende Realitystars sind in der zweiten Staffel von \u201eVilla der Versuchung\u201c mit dabei:\n  <\/p>\n<p class=\"mb-6 text-xs-varying md:text-m lg:text-l font-serif group-[.font-sans]:font-sans \">\n    Jenny Elvers (54)\n  <\/p>\n<p>    <img decoding=\"async\" src=\"https:\/\/images.mgpd.de\/img\/114912197\/crop\/c16_9-w100\/2022829625\/306808619\/joyns1villaderversuchung3401958.jpg\" alt=\"Jenny Elvers\" title=\"Jenny Elvers\" loading=\"lazy\" class=\"h-full w-full object-cover\"\/><\/p>\n<p>      Icon vergr\u00f6\u00dfern<\/p>\n<p>    Jenny Elvers<br \/>\n    Foto: Joyn<\/p>\n<p>        Schlie\u00dfen <\/p>\n<p>      Icon Schlie\u00dfen<\/p>\n<p>        Icon vergr\u00f6\u00dfern<\/p>\n<p>        Icon verkleinern<\/p>\n<p>      Icon Pfeil bewegen<\/p>\n<p>    Jenny Elvers<br \/>\n    Foto: Joyn<\/p>\n<p class=\"mb-6 text-xs-varying md:text-m lg:text-l font-serif group-[.font-sans]:font-sans \">\n    Jenny Elvers ist nicht nur ein bekanntes Gesicht im Reality-<a href=\"https:\/\/www.augsburger-allgemeine.de\/panorama\/tv\" target=\"_self\" class=\"underline \" rel=\"nofollow noopener\">TV<\/a>, sondern auch Schauspielerin, Autorin und Moderatorin. Neben zahlreichen Rollen in Film- und Fernsehproduktionen kennt man sie au\u00dferdem aus Formaten wie \u201eLet\u2018s Dance\u201c, \u201e<a href=\"https:\/\/www.augsburger-allgemeine.de\/produkte\/aa-promi-big-brother\" target=\"_self\" class=\"underline \" rel=\"nofollow noopener\">Promi Big Brother<\/a>\u201c, \u201eIch bin ein Star \u2013 Holt mich hier raus\u201c und \u201eReality Queens \u2013 Auf High Heels durch den Dschungel\u201c. Zuletzt war sie bei \u201ePromi Taste\u201c 2026 zu sehen und schaffte es sogar bis ins Finale.\n  <\/p>\n<p class=\"mb-6 text-xs-varying md:text-m lg:text-l font-serif group-[.font-sans]:font-sans \">\n    Thorsten Legat (57)\n  <\/p>\n<p>    <img decoding=\"async\" src=\"https:\/\/images.mgpd.de\/img\/114912201\/crop\/c16_9-w100\/1365602767\/1218214399\/joyns1villaderversuchung3401962.jpg\" alt=\"Thorsten Legat\" title=\"Thorsten Legat\" loading=\"lazy\" class=\"h-full w-full object-cover\"\/><\/p>\n<p>      Icon vergr\u00f6\u00dfern<\/p>\n<p>    Thorsten Legat<br \/>\n    Foto: Joyn<\/p>\n<p>        Schlie\u00dfen <\/p>\n<p>      Icon Schlie\u00dfen<\/p>\n<p>        Icon vergr\u00f6\u00dfern<\/p>\n<p>        Icon verkleinern<\/p>\n<p>      Icon Pfeil bewegen<\/p>\n<p>    Thorsten Legat<br \/>\n    Foto: Joyn<\/p>\n<p class=\"mb-6 text-xs-varying md:text-m lg:text-l font-serif group-[.font-sans]:font-sans \">\n    Als Fu\u00dfballer stand Thorsten Legat unter anderem f\u00fcr den VfL Bochum, Eintracht Frankfurt und den FC Schalke 04 auf dem Rasen. Nach seiner aktiven Karriere schlug er eine Laufbahn als Trainer ein und coachte zeitweise die U19 von Werder Bremen. Durch seine Teilnahme an Formaten wie \u201eHell\u2018s Kitchen\u201c, \u201ePromiboxen\u201c und \u201eDas Sommerhaus der Stars \u2013 Kampf der Promipaare\u201c wurde er zu einer festen Gr\u00f6\u00dfe im Reality-TV.\n  <\/p>\n<p class=\"mb-6 text-xs-varying md:text-m lg:text-l font-serif group-[.font-sans]:font-sans \">\n    Paddy Kroetz (47)\n  <\/p>\n<p>    <img decoding=\"async\" src=\"https:\/\/images.mgpd.de\/img\/114912207\/crop\/c16_9-w100\/1020759003\/1034857610\/joyns1villaderversuchung3401967.jpg\" alt=\"Paddy Kroetz\" title=\"Paddy Kroetz\" loading=\"lazy\" class=\"h-full w-full object-cover\"\/><\/p>\n<p>      Icon vergr\u00f6\u00dfern<\/p>\n<p>    Paddy Kroetz<br \/>\n    Foto: Joyn<\/p>\n<p>        Schlie\u00dfen <\/p>\n<p>      Icon Schlie\u00dfen<\/p>\n<p>        Icon vergr\u00f6\u00dfern<\/p>\n<p>        Icon verkleinern<\/p>\n<p>      Icon Pfeil bewegen<\/p>\n<p>    Paddy Kroetz<br \/>\n    Foto: Joyn<\/p>\n<p class=\"mb-6 text-xs-varying md:text-m lg:text-l font-serif group-[.font-sans]:font-sans \">\n    Bekanntheit erlangte Paddy Kroetz, dessen Vorname eigentlich Patrick lautet, vor allem durch seine T\u00e4tigkeit beim Kinder- und Jugendsender Super RTL, die fast zwei Jahrzehnte lang andauerte, n\u00e4mlich von 1999 bis 2018. Heute ist er in erster Linie als Streamer auf Twitch, Video-Creator sowie weiterhin als Moderator aktiv, hat aber laut <a href=\"https:\/\/www.joyn.de\/bts\/serien\/villa-der-versuchung\/nicht-im-team-luxus-hofft-paddy-kroetz-auf-einen-neuanfang-156012\" rel=\"nofollow noopener\" target=\"_blank\" class=\"underline \">Joyn<\/a> mit Geldproblemen zu k\u00e4mpfen. Durch seine Teilnahme bei \u201eVilla der Versuchung\u201c hofft er, neue Aufmerksamkeit zu gewinnen.\n  <\/p>\n<p class=\"mb-6 text-xs-varying md:text-m lg:text-l font-serif group-[.font-sans]:font-sans \">\n    Roland Ludomirska (57)\n  <\/p>\n<p>    <img decoding=\"async\" src=\"https:\/\/images.mgpd.de\/img\/114912205\/crop\/c16_9-w100\/295948841\/210325015\/joyns1villaderversuchung3401965.jpg\" alt=\"Roland Ludomirska\u00a0\" title=\"Roland Ludomirska\u00a0\" loading=\"lazy\" class=\"h-full w-full object-cover\"\/><\/p>\n<p>      Icon vergr\u00f6\u00dfern<\/p>\n<p>    Roland Ludomirska\u00a0<br \/>\n    Foto: Joyn<\/p>\n<p>        Schlie\u00dfen <\/p>\n<p>      Icon Schlie\u00dfen<\/p>\n<p>        Icon vergr\u00f6\u00dfern<\/p>\n<p>        Icon verkleinern<\/p>\n<p>      Icon Pfeil bewegen<\/p>\n<p>    Roland Ludomirska\u00a0<br \/>\n    Foto: Joyn<\/p>\n<p class=\"mb-6 text-xs-varying md:text-m lg:text-l font-serif group-[.font-sans]:font-sans \">\n    Der \u00f6sterreichische Unternehmer und Reality-TV-Darsteller, der insbesondere als selbsternannter \u201eK\u00e4se-Million\u00e4r\u201c und Gr\u00fcnder der luxuri\u00f6sen K\u00e4sekette \u201eThe Crazy Cheese Manufacture\u201c bekannt wurde, ist ebenfalls in Staffel 2 von \u201eVilla der Versuchung\u201c zu sehen. Beruflich lief es zuletzt eher weniger rund f\u00fcr ihn: Nach Jahren des polarisierenden Luxus-Marketings meldete sein Unternehmen im Juli 2026 Insolvenz an.\n  <\/p>\n<p class=\"mb-6 text-xs-varying md:text-m lg:text-l font-serif group-[.font-sans]:font-sans \">\n    Tatjana Gsell (55)\n  <\/p>\n<p>    <img decoding=\"async\" src=\"https:\/\/images.mgpd.de\/img\/114912202\/crop\/c16_9-w100\/2023956689\/436516166\/joyns1villaderversuchung3401963.jpg\" alt=\"Tatjana Gsell\" title=\"Tatjana Gsell\" loading=\"lazy\" class=\"h-full w-full object-cover\"\/><\/p>\n<p>      Icon vergr\u00f6\u00dfern<\/p>\n<p>    Tatjana Gsell<br \/>\n    Foto: Joyn<\/p>\n<p>        Schlie\u00dfen <\/p>\n<p>      Icon Schlie\u00dfen<\/p>\n<p>        Icon vergr\u00f6\u00dfern<\/p>\n<p>        Icon verkleinern<\/p>\n<p>      Icon Pfeil bewegen<\/p>\n<p>    Tatjana Gsell<br \/>\n    Foto: Joyn<\/p>\n<p class=\"mb-6 text-xs-varying md:text-m lg:text-l font-serif group-[.font-sans]:font-sans \">\n    Die gelernte Kosmetikerin war vor ihrer Teilnahme an \u201eVilla der Versuchung\u201c bereits in Formaten wie \u201eBig Brother\u201c, \u201eDas perfekte Promi-Dinner\u201c, \u201ePromi-Frauentausch\u201c und \u201eIch bin ein Star \u2013 Holt mich hier raus!\u201c mit von der Partie. Nach vielen Kontroversen und TV-Eskapaden zog sie sich f\u00fcr einige Zeit aus der \u00d6ffentlichkeit zur\u00fcck. Nun wagt sie nach jahrelanger Abwesenheit die R\u00fcckkehr ins Reality-TV.\n  <\/p>\n<p class=\"mb-6 text-xs-varying md:text-m lg:text-l font-serif group-[.font-sans]:font-sans \">\n    Elsa Latifaj (20)\n  <\/p>\n<p>    <img decoding=\"async\" src=\"https:\/\/images.mgpd.de\/img\/114912190\/crop\/c16_9-w100\/1958627513\/826712526\/joyns1villaderversuchung3401955.jpg\" alt=\"Elsa Latifaj\" title=\"Elsa Latifaj\" loading=\"lazy\" class=\"h-full w-full object-cover\"\/><\/p>\n<p>      Icon vergr\u00f6\u00dfern<\/p>\n<p>    Elsa Latifaj<br \/>\n    Foto: Joyn<\/p>\n<p>        Schlie\u00dfen <\/p>\n<p>      Icon Schlie\u00dfen<\/p>\n<p>        Icon vergr\u00f6\u00dfern<\/p>\n<p>        Icon verkleinern<\/p>\n<p>      Icon Pfeil bewegen<\/p>\n<p>    Elsa Latifaj<br \/>\n    Foto: Joyn<\/p>\n<p class=\"mb-6 text-xs-varying md:text-m lg:text-l font-serif group-[.font-sans]:font-sans \">\n    Im Jahr 2023 wurde Elsa durch ihre Teilnahme an der achtzehnten Staffel von \u201eGermany\u2019s Next Topmodel\u201c einem breiteren Publikum bekannt. Seitdem tritt sie h\u00e4ufiger vor TV-Kameras in Erscheinung. Unter anderem war sie anschlie\u00dfend bei \u201eForsthaus Rampensau\u201c, \u201eKampf der Realitystars\u201c, \u201eDas gro\u00dfe Promi-B\u00fc\u00dfen\u201c sowie \u201eBeauty &amp; The Nerd\u201c zu sehen. Auch bei \u201eReality Backpackers\u201c und \u201eThe 50\u201c wirkte sie bereits mit.\n  <\/p>\n<p class=\"mb-6 text-xs-varying md:text-m lg:text-l font-serif group-[.font-sans]:font-sans \">\n    Chika (26)\n  <\/p>\n<p>    <img decoding=\"async\" src=\"https:\/\/images.mgpd.de\/img\/114912206\/crop\/c16_9-w100\/362405081\/1784985488\/joyns1villaderversuchung3401966.jpg\" alt=\"Chika\u00a0\" title=\"Chika\u00a0\" loading=\"lazy\" class=\"h-full w-full object-cover\"\/><\/p>\n<p>      Icon vergr\u00f6\u00dfern<\/p>\n<p>    Chika\u00a0<br \/>\n    Foto: Joyn<\/p>\n<p>        Schlie\u00dfen <\/p>\n<p>      Icon Schlie\u00dfen<\/p>\n<p>        Icon vergr\u00f6\u00dfern<\/p>\n<p>        Icon verkleinern<\/p>\n<p>      Icon Pfeil bewegen<\/p>\n<p>    Chika\u00a0<br \/>\n    Foto: Joyn<\/p>\n<p class=\"mb-6 text-xs-varying md:text-m lg:text-l font-serif group-[.font-sans]:font-sans \">\n    Chika ist gelernte Sport- und Fitnesskauffrau. Sie erlangte im deutschen Reality-TV bislang vor allem Bekanntheit an der Seite ihrer Ehefrau Carina Nagel, mit der sie unter anderem zusammen bei \u201eForsthaus Rampensau Germany\u201c und \u201eCouple Challenge\u201c antrat. Kurz nach der Hochzeit hat das Ehepaar Deutschland verlassen und lebt mittlerweile gemeinsam auf Zypern. Bei \u201eVilla der Versuchung\u201c tritt Chika ohne ihre Frau an.\n  <\/p>\n<p class=\"mb-6 text-xs-varying md:text-m lg:text-l font-serif group-[.font-sans]:font-sans \">\n    Erik Seidl alias \u201eSatansbratan\u201c (27)\n  <\/p>\n<p>    <img decoding=\"async\" src=\"https:\/\/images.mgpd.de\/img\/114912194\/crop\/c16_9-w100\/297075905\/1804914084\/joyns1villaderversuchung3401956.jpg\" alt=\"Erik Seidl alias \u201eSatansbratan\u201c\u00a0\" title=\"Erik Seidl alias \u201eSatansbratan\u201c\u00a0\" loading=\"lazy\" class=\"h-full w-full object-cover\"\/><\/p>\n<p>      Icon vergr\u00f6\u00dfern<\/p>\n<p>    Erik Seidl alias \u201eSatansbratan\u201c\u00a0<br \/>\n    Foto: Joyn<\/p>\n<p>        Schlie\u00dfen <\/p>\n<p>      Icon Schlie\u00dfen<\/p>\n<p>        Icon vergr\u00f6\u00dfern<\/p>\n<p>        Icon verkleinern<\/p>\n<p>      Icon Pfeil bewegen<\/p>\n<p>    Erik Seidl alias \u201eSatansbratan\u201c\u00a0<br \/>\n    Foto: Joyn<\/p>\n<p class=\"mb-6 text-xs-varying md:text-m lg:text-l font-serif group-[.font-sans]:font-sans \">\n    Der Wiener Influencer und Comedian startete seine Karriere in der \u00d6ffentlichkeit mit Comedy- und Parodie-Videos auf TikTok und Instagram und baute sich dort eine treue Fangemeinde auf. Heute folgen ihm alleine auf <a href=\"https:\/\/www.instagram.com\/satansbratan\/?hl=de\" rel=\"nofollow noopener\" target=\"_blank\" class=\"underline \">Instagram<\/a> rund 289.000 Menschen. Sein Sieg bei \u201eForsthaus Rampensau\u201c im Jahr 2023 machte ihn schlie\u00dflich auch im Reality-TV bekannt. 2025 nahm er an \u201ePromi Big Brother\u201c teil und belegte den f\u00fcnften Platz.\n  <\/p>\n<p class=\"mb-6 text-xs-varying md:text-m lg:text-l font-serif group-[.font-sans]:font-sans \">\n    Tommy Pedroni (31)\n  <\/p>\n<p>    <img decoding=\"async\" src=\"https:\/\/images.mgpd.de\/img\/114912204\/crop\/c16_9-w100\/954302763\/1937266760\/joyns1villaderversuchung3401964.jpg\" alt=\"Tommy Pedroni\" title=\"Tommy Pedroni\" loading=\"lazy\" class=\"h-full w-full object-cover\"\/><\/p>\n<p>      Icon vergr\u00f6\u00dfern<\/p>\n<p>    Tommy Pedroni<br \/>\n    Foto: Joyn<\/p>\n<p>        Schlie\u00dfen <\/p>\n<p>      Icon Schlie\u00dfen<\/p>\n<p>        Icon vergr\u00f6\u00dfern<\/p>\n<p>        Icon verkleinern<\/p>\n<p>      Icon Pfeil bewegen<\/p>\n<p>    Tommy Pedroni<br \/>\n    Foto: Joyn<\/p>\n<p class=\"mb-6 text-xs-varying md:text-m lg:text-l font-serif group-[.font-sans]:font-sans \">\n    Den ehemaligen franz\u00f6sischen Profischwimmer kennen eingefleischte Reality-Fans bereits aus zahlreichen Formaten wie \u201eEx on the Beach\u201c, \u201eAre You The One VIP\u201c, \u201eTemptation Island\u201c, \u201eProminent getrennt\u201c und \u201eGermany Shore\u201c. Die Liste k\u00f6nnte noch l\u00e4nger weitergef\u00fchrt werden. Auch an \u201eFame Fighting\u201c nahm er bereits mehrfach erfolgreich teil, und an der Seite seiner Partnerin Paulina Ljubas war er 2025 bei \u201eSommerhaus der Stars\u201c zu sehen.\n  <\/p>\n<p class=\"mb-6 text-xs-varying md:text-m lg:text-l font-serif group-[.font-sans]:font-sans \">\n    Frenzy (33)\n  <\/p>\n<p>    <img decoding=\"async\" src=\"https:\/\/images.mgpd.de\/img\/114912196\/crop\/c16_9-w100\/1613783749\/832578288\/joyns1villaderversuchung3401957.jpg\" alt=\"Frenzy\" title=\"Frenzy\" loading=\"lazy\" class=\"h-full w-full object-cover\"\/><\/p>\n<p>      Icon vergr\u00f6\u00dfern<\/p>\n<p>    Frenzy<br \/>\n    Foto: Joyn<\/p>\n<p>        Schlie\u00dfen <\/p>\n<p>      Icon Schlie\u00dfen<\/p>\n<p>        Icon vergr\u00f6\u00dfern<\/p>\n<p>        Icon verkleinern<\/p>\n<p>      Icon Pfeil bewegen<\/p>\n<p>    Frenzy<br \/>\n    Foto: Joyn<\/p>\n<p class=\"mb-6 text-xs-varying md:text-m lg:text-l font-serif group-[.font-sans]:font-sans \">\n    Als Partyschlagers\u00e4ngerin mischt Frenzy normalerweise den Ballermann auf. Die 33-J\u00e4hrige geh\u00f6rt zum festen K\u00fcnstlerstamm des legend\u00e4ren Bierk\u00f6nigs an der Playa de Palma. Im deutschen TV ist sie keine Unbekannte, da sie schon des \u00d6fteren im \u201eZDF-Fernsehgarten\u201c und bei \u201eImmer wieder sonntags\u201c zu Gast war. Mit ihrer Teilnahme an \u201eVilla der Versuchung\u201c wagt sie sich erstmals in Reality-TV.\n  <\/p>\n<p class=\"mb-6 text-xs-varying md:text-m lg:text-l font-serif group-[.font-sans]:font-sans \">\n    Nicolas Puschmann (35)\n  <\/p>\n<p>    <img decoding=\"async\" src=\"https:\/\/images.mgpd.de\/img\/114912199\/crop\/c16_9-w100\/706121781\/1009603373\/joyns1villaderversuchung3401960.jpg\" alt=\"Nicolas Puschmann\" title=\"Nicolas Puschmann\" loading=\"lazy\" class=\"h-full w-full object-cover\"\/><\/p>\n<p>      Icon vergr\u00f6\u00dfern<\/p>\n<p>    Nicolas Puschmann<br \/>\n    Foto: Joyn<\/p>\n<p>        Schlie\u00dfen <\/p>\n<p>      Icon Schlie\u00dfen<\/p>\n<p>        Icon vergr\u00f6\u00dfern<\/p>\n<p>        Icon verkleinern<\/p>\n<p>      Icon Pfeil bewegen<\/p>\n<p>    Nicolas Puschmann<br \/>\n    Foto: Joyn<\/p>\n<p class=\"mb-6 text-xs-varying md:text-m lg:text-l font-serif group-[.font-sans]:font-sans \">\n    2019 wurde Nicolas Puschmann als erster \u201ePrince Charming\u201c in der gleichnamigen Datingshow von RTL+ bekannt. Zwei Jahre sp\u00e4ter nahm er an der vierzehnten Staffel von \u201eLet\u2018s Dance\u201c teil und bildete dort zusammen mit Vadim Garbuzov das erste M\u00e4nnerpaar in der Geschichte der Tanzshow. Das Duo belegte im Finale den dritten Platz. Der 35-J\u00e4hrige nutzt seine Reichweite auf <a href=\"https:\/\/www.instagram.com\/nicolaspuschmann\/?hl=de\" rel=\"nofollow noopener\" target=\"_blank\" class=\"underline \">Instagram<\/a> und TikTok gerne, um \u00fcber Themen wie die LGBTIQ+-Community, mentale Gesundheit, Familie und K\u00f6rperakzeptanz zu sprechen.\n  <\/p>\n<p class=\"mb-6 text-xs-varying md:text-m lg:text-l font-serif group-[.font-sans]:font-sans \">\n    Jens Hilbert (48)\n  <\/p>\n<p>    <img decoding=\"async\" src=\"https:\/\/images.mgpd.de\/img\/114912198\/crop\/c16_9-w100\/1364475703\/799560707\/joyns1villaderversuchung3401959.jpg\" alt=\"Jens Hilbert\" title=\"Jens Hilbert\" loading=\"lazy\" class=\"h-full w-full object-cover\"\/><\/p>\n<p>      Icon vergr\u00f6\u00dfern<\/p>\n<p>    Jens Hilbert<br \/>\n    Foto: Joyn<\/p>\n<p>        Schlie\u00dfen <\/p>\n<p>      Icon Schlie\u00dfen<\/p>\n<p>        Icon vergr\u00f6\u00dfern<\/p>\n<p>        Icon verkleinern<\/p>\n<p>      Icon Pfeil bewegen<\/p>\n<p>    Jens Hilbert<br \/>\n    Foto: Joyn<\/p>\n<p class=\"mb-6 text-xs-varying md:text-m lg:text-l font-serif group-[.font-sans]:font-sans \">\n    Selfmade-Million\u00e4r Jens Hilbert ist Gr\u00fcnder des Haarentfernungs-Unternehmens \u201eHairfree\u201c, verkaufte aber im Jahr 2021 seine Firmenanteile, um sich fortan anderen Dingen zu widmen. Bereits vorher war er im TV ein bekanntes Gesicht, durch seinen Sieg bei \u201ePromi Big Brother\u201c im Jahr 2017. Au\u00dferdem wirkte er in Formaten wie \u201eDancing on Ice\u201c, \u201ePromi Shopping Queen\u201c sowie \u201eKampf der Realitystars\u201c im Jahr 2025 mit. Seit dem Verkauf seines Unternehmens widmet sich Jens Hilbert vor allem dem Reitsport.\n  <\/p>\n<p class=\"mb-6 text-xs-varying md:text-m lg:text-l font-serif group-[.font-sans]:font-sans \">\n    Annika K\u00e4rsten-Hoenig (41)\n  <\/p>\n<p>    <img decoding=\"async\" src=\"https:\/\/images.mgpd.de\/img\/114912208\/crop\/c16_9-w100\/1679112925\/2086026716\/joyns1villaderversuchung3401968.jpg\" alt=\"Annika K\u00e4rsten-Hoenig\" title=\"Annika K\u00e4rsten-Hoenig\" loading=\"lazy\" class=\"h-full w-full object-cover\"\/><\/p>\n<p>      Icon vergr\u00f6\u00dfern<\/p>\n<p>    Annika K\u00e4rsten-Hoenig<br \/>\n    Foto: Joyn<\/p>\n<p>        Schlie\u00dfen <\/p>\n<p>      Icon Schlie\u00dfen<\/p>\n<p>        Icon vergr\u00f6\u00dfern<\/p>\n<p>        Icon verkleinern<\/p>\n<p>      Icon Pfeil bewegen<\/p>\n<p>    Annika K\u00e4rsten-Hoenig<br \/>\n    Foto: Joyn<\/p>\n<p class=\"mb-6 text-xs-varying md:text-m lg:text-l font-serif group-[.font-sans]:font-sans \">\n    Obwohl Annika K\u00e4rsten-Hoenig durch ihre Ehe mit Heinz Hoenig l\u00e4ngst keine Unbekannte mehr in den Medien ist, hat sie bislang noch keine eigene Erfahrung im Reality-TV vorzuweisen. \u201eVilla der Versuchung\u201c ist also ein ganz neuer Karriereschritt f\u00fcr sie. Die 41-J\u00e4hrige ist eigentlich Theatermacherin, Schauspielerin und Autorin und hat au\u00dferdem Ausbildungen zur examinierten Krankenschwester sowie zur staatlich anerkannten Erzieherin absolviert.\n  <\/p>\n<p class=\"mb-6 text-xs-varying md:text-m lg:text-l font-serif group-[.font-sans]:font-sans \">\n    Jana \u201eUrkraft\u201c Pallaske (47)\n  <\/p>\n<p>    <img decoding=\"async\" src=\"https:\/\/images.mgpd.de\/img\/114912200\/crop\/c16_9-w100\/707248845\/1651340849\/joyns1villaderversuchung3401961.jpg\" alt=\"Jana Urkraft\" title=\"Jana Urkraft\" loading=\"lazy\" class=\"h-full w-full object-cover\"\/><\/p>\n<p>      Icon vergr\u00f6\u00dfern<\/p>\n<p>    Jana Urkraft<br \/>\n    Foto: Joyn<\/p>\n<p>        Schlie\u00dfen <\/p>\n<p>      Icon Schlie\u00dfen<\/p>\n<p>        Icon vergr\u00f6\u00dfern<\/p>\n<p>        Icon verkleinern<\/p>\n<p>      Icon Pfeil bewegen<\/p>\n<p>    Jana Urkraft<br \/>\n    Foto: Joyn<\/p>\n<p class=\"mb-6 text-xs-varying md:text-m lg:text-l font-serif group-[.font-sans]:font-sans \">\n    Jana Pallaske, heute eher bekannt unter ihrem spirituellen Pseudonym \u201eJana Urkraft\u201c, ist vor allem als Schauspielerin und S\u00e4ngerin aktiv. In der \u201eFack-ju-G\u00f6the\u201c-Trilogie verk\u00f6rperte sie die Rolle der \u201eCharlie\u201c und war zudem in Hollywood-Produktionen wie Quentin Tarantinos \u201eInglourious Basterds\u201c zu sehen. Bis 2007 sang sie als \u201eBonnie Riot\u201c in der Punkband \u201eSpitting Off Tall Buildings\u201c. Durch Teilnahmen an \u201eDas Sommerhaus der Stars\u201c und \u201eIch bin ein Star \u2013 Holt mich hier raus!\u201c ist ihr die Reality-TV-Branche bereits vertraut.\n  <\/p>\n<p>  <script async src=\"\/\/www.instagram.com\/embed.js\"><\/script><\/p>\n","protected":false},"excerpt":{"rendered":"14 Realitystars ziehen in die \u201eVilla der Versuchung\u201c und k\u00e4mpfen um ein Preisgeld in H\u00f6he von 250.000 Euro.&hellip;\n","protected":false},"author":2,"featured_media":1228750,"comment_status":"","ping_status":"","sticky":false,"template":"","format":"standard","meta":{"footnotes":"","_share_on_mastodon":"0"},"categories":[1773],"tags":[29,214,30,12196,152,32978,255121,7416,471,1780,9812,38245,684,215,91329],"class_list":["post-1228749","post","type-post","status-publish","format-standard","has-post-thumbnail","category-serien","tag-deutschland","tag-entertainment","tag-germany","tag-ich-bin-ein-star-holt-mich-hier-raus","tag-instagram","tag-jenny-elvers","tag-paddy-kroetz","tag-promi-big-brother","tag-serien","tag-series","tag-sommerhaus-der-stars","tag-thorsten-legat","tag-tv","tag-unterhaltung","tag-versuchung"],"share_on_mastodon":{"url":"https:\/\/pubeurope.com\/@de\/117072866704900984","error":""},"_links":{"self":[{"href":"https:\/\/www.europesays.com\/de\/wp-json\/wp\/v2\/posts\/1228749","targetHints":{"allow":["GET"]}}],"collection":[{"href":"https:\/\/www.europesays.com\/de\/wp-json\/wp\/v2\/posts"}],"about":[{"href":"https:\/\/www.europesays.com\/de\/wp-json\/wp\/v2\/types\/post"}],"author":[{"embeddable":true,"href":"https:\/\/www.europesays.com\/de\/wp-json\/wp\/v2\/users\/2"}],"replies":[{"embeddable":true,"href":"https:\/\/www.europesays.com\/de\/wp-json\/wp\/v2\/comments?post=1228749"}],"version-history":[{"count":0,"href":"https:\/\/www.europesays.com\/de\/wp-json\/wp\/v2\/posts\/1228749\/revisions"}],"wp:featuredmedia":[{"embeddable":true,"href":"https:\/\/www.europesays.com\/de\/wp-json\/wp\/v2\/media\/1228750"}],"wp:attachment":[{"href":"https:\/\/www.europesays.com\/de\/wp-json\/wp\/v2\/media?parent=1228749"}],"wp:term":[{"taxonomy":"category","embeddable":true,"href":"https:\/\/www.europesays.com\/de\/wp-json\/wp\/v2\/categories?post=1228749"},{"taxonomy":"post_tag","embeddable":true,"href":"https:\/\/www.europesays.com\/de\/wp-json\/wp\/v2\/tags?post=1228749"}],"curies":[{"name":"wp","href":"https:\/\/api.w.org\/{rel}","templated":true}]}}