{"id":1228865,"date":"2026-08-10T21:10:31","date_gmt":"2026-08-10T21:10:31","guid":{"rendered":"https:\/\/www.europesays.com\/de\/1228865\/"},"modified":"2026-08-10T21:10:31","modified_gmt":"2026-08-10T21:10:31","slug":"eklat-bei-80er-festival-boy-george-stuermt-in-frankfurt-von-der-buehne-und-erhebt-vorwuerfe","status":"publish","type":"post","link":"https:\/\/www.europesays.com\/de\/1228865\/","title":{"rendered":"Eklat bei \u201e80er\u201c-Festival: Boy George st\u00fcrmt in Frankfurt von der B\u00fchne \u2013 und erhebt Vorw\u00fcrfe"},"content":{"rendered":"<p>Tonprobleme, ein abruptes Ende und Buhrufe: Boy George hat einen Auftritt in Frankfurt abgebrochen. In einem X-Beitrag vermutet er erst Sabotage \u2013\u00a0und l\u00f6scht die Aussagen dann wieder.<\/p>\n<p class=\"is-first-paragraph\" data-external=\"Article.FirstParagraph\">Der britische S\u00e4nger Boy George hat am Wochenende seinen Auftritt beim Festival \u201eDie 80er Live\u201c im Waldstadion in Frankfurt am Main nach weniger als 15 Minuten abgebrochen. Der 65-J\u00e4hrige verlie\u00df am Samstagabend nach Tonproblemen die B\u00fchne des Waldstadions und wurde von Teilen der rund 28.000 Zuschauer ausgebuht. Anschlie\u00dfend warf er den Tontechnikern in einem mittlerweile gel\u00f6schten Beitrag auf X vor, seinen Auftritt absichtlich sabotiert zu haben.<\/p>\n<p>Boy George war zun\u00e4chst laut einem Bericht der \u201e<a class=\"is-link c-block-items__link is-external c-link--rich-text-renderer\" href=\"https:\/\/www.hessenschau.de\/kultur\/eklat-bei-80er-party-in-frankfurt-boy-george-stuermt-wuetend-von-der-buehne-v1,80er-live-konzert-frankfurt-100.html\" target=\"_blank\" title=\"Link wird in einem neuen Tab ge\u00f6ffnet\" rel=\"nofollow noopener\" data-internal-tracking-enabled=\"true\" data-internal-tracking=\"{&quot;action&quot;:&quot;click&quot;,&quot;label&quot;:&quot;link&quot;,&quot;name&quot;:&quot;Inline Element&quot;,&quot;data&quot;:{&quot;source&quot;:&quot;&quot;,&quot;target&quot;:&quot;https:\/\/www.hessenschau.de\/kultur\/eklat-bei-80er-party-in-frankfurt-boy-george-stuermt-wuetend-von-der-buehne-v1,80er-live-konzert-frankfurt-100.html&quot;,&quot;trackingName&quot;:&quot;&quot;,&quot;trackingLabel&quot;:&quot;&quot;}}\">Hessenschau<\/a>\u201c begeistert empfangen worden. Er freue sich auf seinen ersten Auftritt, seit er gecancelt worden sei, habe der fr\u00fchere S\u00e4nger von Culture Club das Publikum begr\u00fc\u00dft. Damit meinte er Anfeindungen, die er f\u00fcr seinen proisraelischen Song \u201eWe Will Dance Again\u201c erhalten hatte.<\/p>\n<p>Doch die Vorstellung habe nur zwei Songs gedauert, hei\u00dft es. Der S\u00e4nger habe Probleme mit seinen In-Ear-Monitoren angedeutet, er habe wohl seine Mitmusiker nicht richtig h\u00f6ren k\u00f6nnen. Ohne weitere Erkl\u00e4rung sei er schlie\u00dflich von der B\u00fchne gest\u00fcrmt. <\/p>\n<p>Boy George macht Tontechniker f\u00fcr Probleme verantwortlich<\/p>\n<p>In einem inzwischen gel\u00f6schten X-Beitrag, \u00fcber den die \u201e<a class=\"is-link c-block-items__link is-external c-link--rich-text-renderer\" href=\"https:\/\/www.bild.de\/unterhaltung\/stars-und-leute\/konzertabbruch-in-frankfurt-boy-george-wirft-technikern-sabotage-vor-6a79b15835268e50270244dc\" target=\"_blank\" title=\"Link wird in einem neuen Tab ge\u00f6ffnet\" rel=\"nofollow noopener\" data-internal-tracking-enabled=\"true\" data-internal-tracking=\"{&quot;action&quot;:&quot;click&quot;,&quot;label&quot;:&quot;link&quot;,&quot;name&quot;:&quot;Inline Element&quot;,&quot;data&quot;:{&quot;source&quot;:&quot;&quot;,&quot;target&quot;:&quot;https:\/\/www.bild.de\/unterhaltung\/stars-und-leute\/konzertabbruch-in-frankfurt-boy-george-wirft-technikern-sabotage-vor-6a79b15835268e50270244dc&quot;,&quot;trackingName&quot;:&quot;&quot;,&quot;trackingLabel&quot;:&quot;&quot;}}\">Bild<\/a>\u201c-Zeitung und die \u201e<a class=\"is-link c-block-items__link is-external c-link--rich-text-renderer\" href=\"https:\/\/www.juedische-allgemeine.de\/kultur\/wurde-boy-george-bei-einem-konzert-in-frankfurt-sabotiert\/\" target=\"_blank\" title=\"Link wird in einem neuen Tab ge\u00f6ffnet\" rel=\"nofollow noopener\" data-internal-tracking-enabled=\"true\" data-internal-tracking=\"{&quot;action&quot;:&quot;click&quot;,&quot;label&quot;:&quot;link&quot;,&quot;name&quot;:&quot;Inline Element&quot;,&quot;data&quot;:{&quot;source&quot;:&quot;&quot;,&quot;target&quot;:&quot;https:\/\/www.juedische-allgemeine.de\/kultur\/wurde-boy-george-bei-einem-konzert-in-frankfurt-sabotiert\/&quot;,&quot;trackingName&quot;:&quot;&quot;,&quot;trackingLabel&quot;:&quot;&quot;}}\">J\u00fcdische Allgemeine<\/a>\u201c berichten, erhob der S\u00e4nger schwere Vorw\u00fcrfe gegen die Tontechniker. \u201eDie gro\u00dfen Jungs an den Monitoren auf der B\u00fchne haben beschlossen, meinen Auftritt zu sabotieren\u201c, schrieb er. Die In-Ear-Monitore seien so laut gewesen, dass er seine eigene Stimme kaum habe h\u00f6ren k\u00f6nnen. Als er darum gebeten habe, sie leiser zu stellen, seien sie noch lauter gedreht worden. \u201eIch gebe schon sehr lange Konzerte und ich erkenne den Gestank von Sabotage.\u201c<\/p>\n<p>Seine Ohren seien durch die Lautst\u00e4rke beeintr\u00e4chtigt worden, sodass er in London einen Arzt aufsuchen m\u00fcsse, erkl\u00e4rte Boy George weiter. \u201eWas f\u00fcr ein trauriger Abend. Danke f\u00fcr die Buhrufe\u201c, schrieb er. <a class=\"is-link c-block-items__link is-external c-link--rich-text-renderer\" href=\"https:\/\/x.com\/BoyGeorge\/status\/2086779334207938983?s=20\" target=\"_blank\" title=\"Link wird in einem neuen Tab ge\u00f6ffnet\" rel=\"nofollow noopener\" data-internal-tracking-enabled=\"true\" data-internal-tracking=\"{&quot;action&quot;:&quot;click&quot;,&quot;label&quot;:&quot;link&quot;,&quot;name&quot;:&quot;Inline Element&quot;,&quot;data&quot;:{&quot;source&quot;:&quot;&quot;,&quot;target&quot;:&quot;https:\/\/x.com\/BoyGeorge\/status\/2086779334207938983?s=20&quot;,&quot;trackingName&quot;:&quot;&quot;,&quot;trackingLabel&quot;:&quot;&quot;}}\">In einem weiteren Beitrag schrieb der S\u00e4nger<\/a>, er habe den X-Post gel\u00f6scht, weil es am Ende wohl ein R\u00e4tsel bleiben werde. Er habe schon genug Hass, mit dem er sich auseinandersetzen m\u00fcsse.<\/p>\n<p>Veranstalter Markus Krampe wies die Vorw\u00fcrfe gegen\u00fcber der \u201eBild\u201c-Zeitung zur\u00fcck. Weder die Techniker noch Boy Georges Tourmanager h\u00e4tten einen Fehler festgestellt, obwohl sie denselben Ton geh\u00f6rt h\u00e4tten. Der S\u00e4nger h\u00e4tte zudem seine In-Ear-Monitore entfernen und \u00fcber die vorhandenen Monitorboxen weitersingen k\u00f6nnen. Krampe k\u00fcndigte rechtliche Schritte an: \u201eWir haben einen Anwalt eingeschaltet und wollen die Gage zur\u00fcck.\u201c<\/p>\n<p>Boy George: \u201eIch habe im Moment die besten Anw\u00e4lte. Es sind Juden\u201c<\/p>\n<p><a class=\"is-link c-block-items__link c-link--rich-text-renderer\" href=\"https:\/\/www.welt.de\/vermischtes\/article6a704ea4cf0a7790ecb7de06\/boy-george-wird-fuer-israel-song-angefeindet-du-sagst-voelkermord-ich-sage-krieg.html\" data-internal-tracking-enabled=\"true\" data-internal-tracking=\"{&quot;action&quot;:&quot;click&quot;,&quot;label&quot;:&quot;link&quot;,&quot;name&quot;:&quot;Inline Element&quot;,&quot;data&quot;:{&quot;source&quot;:&quot;&quot;,&quot;target&quot;:&quot;https:\/\/www.welt.de\/vermischtes\/article6a704ea4cf0a7790ecb7de06\/boy-george-wird-fuer-israel-song-angefeindet-du-sagst-voelkermord-ich-sage-krieg.html&quot;,&quot;trackingName&quot;:&quot;&quot;,&quot;trackingLabel&quot;:&quot;&quot;}}\" rel=\"nofollow noopener\" target=\"_blank\">Der Auftritt fand wenige Tage nach einer Kontroverse um Boy Georges proisraelischen Song \u201eWe Will Dance Again\u201c statt<\/a>. Darin erinnert er an die Opfer des Hamas-Angriffs auf das Supernova-Musikfestival am 7. Oktober 2023 und bekundet seine Solidarit\u00e4t mit Israel. Der S\u00e4nger hatte anschlie\u00dfend von heftigen Anfeindungen berichtet und erkl\u00e4rt, wegen seiner Haltung mehrere pers\u00f6nliche und berufliche Beziehungen beendet zu haben.<\/p>\n<p>Kurz vor seinem Auftritt in Frankfurt hatte der 65-J\u00e4hrige auf X geschrieben: \u201e\u201aSolange Israel auf dieser Erde existiert, wird es keinen Frieden geben.\u2019 Wenn dieser Satz f\u00fcr Euch mehrdeutig ist, verpisst Euch aus meiner Timeline. Vertraut mir: Ich habe im Moment die besten Anw\u00e4lte. Es sind Juden! :)\u201c<\/p>\n<p>ll<\/p>\n","protected":false},"excerpt":{"rendered":"Tonprobleme, ein abruptes Ende und Buhrufe: Boy George hat einen Auftritt in Frankfurt abgebrochen. In einem X-Beitrag vermutet&hellip;\n","protected":false},"author":2,"featured_media":1228866,"comment_status":"","ping_status":"","sticky":false,"template":"","format":"standard","meta":{"footnotes":"","_share_on_mastodon":"0"},"categories":[1829],"tags":[143942,29,2050,51580,2051,30,2052,9668,250153,110,45],"class_list":["post-1228865","post","type-post","status-publish","format-standard","has-post-thumbnail","category-frankfurt-am-main","tag-boy-george","tag-deutschland","tag-frankfurt","tag-frankfurt-main","tag-frankfurt-am-main","tag-germany","tag-hessen","tag-musiker","tag-newsos-import-welt","tag-newsteam","tag-texttospeech"],"share_on_mastodon":{"url":"https:\/\/pubeurope.com\/@de\/117073269617127367","error":""},"_links":{"self":[{"href":"https:\/\/www.europesays.com\/de\/wp-json\/wp\/v2\/posts\/1228865","targetHints":{"allow":["GET"]}}],"collection":[{"href":"https:\/\/www.europesays.com\/de\/wp-json\/wp\/v2\/posts"}],"about":[{"href":"https:\/\/www.europesays.com\/de\/wp-json\/wp\/v2\/types\/post"}],"author":[{"embeddable":true,"href":"https:\/\/www.europesays.com\/de\/wp-json\/wp\/v2\/users\/2"}],"replies":[{"embeddable":true,"href":"https:\/\/www.europesays.com\/de\/wp-json\/wp\/v2\/comments?post=1228865"}],"version-history":[{"count":0,"href":"https:\/\/www.europesays.com\/de\/wp-json\/wp\/v2\/posts\/1228865\/revisions"}],"wp:featuredmedia":[{"embeddable":true,"href":"https:\/\/www.europesays.com\/de\/wp-json\/wp\/v2\/media\/1228866"}],"wp:attachment":[{"href":"https:\/\/www.europesays.com\/de\/wp-json\/wp\/v2\/media?parent=1228865"}],"wp:term":[{"taxonomy":"category","embeddable":true,"href":"https:\/\/www.europesays.com\/de\/wp-json\/wp\/v2\/categories?post=1228865"},{"taxonomy":"post_tag","embeddable":true,"href":"https:\/\/www.europesays.com\/de\/wp-json\/wp\/v2\/tags?post=1228865"}],"curies":[{"name":"wp","href":"https:\/\/api.w.org\/{rel}","templated":true}]}}