{"id":1228869,"date":"2026-08-10T21:12:37","date_gmt":"2026-08-10T21:12:37","guid":{"rendered":"https:\/\/www.europesays.com\/de\/1228869\/"},"modified":"2026-08-10T21:12:37","modified_gmt":"2026-08-10T21:12:37","slug":"koeln-verhandelt-bundesliga-routinier-von-union-berlin","status":"publish","type":"post","link":"https:\/\/www.europesays.com\/de\/1228869\/","title":{"rendered":"K\u00f6ln verhandelt Bundesliga-Routinier von Union Berlin"},"content":{"rendered":"<p>K\u00f6ln nimmt Kontakt zu Khedira auf<\/p>\n<p>Wie Sky berichtet, geh\u00f6rt Khedira zu den Kandidaten des <a href=\"https:\/\/www.fussballdaten.de\/vereine\/1-fc-koeln\/\" target=\"_blank\" rel=\"nofollow noopener\">1. FC K\u00f6ln<\/a> f\u00fcr das defensive Mittelfeld. Der FC sucht auf dieser Position noch nach Verst\u00e4rkung und hat deshalb Gespr\u00e4che mit dem 32-J\u00e4hrigen aufgenommen.<\/p>\n<p class=\"mb20 mt30\"><a href=\"https:\/\/www.fussballdaten.de\/person\/rani-khedira\/\" target=\"_blank\" rel=\"nofollow noopener\">Khedira<\/a> soll grunds\u00e4tzlich \u00fcber einen Abschied von <a href=\"https:\/\/www.fussballdaten.de\/vereine\/1-fc-union-berlin\/\" target=\"_blank\" rel=\"nofollow noopener\">Union Berlin<\/a> nachdenken. Bevor ein m\u00f6glicher Transfer konkreter werden kann, m\u00fcsste K\u00f6ln allerdings auch mit den Berlinern Kontakt aufnehmen.<\/p>\n<p>Khedira bringt viel Bundesliga Erfahrung mit<\/p>\n<p class=\"mb20 mt30\">Der defensive Mittelfeldspieler verf\u00fcgt \u00fcber umfangreiche Erfahrung in der Bundesliga. Insgesamt absolvierte Khedira bislang 287 Spiele in der h\u00f6chsten deutschen Spielklasse.<\/p>\n<p class=\"mb20 mt30\">Aktuell steht der fr\u00fchere deutsche U21-Nationalspieler bei Union Berlin unter Vertrag. Nun besch\u00e4ftigt sich K\u00f6ln mit einer m\u00f6glichen Verpflichtung des Mittelfeldspielers.<\/p>\n","protected":false},"excerpt":{"rendered":"K\u00f6ln nimmt Kontakt zu Khedira auf Wie Sky berichtet, geh\u00f6rt Khedira zu den Kandidaten des 1. FC K\u00f6ln&hellip;\n","protected":false},"author":2,"featured_media":1228870,"comment_status":"","ping_status":"","sticky":false,"template":"","format":"standard","meta":{"footnotes":"","_share_on_mastodon":"0"},"categories":[1828],"tags":[296,299,255145,29,7847,347,30,1420,1209,856,162308],"class_list":["post-1228869","post","type-post","status-publish","format-standard","has-post-thumbnail","category-koeln","tag-berlin","tag-bundesliga","tag-bundesliga-routinier","tag-deutschland","tag-football","tag-fussball","tag-germany","tag-koeln","tag-nordrhein-westfalen","tag-union","tag-verhandelt"],"share_on_mastodon":{"url":"https:\/\/pubeurope.com\/@de\/117073277260208418","error":""},"_links":{"self":[{"href":"https:\/\/www.europesays.com\/de\/wp-json\/wp\/v2\/posts\/1228869","targetHints":{"allow":["GET"]}}],"collection":[{"href":"https:\/\/www.europesays.com\/de\/wp-json\/wp\/v2\/posts"}],"about":[{"href":"https:\/\/www.europesays.com\/de\/wp-json\/wp\/v2\/types\/post"}],"author":[{"embeddable":true,"href":"https:\/\/www.europesays.com\/de\/wp-json\/wp\/v2\/users\/2"}],"replies":[{"embeddable":true,"href":"https:\/\/www.europesays.com\/de\/wp-json\/wp\/v2\/comments?post=1228869"}],"version-history":[{"count":0,"href":"https:\/\/www.europesays.com\/de\/wp-json\/wp\/v2\/posts\/1228869\/revisions"}],"wp:featuredmedia":[{"embeddable":true,"href":"https:\/\/www.europesays.com\/de\/wp-json\/wp\/v2\/media\/1228870"}],"wp:attachment":[{"href":"https:\/\/www.europesays.com\/de\/wp-json\/wp\/v2\/media?parent=1228869"}],"wp:term":[{"taxonomy":"category","embeddable":true,"href":"https:\/\/www.europesays.com\/de\/wp-json\/wp\/v2\/categories?post=1228869"},{"taxonomy":"post_tag","embeddable":true,"href":"https:\/\/www.europesays.com\/de\/wp-json\/wp\/v2\/tags?post=1228869"}],"curies":[{"name":"wp","href":"https:\/\/api.w.org\/{rel}","templated":true}]}}