{"id":1228936,"date":"2026-08-10T21:56:19","date_gmt":"2026-08-10T21:56:19","guid":{"rendered":"https:\/\/www.europesays.com\/de\/1228936\/"},"modified":"2026-08-10T21:56:19","modified_gmt":"2026-08-10T21:56:19","slug":"karlsruhe-nachtflohmarkt-im-rotag-garten-alle-infos-zu-programm-und-oeffnungszeiten","status":"publish","type":"post","link":"https:\/\/www.europesays.com\/de\/1228936\/","title":{"rendered":"Karlsruhe: Nachtflohmarkt im Rotag-Garten &#8211; alle Infos zu Programm und \u00d6ffnungszeiten"},"content":{"rendered":"<p class=\"mb-6 text-xs-varying md:text-m lg:text-l font-serif group-[.font-sans]:font-sans \">\n    Der Nachtflohmarkt im <a href=\"https:\/\/www.ka-news.de\/karlsruhe\/freizeit-und-veranstaltungen\/neu-open-decks-eroeffnet-im-rotag-garten-karlsruhe-mit-freiem-eintritt-114972080\" target=\"_self\" class=\"underline \" rel=\"nofollow noopener\">Rotag-Garten<\/a> in <a href=\"https:\/\/www.ka-news.de\/promis\/karlsruhe-kulturlandschaft-technologieregion-und-residenz-des-rechts-die-faecherstadt-im-ueberblick-art-2783253\" target=\"_self\" class=\"underline \" rel=\"nofollow noopener\">Karlsruhe<\/a> geht am Samstag, 15. August, zum ersten Mal an den Start. An rund 40 St\u00e4nden darf entspannt gest\u00f6bert werden, dazu gibt es Essen und Drinks an der Arkade Bar.\n  <\/p>\n<ul rel=\"\" class=\"[&amp;&gt;li]:relative list-none  [&amp;&gt;li]:pl-[1.2em] [&amp;&gt;li]:marker:text-[0] [&amp;&gt;li]:relative [&amp;&gt;li]:before:absolute [&amp;&gt;li]:before:w-3 [&amp;&gt;li]:before:h-3 [&amp;&gt;li]:before:bg-brand [&amp;&gt;li]:before:left-0 [&amp;&gt;li]:before:rounded-full [&amp;&gt;li]:before:top-[8px] md:[&amp;&gt;li]:before:top-[9px] lg:[&amp;&gt;li]:before:top-[11px]  my-5\">\n<li class=\" mb-3 text-xs-varying md:text-m lg:text-l\">Wann? Samstag, 15. August ab 17 Uhr<\/li>\n<li class=\" mb-3 text-xs-varying md:text-m lg:text-l\">Wo? Ehemaliges Rotag-Areal, Hardeckstra\u00dfe 2a, 76185 Karlsruhe-Gr\u00fcnwinkel<\/li>\n<li class=\" mb-3 text-xs-varying md:text-m lg:text-l\">Eintritt: Komplett frei (bei allen Veranstaltungen des Rotag-Gartens)<\/li>\n<li class=\" mb-3 text-xs-varying md:text-m lg:text-l\">Essen und Getr\u00e4nke: neue Getr\u00e4nkekarte, au\u00dferdem Pommes, Currywurst, Eis am Stiel oder Kaffee<\/li>\n<\/ul>\n<p>    <img decoding=\"async\" src=\"https:\/\/www.europesays.com\/de\/wp-content\/uploads\/2026\/08\/rotag-areal-2026-06-02-at-172126-3.jpg\" alt=\"Rotag-Garten.\" title=\"Rotag-Garten.\" loading=\"lazy\" class=\"h-full w-full object-cover\"\/><\/p>\n<p>      Icon vergr\u00f6\u00dfern<\/p>\n<p>    Rotag-Garten.<br \/>\n    Foto: Rotag-Garten<\/p>\n<p>        Schlie\u00dfen <\/p>\n<p>      Icon Schlie\u00dfen<\/p>\n<p>        Icon vergr\u00f6\u00dfern<\/p>\n<p>        Icon verkleinern<\/p>\n<p>      Icon Pfeil bewegen<\/p>\n<p>    Rotag-Garten.<br \/>\n    Foto: Rotag-Garten<\/p>\n<p>            Nachtflohmarkt im Rotag-Garten: Anfahrt<\/p>\n<p class=\"mb-6 text-xs-varying md:text-m lg:text-l font-serif group-[.font-sans]:font-sans \">\n    Das Rotag-Gel\u00e4nde in Gr\u00fcnwinkel l\u00e4sst sich mit Fahrrad, Auto oder dem \u00f6ffentlichen Nahverkehr erreichen. Von der Gr\u00fcnwinkler Br\u00fccke f\u00fchren sowohl ein Fahrrad- als auch ein Fu\u00dfg\u00e4ngerabgang zum Eingang des Gartens. Ein Parkplatz befindet sich ebenfalls in der N\u00e4he.\n  <\/p>\n<p>            Weitere Informationen<\/p>\n<p class=\"mb-6 text-xs-varying md:text-m lg:text-l font-serif group-[.font-sans]:font-sans \">\n    Dein Flohmarkt-Guide f\u00fcr <a href=\"https:\/\/www.ka-news.de\/karlsruhe\" target=\"_self\" class=\"underline \" rel=\"nofollow noopener\">Karlsruhe<\/a> &#8211; <a href=\"https:\/\/www.ka-news.de\/karlsruhe\/freizeit-und-veranstaltungen\/flohmarkt-karlsruhe-2026-alle-wichtigen-termine-fuer-troedelfans-im-ueberblick-12-113083284\" target=\"_self\" class=\"underline \" rel=\"nofollow noopener\">die wichtigsten Termine 2026 haben wir hier zusammengefasst<\/a>\n  <\/p>\n","protected":false},"excerpt":{"rendered":"Der Nachtflohmarkt im Rotag-Garten in Karlsruhe geht am Samstag, 15. August, zum ersten Mal an den Start. An&hellip;\n","protected":false},"author":2,"featured_media":1228937,"comment_status":"","ping_status":"","sticky":false,"template":"","format":"standard","meta":{"footnotes":"","_share_on_mastodon":"0"},"categories":[1844],"tags":[33622,513,1634,3364,29,1234,30,8903,26099,33603],"class_list":["post-1228936","post","type-post","status-publish","format-standard","has-post-thumbnail","category-karlsruhe","tag-nachtflohmarkt","tag-auto","tag-baden-wuerttemberg","tag-de","tag-deutschland","tag-fahrrad","tag-germany","tag-karlsruhe","tag-streetfood","tag-treffpunkt"],"share_on_mastodon":{"url":"https:\/\/pubeurope.com\/@de\/117073452621712788","error":""},"_links":{"self":[{"href":"https:\/\/www.europesays.com\/de\/wp-json\/wp\/v2\/posts\/1228936","targetHints":{"allow":["GET"]}}],"collection":[{"href":"https:\/\/www.europesays.com\/de\/wp-json\/wp\/v2\/posts"}],"about":[{"href":"https:\/\/www.europesays.com\/de\/wp-json\/wp\/v2\/types\/post"}],"author":[{"embeddable":true,"href":"https:\/\/www.europesays.com\/de\/wp-json\/wp\/v2\/users\/2"}],"replies":[{"embeddable":true,"href":"https:\/\/www.europesays.com\/de\/wp-json\/wp\/v2\/comments?post=1228936"}],"version-history":[{"count":0,"href":"https:\/\/www.europesays.com\/de\/wp-json\/wp\/v2\/posts\/1228936\/revisions"}],"wp:featuredmedia":[{"embeddable":true,"href":"https:\/\/www.europesays.com\/de\/wp-json\/wp\/v2\/media\/1228937"}],"wp:attachment":[{"href":"https:\/\/www.europesays.com\/de\/wp-json\/wp\/v2\/media?parent=1228936"}],"wp:term":[{"taxonomy":"category","embeddable":true,"href":"https:\/\/www.europesays.com\/de\/wp-json\/wp\/v2\/categories?post=1228936"},{"taxonomy":"post_tag","embeddable":true,"href":"https:\/\/www.europesays.com\/de\/wp-json\/wp\/v2\/tags?post=1228936"}],"curies":[{"name":"wp","href":"https:\/\/api.w.org\/{rel}","templated":true}]}}