{"id":1228943,"date":"2026-08-10T22:00:23","date_gmt":"2026-08-10T22:00:23","guid":{"rendered":"https:\/\/www.europesays.com\/de\/1228943\/"},"modified":"2026-08-10T22:00:23","modified_gmt":"2026-08-10T22:00:23","slug":"birmingham-bremm-gewinnt-silber-ueber-5-000-meter","status":"publish","type":"post","link":"https:\/\/www.europesays.com\/de\/1228943\/","title":{"rendered":"Birmingham | Bremm gewinnt Silber \u00fcber 5.000 Meter"},"content":{"rendered":"<p>Birmingham (dpa) &#8211; Florian Bremm hat bei den Leichtathletik-Europameisterschaften in Birmingham \u00fcber 5.000 Meter Silber geholt. Der 25-J\u00e4hrige musste sich nach einem packenden Schlussspurt nur dem Titelverteidiger Jakob Ingebrigtsen aus Norwegen geschlagen geben.\u00a0<\/p>\n<p>Nach Bronze f\u00fcr Yemisi Mabry im Kugelsto\u00dfen ist es bereits die zweite Medaille f\u00fcr den Deutschen Leichtathletik-Verband am ersten Finalabend. F\u00fcr Bremm ist es die erste EM-Medaille und der zugleich gr\u00f6\u00dfte Erfolg seiner Karriere. Der in diesem Jahr von Achillessehnenproblemen geplagte Ingebrigtsen (13:15,29 Minuten) \u00fcberholte Bremm (13:15,60 Minuten) noch auf den letzten Metern. Dritter wurde der Franzose Etienne Daguinos.<\/p>\n<p>Bremm lie\u00df in dieser Saison schon aufhorchen<\/p>\n<p>Obwohl Bremm kaum Erfahrung auf der ganz gro\u00dfen Leichtathletik-B\u00fchne hat, ist die Medaille zumindest angesichts der Saisonleistungen keine \u00dcberraschung. Mit 12:56,80 Minuten war er in diesem Jahr die Nummer drei in Europa.<\/p>\n<p>Bremm holte \u00fcber 5.000 Meter der M\u00e4nner das erste Edelmetall seit Richard Ringer, der 2016 in Amsterdam Bronze bejubelte und in Birmingham auf der Marathon-Distanz gl\u00e4nzen m\u00f6chte. Das letzte deutsche EM-Gold \u00fcber 5.000 Meter gewann 1994 Dieter Baumann.<\/p>\n","protected":false},"excerpt":{"rendered":"Birmingham (dpa) &#8211; Florian Bremm hat bei den Leichtathletik-Europameisterschaften in Birmingham \u00fcber 5.000 Meter Silber geholt. Der 25-J\u00e4hrige&hellip;\n","protected":false},"author":2,"featured_media":1228944,"comment_status":"","ping_status":"","sticky":false,"template":"","format":"standard","meta":{"footnotes":"","_share_on_mastodon":"0"},"categories":[1841],"tags":[1605,3364,29,11403,30,551,984,7591,1209],"class_list":["post-1228943","post","type-post","status-publish","format-standard","has-post-thumbnail","category-bielefeld","tag-bielefeld","tag-de","tag-deutschland","tag-em","tag-germany","tag-grossbritannien","tag-international","tag-leichtathletik","tag-nordrhein-westfalen"],"share_on_mastodon":{"url":"https:\/\/pubeurope.com\/@de\/117073466254846133","error":""},"_links":{"self":[{"href":"https:\/\/www.europesays.com\/de\/wp-json\/wp\/v2\/posts\/1228943","targetHints":{"allow":["GET"]}}],"collection":[{"href":"https:\/\/www.europesays.com\/de\/wp-json\/wp\/v2\/posts"}],"about":[{"href":"https:\/\/www.europesays.com\/de\/wp-json\/wp\/v2\/types\/post"}],"author":[{"embeddable":true,"href":"https:\/\/www.europesays.com\/de\/wp-json\/wp\/v2\/users\/2"}],"replies":[{"embeddable":true,"href":"https:\/\/www.europesays.com\/de\/wp-json\/wp\/v2\/comments?post=1228943"}],"version-history":[{"count":0,"href":"https:\/\/www.europesays.com\/de\/wp-json\/wp\/v2\/posts\/1228943\/revisions"}],"wp:featuredmedia":[{"embeddable":true,"href":"https:\/\/www.europesays.com\/de\/wp-json\/wp\/v2\/media\/1228944"}],"wp:attachment":[{"href":"https:\/\/www.europesays.com\/de\/wp-json\/wp\/v2\/media?parent=1228943"}],"wp:term":[{"taxonomy":"category","embeddable":true,"href":"https:\/\/www.europesays.com\/de\/wp-json\/wp\/v2\/categories?post=1228943"},{"taxonomy":"post_tag","embeddable":true,"href":"https:\/\/www.europesays.com\/de\/wp-json\/wp\/v2\/tags?post=1228943"}],"curies":[{"name":"wp","href":"https:\/\/api.w.org\/{rel}","templated":true}]}}