{"id":1228986,"date":"2026-08-11T03:29:35","date_gmt":"2026-08-11T03:29:35","guid":{"rendered":"https:\/\/www.europesays.com\/de\/1228986\/"},"modified":"2026-08-11T03:29:35","modified_gmt":"2026-08-11T03:29:35","slug":"ludwigshafen-89-jaehrige-vermisst-hubschrauber-sucht","status":"publish","type":"post","link":"https:\/\/www.europesays.com\/de\/1228986\/","title":{"rendered":"Ludwigshafen: 89-J\u00e4hrige vermisst \u2013 Hubschrauber sucht"},"content":{"rendered":"<p><img loading=\"lazy\" decoding=\"async\" src=\"https:\/\/www.europesays.com\/de\/wp-content\/uploads\/2026\/08\/Polizeihubschrauber-1.jpg\" alt=\"Polizeihubschrauber\" width=\"1009\" height=\"587\" class=\"alignnone size-full wp-image-649325\"  \/>Ludwigshafen \u2013 Aktuell: Gro\u00dfe Personensuche in Friesenheim \u2013 89-J\u00e4hrige vermisst \u2013 Polizeihubschrauber im Einsatz<\/p>\n<p>Ludwigshafen-Friesenheim \/ Metropolregion Rhein-Neckar. Aktuell l\u00e4uft in Ludwigshafen eine gr\u00f6\u00dfere Suche nach einer 89-j\u00e4hrigen vermissten Person. Nach Angaben der Polizei k\u00f6nnte sich die vermisste Person m\u00f6glicherweise in einer hilflosen Lage befinden.<\/p>\n<p>Die Suchma\u00dfnahmen konzentrieren sich derzeit insbesondere auf den Bereich Ludwigshafen-Friesenheim. Dort sind Kr\u00e4fte von Polizei und Feuerwehr im Einsatz und suchen nach der 89-j\u00e4hrigen Person.<\/p>\n<p>Unterst\u00fctzt werden die Einsatzkr\u00e4fte aus der Luft durch einen Polizeihubschrauber. Dieser ist derzeit \u00fcber dem Stadtgebiet zu h\u00f6ren und im Rahmen der Personensuche unterwegs.<\/p>\n<p>Der Hubschraubereinsatz ist zeitweise auch \u00fcber angrenzenden Bereichen wahrnehmbar.<\/p>\n<p>Weitere Einzelheiten zur Identit\u00e4t der vermissten Person sowie zu den n\u00e4heren Umst\u00e4nden ihres Verschwindens liegen derzeit noch nicht vor.<\/p>\n<p>MRN-News wird nachberichten, sobald weitere gesicherte Informationen vorliegen.<\/p>\n<p class=\"post-modified-info\">Zuletzt aktualisiert am 10. August 2026, 22:36<\/p>\n","protected":false},"excerpt":{"rendered":"Ludwigshafen \u2013 Aktuell: Gro\u00dfe Personensuche in Friesenheim \u2013 89-J\u00e4hrige vermisst \u2013 Polizeihubschrauber im Einsatz Ludwigshafen-Friesenheim \/ Metropolregion Rhein-Neckar.&hellip;\n","protected":false},"author":2,"featured_media":1228987,"comment_status":"","ping_status":"","sticky":false,"template":"","format":"standard","meta":{"footnotes":"","_share_on_mastodon":"0"},"categories":[1845],"tags":[94724,255157,1634,18412,3364,29,588,9032,548,663,3934,255158,239097,38692,30,13,255159,255160,25729,259,25476,127246,2096,25488,25489,81901,14,14480,15,27789,58976,255161,121,223367,9804,255162,255163,5206,28951,12,2804,11730,120,5118],"class_list":["post-1228986","post","type-post","status-publish","format-standard","has-post-thumbnail","category-mannheim","tag-vermisste-person","tag-89-jaehrige-vermisst","tag-baden-wuerttemberg","tag-bereich","tag-de","tag-deutschland","tag-einsatz","tag-einsatzkraefte","tag-eu","tag-europa","tag-europe","tag-feuerwehr-im-einsatz","tag-feuerwehr-ludwigshafen","tag-friesenheim","tag-germany","tag-headlines","tag-hilflose-lage","tag-hubschrauber-friesenheim","tag-hubschraubereinsatz","tag-informationen","tag-ludwigshafen","tag-ludwigshafen-friesenheim","tag-mannheim","tag-metropolregion","tag-metropolregion-rhein-neckar","tag-mrn-news","tag-nachrichten","tag-neckar","tag-news","tag-oggersheim","tag-personensuche","tag-personensuche-ludwigshafen","tag-polizei","tag-polizei-ludwigshafen","tag-polizeihubschrauber","tag-polizeihubschrauber-im-einsatz","tag-polizeihubschrauber-ludwigshafen","tag-rhein","tag-rhein-neckar","tag-schlagzeilen","tag-stadtgebiet","tag-suche","tag-vermisst","tag-vermisstensuche"],"share_on_mastodon":{"url":"","error":"Validation failed: Text character limit of 500 exceeded"},"_links":{"self":[{"href":"https:\/\/www.europesays.com\/de\/wp-json\/wp\/v2\/posts\/1228986","targetHints":{"allow":["GET"]}}],"collection":[{"href":"https:\/\/www.europesays.com\/de\/wp-json\/wp\/v2\/posts"}],"about":[{"href":"https:\/\/www.europesays.com\/de\/wp-json\/wp\/v2\/types\/post"}],"author":[{"embeddable":true,"href":"https:\/\/www.europesays.com\/de\/wp-json\/wp\/v2\/users\/2"}],"replies":[{"embeddable":true,"href":"https:\/\/www.europesays.com\/de\/wp-json\/wp\/v2\/comments?post=1228986"}],"version-history":[{"count":0,"href":"https:\/\/www.europesays.com\/de\/wp-json\/wp\/v2\/posts\/1228986\/revisions"}],"wp:featuredmedia":[{"embeddable":true,"href":"https:\/\/www.europesays.com\/de\/wp-json\/wp\/v2\/media\/1228987"}],"wp:attachment":[{"href":"https:\/\/www.europesays.com\/de\/wp-json\/wp\/v2\/media?parent=1228986"}],"wp:term":[{"taxonomy":"category","embeddable":true,"href":"https:\/\/www.europesays.com\/de\/wp-json\/wp\/v2\/categories?post=1228986"},{"taxonomy":"post_tag","embeddable":true,"href":"https:\/\/www.europesays.com\/de\/wp-json\/wp\/v2\/tags?post=1228986"}],"curies":[{"name":"wp","href":"https:\/\/api.w.org\/{rel}","templated":true}]}}