{"id":1229060,"date":"2026-08-11T04:25:28","date_gmt":"2026-08-11T04:25:28","guid":{"rendered":"https:\/\/www.europesays.com\/de\/1229060\/"},"modified":"2026-08-11T04:25:28","modified_gmt":"2026-08-11T04:25:28","slug":"geheimtipp-fuer-stuttgart-diese-altstadt-gilt-als-die-schoenste-deutschlands","status":"publish","type":"post","link":"https:\/\/www.europesays.com\/de\/1229060\/","title":{"rendered":"Geheimtipp f\u00fcr Stuttgart: Diese Altstadt gilt als die sch\u00f6nste Deutschlands"},"content":{"rendered":"<p>Geheimtipp in Franken <\/p>\n<p>Die &#8222;sch\u00f6nste Altstadt Deutschlands&#8220; entdecken<\/p>\n<p>Aktualisiert am 11.08.2026 &#8211; 06:24 UhrLesedauer: 3 Min.<\/p>\n<p><a href=\"#focus-0\" class=\"transition-colors block text-current relative\" data-sctrack=\"FocusGalleryImage.Reference\"><img fetchpriority=\"high\" data-testid=\"Opener.Image\"   loading=\"eager\" src=\"https:\/\/www.europesays.com\/de\/wp-content\/uploads\/2026\/05\/buergerhaeuser-in-der-altstadt-hinten-der-gruene-turm-romantische-strasse-dinkelsbuehl-mittelfranken.jpeg\" alt=\"imago images 0807387854\" title=\"imago images 0807387854\" width=\"4000\" height=\"2250\" class=\"bg-[url:var(--lqipURL)] bg-cover bg-center flex h-full w-full max-w-full\" style=\"--lqipURL:url('https:\/\/images.t-online.de\/2025\/12\/tWdz6i9CVO4p\/0x209:4000x2250\/fit-in\/150x0\/filters:blur(25)\/buergerhaeuser-in-der-altstadt-hinten-der-gruene-turm-romantische-strasse-dinkelsbuehl-mittelfranken-franken-bayern-deutschland-europa-town-houses-in-the-old-town-centre-behind-the-green-tower-romantic-road-dinkelsbuehl-middle-franconia-franconia-bavaria-germany-europe-copyright-imagebroker-andreasxvitting-iblavg12929422-jpg.jpg')\" decoding=\"async\"\/><img loading=\"lazy\" src=\"https:\/\/stuttgart.t-online.de\/s\/paper\/_next\/static\/media\/zoom-in.f7dae02f.svg\" alt=\"Vergr\u00f6\u00dfern des Bildes\" title=\"Vergr\u00f6\u00dfern des Bildes\" class=\"block h-[calc(var(--height)_\/_16_*_1rem)] w-[calc(var(--width)_\/_16_*_1rem)] max-w-none absolute right-8 bottom-8 rounded-4 bg-snow p-8\" style=\"--width:32;--height:32\" decoding=\"async\"\/><\/a><\/p>\n<p>Die Alstadt von Dinkelsb\u00fchl mit dem Gr\u00fcnen Turm im Hintergrund (Archivbild): Sie gilt als eine der sch\u00f6nsten in Deutschland. (Quelle: IMAGO\/imageBROKER\/Andreas Vitting\/imago)<\/p>\n<p><img loading=\"lazy\" src=\"https:\/\/stuttgart.t-online.de\/s\/paper\/_next\/static\/media\/audio-volume.6689034c.svg\" alt=\"\" title=\"\" class=\"block h-[calc(var(--height)_\/_16_*_1rem)] w-[calc(var(--width)_\/_16_*_1rem)] max-w-none group-hover:brightness-0 group-hover:invert\" style=\"--width:16;--height:16\" decoding=\"async\"\/>Vorlesen<\/p>\n<p>Aktuelle Zeit:0:00Gesamtdauer:0:00<\/p>\n<p>1x<\/p>\n<p class=\"text-center\">Jetzt neu bei t-online:<\/p>\n<p class=\"text-center\">Schriftgr\u00f6\u00dfe anpassen!<\/p>\n<p><img loading=\"lazy\" src=\"https:\/\/stuttgart.t-online.de\/s\/paper\/_next\/static\/media\/font-sizes.32942e33.svg\" alt=\"\" title=\"\" class=\"block h-[calc(var(--height)_\/_16_*_1rem)] w-[calc(var(--width)_\/_16_*_1rem)] max-w-none group-hover:hidden group-aria-expanded:hidden\" style=\"--width:16;--height:16\" decoding=\"async\"\/><img loading=\"lazy\" src=\"https:\/\/stuttgart.t-online.de\/s\/paper\/_next\/static\/media\/font-sizes-dark-mode.e382645c.svg\" alt=\"\" title=\"\" class=\"block h-[calc(var(--height)_\/_16_*_1rem)] w-[calc(var(--width)_\/_16_*_1rem)] max-w-none hidden group-hover:block group-aria-expanded:block\" style=\"--width:16;--height:16\" decoding=\"async\"\/><img loading=\"lazy\" src=\"https:\/\/stuttgart.t-online.de\/s\/paper\/_next\/static\/media\/sharing-menu-icon.1eb71368.svg\" alt=\"\" title=\"\" class=\"block h-[calc(var(--height)_\/_16_*_1rem)] w-[calc(var(--width)_\/_16_*_1rem)] max-w-none group-hover:brightness-0 group-hover:invert\" style=\"--width:16;--height:16\" decoding=\"async\"\/>Artikel teilen<\/p>\n<p class=\"font-bold text-18 leading-17 user-text-lg:text-22 user-text-xl:text-24\">Wer Pfade abseits des Massentourismus gehen will, sollte in eine kleine fr\u00e4nkische Stadt. Nur 90 Minuten entfernt von Stuttgart lockt sie mit farbenfrohe Fassaden.<\/p>\n<p class=\"text-18 leading-17 user-text-lg:text-22 user-text-xl:text-24\">Eine Burgmauer, Fachwerk und helle Farben: Die Beschreibung passt zu vielen fr\u00e4nkischen St\u00e4dten. Eine kleine Stadt im Landkreis Ansbach schl\u00e4gt sie alle. Dinkelsb\u00fchl wurde vom &#8222;Focus&#8220;-Magazin einmal sogar als &#8222;sch\u00f6nste Altstadt Deutschlands&#8220; ausgezeichnet.<\/p>\n<p class=\"text-18 leading-17 user-text-lg:text-22 user-text-xl:text-24\">Im Vergleich zum nahegelegenen Rothenburg ob der Tauber geht es in Dinkelsb\u00fchl sp\u00fcrbar entspannter zu \u2013 trotzdem ist die 12.000-Einwohner-Stadt voller historischer Sch\u00e4tze. Wer durch die Gassen streift, stolpert praktisch an jeder Ecke \u00fcber ein St\u00fcck Geschichte.<\/p>\n<p class=\"text-18 leading-17 user-text-lg:text-22 user-text-xl:text-24\">Das kommt nicht von ungef\u00e4hr: Schon um 730 nach Christus soll hier ein fr\u00e4nkischer K\u00f6nigshof entstanden sein \u2013 an einem strategisch wichtigen Knotenpunkt mehrerer Fernwege. Die Altstadt in ihrer heutigen Form wurde dann vermutlich um 1130 erbaut.<\/p>\n<p><a href=\"#focus-1\" class=\"transition-colors block text-current relative\" data-sctrack=\"FocusGalleryImage.Reference\"><img   loading=\"lazy\" src=\"https:\/\/www.europesays.com\/de\/wp-content\/uploads\/2026\/05\/historic-city-gate-in-old-town-of-dinkelsbuehl-bavaria-on-a-sunny-day-stsf03975.jpg\" alt=\"imago images 0831305813\" title=\"imago images 0831305813\" width=\"2666\" height=\"1500\" class=\"h-full w-full max-w-full rounded-8\" decoding=\"async\"\/><img loading=\"lazy\" src=\"https:\/\/stuttgart.t-online.de\/s\/paper\/_next\/static\/media\/zoom-in.f7dae02f.svg\" alt=\"Vergr\u00f6\u00dfern des Bildes\" title=\"Vergr\u00f6\u00dfern des Bildes\" class=\"block h-[calc(var(--height)_\/_16_*_1rem)] w-[calc(var(--width)_\/_16_*_1rem)] max-w-none absolute right-8 bottom-8 rounded-4 bg-snow p-8\" style=\"--width:32;--height:32\" decoding=\"async\"\/>Das W\u00f6rnitzor in Dinkelb\u00fchl (Archivbild): Vier Tore hat die Stadtmauwer. (Quelle: IMAGO\/Stefan Schurr\/imago)<\/a><\/p>\n<p class=\"text-18 leading-17 user-text-lg:text-22 user-text-xl:text-24\">Um 1372 entstand die heutige Stadtmauer, die das Stadtbild pr\u00e4gt. Sie umgibt das Zentrum auf einer L\u00e4nge von 2.500 Metern. Zuvor gab es bereits eine wesentlich kleinere Mauer, den &#8222;staufischen Mauerring&#8220;. Auch von diesem sind noch Reste zu sehen.<\/p>\n<p class=\"text-18 leading-17 user-text-lg:text-22 user-text-xl:text-24\">Zeitgleich ist die Mauer ein guter Ausgang f\u00fcr einen Stadtspaziergang: Wer dem Mauerring Richtung Spitalhof folgt, kommt zum &#8222;Mauerknick&#8220;, wo die alte und die neue Mauer zusammentreffen. Auch die historischen Zwinger und Zwingert\u00fcrme sowie vier Stadttore sind bis heute vollst\u00e4ndig erhalten.<\/p>\n<p>Eine schmucke Kirche \u2013 mit besonderem Fenster<\/p>\n<p><a href=\"#focus-2\" class=\"transition-colors block text-current relative\" data-sctrack=\"FocusGalleryImage.Reference\"><img   loading=\"lazy\" src=\"https:\/\/www.europesays.com\/de\/wp-content\/uploads\/2026\/08\/das-mittelalterliche-dinkelsbuehl.jpg\" alt=\"Das mittelalterliche Dinkelsb\u00fchl\" title=\"Das mittelalterliche Dinkelsb\u00fchl\" width=\"1920\" height=\"1080\" class=\"h-full w-full max-w-full rounded-8\" decoding=\"async\"\/><img loading=\"lazy\" src=\"https:\/\/stuttgart.t-online.de\/s\/paper\/_next\/static\/media\/zoom-in.f7dae02f.svg\" alt=\"Vergr\u00f6\u00dfern des Bildes\" title=\"Vergr\u00f6\u00dfern des Bildes\" class=\"block h-[calc(var(--height)_\/_16_*_1rem)] w-[calc(var(--width)_\/_16_*_1rem)] max-w-none absolute right-8 bottom-8 rounded-4 bg-snow p-8\" style=\"--width:32;--height:32\" decoding=\"async\"\/>Das M\u00fcnster St. Georg (Archivbild): Die Kriche ist ein Blickfang. (Quelle: David Haas\/Touristik Service Dinkelsb\u00fchl\/dpa-tmn)<\/a><\/p>\n<p class=\"text-18 leading-17 user-text-lg:text-22 user-text-xl:text-24\">Sehenswert ist zudem das M\u00fcnster St. Georg. Die m\u00e4chtige Kirche wurde in den Jahren 1448 bis 1499 erbaut und gilt nach Angaben der Stadt als die sch\u00f6nste sp\u00e4tgotische Hallenkirche S\u00fcddeutschlands. Ein kurioses Detail ist das sogenannte &#8222;Brezenfenster&#8220; \u2013 gestiftet von der B\u00e4ckerzunft.<\/p>\n<p class=\"text-18 leading-17 user-text-lg:text-22 user-text-xl:text-24\">Um die Kirche herum k\u00f6nnen Besucher wundersch\u00f6ne Gassen mit zahlreichen Fachwerkh\u00e4usern bestaunen. Besonders charmant: Viele Aufschriften der Gesch\u00e4fte und Restaurants in der Innenstadt sind in altdeutscher Schrift verfasst \u2013 und f\u00fcgen sich so perfekt ins Stadtbild ein.<\/p>\n<p><a href=\"#focus-3\" class=\"transition-colors block text-current relative\" data-sctrack=\"FocusGalleryImage.Reference\"><img   loading=\"lazy\" src=\"https:\/\/www.europesays.com\/de\/wp-content\/uploads\/2026\/08\/faulturm-rothenburger-weiher-spiegelung-stadtmauer-turm-weinhnachtsbeleuchtung-blaue-stunde-historis.jpeg\" alt=\"imago images 0198527164\" title=\"imago images 0198527164\" width=\"4000\" height=\"2250\" class=\"h-full w-full max-w-full rounded-8\" decoding=\"async\"\/><img loading=\"lazy\" src=\"https:\/\/stuttgart.t-online.de\/s\/paper\/_next\/static\/media\/zoom-in.f7dae02f.svg\" alt=\"Vergr\u00f6\u00dfern des Bildes\" title=\"Vergr\u00f6\u00dfern des Bildes\" class=\"block h-[calc(var(--height)_\/_16_*_1rem)] w-[calc(var(--width)_\/_16_*_1rem)] max-w-none absolute right-8 bottom-8 rounded-4 bg-snow p-8\" style=\"--width:32;--height:32\" decoding=\"async\"\/>Zur jeden Jahreszeit wundersch\u00f6n (Archivbild): Abends werden die Sehensw\u00fcrdigkeiten in Dinkelsb\u00fchl, hier der Faulturm, beleuchtet. (Quelle: IMAGO\/imageBROKER\/Wolfgang Veeser\/imago)<\/a><\/p>\n","protected":false},"excerpt":{"rendered":"Geheimtipp in Franken Die &#8222;sch\u00f6nste Altstadt Deutschlands&#8220; entdecken Aktualisiert am 11.08.2026 &#8211; 06:24 UhrLesedauer: 3 Min. Die Alstadt&hellip;\n","protected":false},"author":2,"featured_media":1229061,"comment_status":"","ping_status":"","sticky":false,"template":"","format":"standard","meta":{"footnotes":"","_share_on_mastodon":"0"},"categories":[1830],"tags":[2201,50153,1634,3364,29,120886,4348,8081,30,195570,39262,8970,23879,1441],"class_list":["post-1229060","post","type-post","status-publish","format-standard","has-post-thumbnail","category-stuttgart","tag-2201","tag-ansbach","tag-baden-wuerttemberg","tag-de","tag-deutschland","tag-dinkelsbuehl","tag-franken","tag-geheimtipp","tag-germany","tag-landkreis-ansbach","tag-massentourismus","tag-muenster","tag-rothenburg-ob-der-tauber","tag-stuttgart"],"share_on_mastodon":{"url":"","error":""},"_links":{"self":[{"href":"https:\/\/www.europesays.com\/de\/wp-json\/wp\/v2\/posts\/1229060","targetHints":{"allow":["GET"]}}],"collection":[{"href":"https:\/\/www.europesays.com\/de\/wp-json\/wp\/v2\/posts"}],"about":[{"href":"https:\/\/www.europesays.com\/de\/wp-json\/wp\/v2\/types\/post"}],"author":[{"embeddable":true,"href":"https:\/\/www.europesays.com\/de\/wp-json\/wp\/v2\/users\/2"}],"replies":[{"embeddable":true,"href":"https:\/\/www.europesays.com\/de\/wp-json\/wp\/v2\/comments?post=1229060"}],"version-history":[{"count":0,"href":"https:\/\/www.europesays.com\/de\/wp-json\/wp\/v2\/posts\/1229060\/revisions"}],"wp:featuredmedia":[{"embeddable":true,"href":"https:\/\/www.europesays.com\/de\/wp-json\/wp\/v2\/media\/1229061"}],"wp:attachment":[{"href":"https:\/\/www.europesays.com\/de\/wp-json\/wp\/v2\/media?parent=1229060"}],"wp:term":[{"taxonomy":"category","embeddable":true,"href":"https:\/\/www.europesays.com\/de\/wp-json\/wp\/v2\/categories?post=1229060"},{"taxonomy":"post_tag","embeddable":true,"href":"https:\/\/www.europesays.com\/de\/wp-json\/wp\/v2\/tags?post=1229060"}],"curies":[{"name":"wp","href":"https:\/\/api.w.org\/{rel}","templated":true}]}}