{"id":1229078,"date":"2026-08-11T04:37:19","date_gmt":"2026-08-11T04:37:19","guid":{"rendered":"https:\/\/www.europesays.com\/de\/1229078\/"},"modified":"2026-08-11T04:37:19","modified_gmt":"2026-08-11T04:37:19","slug":"sommerwetter-sonne-und-wohl-kein-regen-in-berlin-und-brandenburg-2","status":"publish","type":"post","link":"https:\/\/www.europesays.com\/de\/1229078\/","title":{"rendered":"Sommerwetter: Sonne und wohl kein Regen in Berlin und Brandenburg"},"content":{"rendered":"<p>Quelle: dpa Berlin\/Brandenburg<br \/>\n        11. August 2026, 6:10 Uhr\n    <\/p>\n<p>        Sie k\u00f6nnen sich Artikel der ZEIT in der Google-Suche nun bevorzugt anzeigen lassen.<\/p>\n<p>        <a class=\"zps-widget__icon\" href=\"https:\/\/www.google.com\/preferences\/source?q=zeit.de\" data-ct-label=\"Google Preferred Source Onboarding Widget Icon\" id=\"zps-link-icon-activate\" aria-label=\"ZEIT als bevorzugte Quelle bei Google aktivieren\" target=\"_blank\" rel=\"nofollow noopener\"><\/p>\n<p>        <\/a><\/p>\n<p>        Hinweis<\/p>\n<p class=\"article-notice__text\">DIE ZEIT hat diese Meldung redaktionell nicht bearbeitet. Sie wurde automatisch von der Deutschen Presse-Agentur (dpa) \u00fcbernommen.<\/p>\n<p>            <img decoding=\"async\" class=\"article__media-item\" src=\"https:\/\/www.europesays.com\/de\/wp-content\/uploads\/2026\/08\/1786423039_262_wide__660x371.jpeg\" alt=\"Sommerwetter: In den kommenden Tagen rechnet der DWD mit Sonne. Es bleibt trocken. (Symbolbild)\"\/><\/p>\n<p>                    In den kommenden Tagen rechnet der DWD mit Sonne. Es bleibt trocken. (Symbolbild)<br \/>\n            \u00a9\u00a0Frank Hammerschmidt\/\u200bdpa<\/p>\n<p class=\"paragraph article__item\">Vergleichsweise milde Temperaturen erwarten die Menschen in <a class=\"rtr-entity\" href=\"https:\/\/www.zeit.de\/thema\/berlin\" rel=\"nofollow noopener\" target=\"_blank\">Berlin<\/a> und Brandenburg. Der Deutsche Wetterdienst (DWD) rechnet heute mit H\u00f6chsttemperaturen zwischen 21 Grad in der Uckermark und 24 Grad in der Elbe-Elster-Niederung. Es soll zudem Quellwolken und viel Sonnenschein geben &#8211; der Prognose zufolge bleibt es trocken. F\u00fcr die Nacht prognostiziert der DWD auch keinen Regen, sondern \u00fcberwiegend geringe Bew\u00f6lkung und Tiefstwerte zwischen 11 und 6 Grad.\u00a0\n<\/p>\n<p>Aktuelles<\/p>\n<p>                <a href=\"https:\/\/www.zeit.de\/wissenschaft\/umwelt\/2026-07\/wetter-juli-2026-deutschland-dwd-trockenheit-hitze\" data-ct-label=\"Deutscher Wetterdienst: Juli war au\u00dfergew\u00f6hnlich warm und trocken\" data-uuid=\"7571b029-2088-4a5b-872c-804d7d4cb1e8\" rel=\"nofollow noopener\" target=\"_blank\"><\/p>\n<p>                        Deutscher Wetterdienst:<br \/>\n                        Juli war au\u00dfergew\u00f6hnlich warm und trocken<\/p>\n<p>                <\/a><\/p>\n<p>                <a href=\"https:\/\/www.zeit.de\/wissenschaft\/umwelt\/2026-07\/wetter-deutschland-hitze-tropennacht-gewitter\" data-ct-label=\"Hitze: Meteorologen erwarten Tropenn\u00e4chte und Hitze bis 36 Grad\" data-uuid=\"fbfdf2b1-7b64-4d62-acd5-30ea70f05511\" rel=\"nofollow noopener\" target=\"_blank\"><\/p>\n<p>                        Hitze:<br \/>\n                        Meteorologen erwarten Tropenn\u00e4chte und Hitze bis 36 Grad<\/p>\n<p>                <\/a><\/p>\n<p>                <a href=\"https:\/\/www.zeit.de\/wissenschaft\/umwelt\/2026-08\/wetter-deutschland-temperaturen-sueddeutschland-deutscher-wetterdienst\" data-ct-label=\"Hitzewelle: Meteorologen rechnen zum Wochenende erneut mit Hitze in Deutschland\" data-uuid=\"4412247b-7554-4147-8075-0a68d32673ab\" rel=\"nofollow noopener\" target=\"_blank\"><\/p>\n<p>                        Hitzewelle:<br \/>\n                        Meteorologen rechnen zum Wochenende erneut mit Hitze in Deutschland<\/p>\n<p>                <\/a><\/p>\n<p class=\"paragraph article__item\">Am Mittwoch bleibt der Regen demnach ebenfalls aus. Vorausgesagt wird heiteres und trockenes Wetter bei maximalen Temperaturen zwischen 24 und 27 Grad. In der Nacht zum Donnerstag sinken die Temperaturen voraussichtlich auf Werte zwischen 13 und 9 Grad, bei einem gering bew\u00f6lkten bis klaren Himmel.\n<\/p>\n<p class=\"paragraph article__item\">Am Donnerstag legen die Temperaturen zu: Der Prognose zufolge sind H\u00f6chstwerte von 28 bis 31 Grad m\u00f6glich. Ein schwacher Ostwind k\u00f6nnte zeitweise f\u00fcr leichte Erfrischung sorgen. Die Wahrscheinlichkeit f\u00fcr Regen ist laut Wetterdienst extrem gering.\n<\/p>\n<p class=\"paragraph article__item\">\u00a9 dpa-infocom, dpa:260811-930-511896\/1<\/p>\n","protected":false},"excerpt":{"rendered":"Quelle: dpa Berlin\/Brandenburg 11. August 2026, 6:10 Uhr Sie k\u00f6nnen sich Artikel der ZEIT in der Google-Suche nun&hellip;\n","protected":false},"author":2,"featured_media":1229079,"comment_status":"","ping_status":"","sticky":false,"template":"","format":"standard","meta":{"footnotes":"","_share_on_mastodon":"0"},"categories":[1825],"tags":[1941,1939,296,1937,1890,29,4906,30,74383,1940,15,1938,65336,12088,1973],"class_list":["post-1229078","post","type-post","status-publish","format-standard","has-post-thumbnail","category-berlin","tag-aktuelle-nachrichten-aus-berlin","tag-aktuelle-news-aus-berlin","tag-berlin","tag-berlin-news","tag-brandenburg","tag-deutschland","tag-dwd","tag-germany","tag-hoechsttemperatur","tag-nachrichten-aus-berlin","tag-news","tag-news-aus-berlin","tag-sommerwetter","tag-uckermark","tag-wetter"],"share_on_mastodon":{"url":"https:\/\/pubeurope.com\/@de\/117075028889858074","error":""},"_links":{"self":[{"href":"https:\/\/www.europesays.com\/de\/wp-json\/wp\/v2\/posts\/1229078","targetHints":{"allow":["GET"]}}],"collection":[{"href":"https:\/\/www.europesays.com\/de\/wp-json\/wp\/v2\/posts"}],"about":[{"href":"https:\/\/www.europesays.com\/de\/wp-json\/wp\/v2\/types\/post"}],"author":[{"embeddable":true,"href":"https:\/\/www.europesays.com\/de\/wp-json\/wp\/v2\/users\/2"}],"replies":[{"embeddable":true,"href":"https:\/\/www.europesays.com\/de\/wp-json\/wp\/v2\/comments?post=1229078"}],"version-history":[{"count":0,"href":"https:\/\/www.europesays.com\/de\/wp-json\/wp\/v2\/posts\/1229078\/revisions"}],"wp:featuredmedia":[{"embeddable":true,"href":"https:\/\/www.europesays.com\/de\/wp-json\/wp\/v2\/media\/1229079"}],"wp:attachment":[{"href":"https:\/\/www.europesays.com\/de\/wp-json\/wp\/v2\/media?parent=1229078"}],"wp:term":[{"taxonomy":"category","embeddable":true,"href":"https:\/\/www.europesays.com\/de\/wp-json\/wp\/v2\/categories?post=1229078"},{"taxonomy":"post_tag","embeddable":true,"href":"https:\/\/www.europesays.com\/de\/wp-json\/wp\/v2\/tags?post=1229078"}],"curies":[{"name":"wp","href":"https:\/\/api.w.org\/{rel}","templated":true}]}}