{"id":1229257,"date":"2026-08-11T06:30:20","date_gmt":"2026-08-11T06:30:20","guid":{"rendered":"https:\/\/www.europesays.com\/de\/1229257\/"},"modified":"2026-08-11T06:30:20","modified_gmt":"2026-08-11T06:30:20","slug":"sachsen-anhalt-milliarden-euro-buergergeld-an-auslaender-ministerien-widersprechen-siegmund-mdr-gibt-ihm-recht","status":"publish","type":"post","link":"https:\/\/www.europesays.com\/de\/1229257\/","title":{"rendered":"Sachsen-Anhalt: Milliarden Euro B\u00fcrgergeld an Ausl\u00e4nder? Ministerien widersprechen Siegmund, MDR gibt ihm recht"},"content":{"rendered":"<p>Der AfD-Spitzenkandidat in Sachsen-Anhalt behauptet, Deutschland \u00fcberweise Milliarden Euro f\u00fcr B\u00fcrgergeld an ausl\u00e4ndische Staatsb\u00fcrger und in die Ukraine. Zwei Ministerien weisen Ulrich Siegmunds Darstellung zur\u00fcck. Eine Liste \u00fcber die Ausgaben liefern die Beh\u00f6rden aber nicht.<\/p>\n<p class=\"is-first-paragraph\" data-external=\"Article.FirstParagraph\">Der sachsen-anhaltische AfD-Spitzenkandidat Ulrich Siegmund sieht Einsparpotenziale bei Asyl und Integration. Allein in Sachsen-Anhalt seien in den vergangenen zehn Jahren Milliarden Euro daf\u00fcr ausgegeben worden, sagte er MDR Aktuell in einem Interview. <\/p>\n<p>\u201eWir verschenken Geld in die ganze Welt. \u00dcber 20 Milliarden Euro nur f\u00fcr B\u00fcrgergeldzahlung an nicht-deutsche Staatsb\u00fcrger. Jede Minute gehen 20.000 Euro in die Ukraine. Das ist alles Geld, was uns fehlt, das k\u00f6nnte der Bund auch an die L\u00e4nder ausreichen.\u201c<\/p>\n<p>Innenministerium und Sozialministerium in Magdeburg weisen Siegmunds Darstellung zur\u00fcck. \u201eDie Aussage, dass allein in Sachsen-Anhalt in den vergangenen zehn Jahren Milliarden Euro f\u00fcr Asyl und Integration ausgegeben worden seien, ist falsch\u201c, sagte eine Sprecherin des Innenministeriums auf Anfrage. Eine detaillierte Auflistung \u00fcber die Ausgaben gab das Ministerium auf Anfrage nicht heraus. Diese sind auch schwer zu beziffern, weil sie teils vom Bund und teils von den L\u00e4ndern \u00fcbernommen werden.<\/p>\n<p>Zudem seien bei einer volkswirtschaftlichen Gesamtbetrachtung neben den Kosten auch positive wirtschaftliche Effekte einzubeziehen, etwa durch Steuern und Abgaben ausl\u00e4ndischer Besch\u00e4ftigter, sagte die Sprecherin.<\/p>\n<p>In Sachsen-Anhalt sind mit Stand Januar 2026 knapp 70.000 Ausl\u00e4nder in sozialversicherungspflichtiger Besch\u00e4ftigung \u2013 das sind neun Prozent aller Besch\u00e4ftigten. \u201eOhne internationale \u00c4rztinnen und \u00c4rzte w\u00e4re die medizinische Versorgung in Sachsen-Anhalt nicht aufrechtzuerhalten. Unser Land muss weltoffen bleiben, sonst machen ausl\u00e4ndische Fachkr\u00e4fte einen gro\u00dfen Bogen um Sachsen-Anhalt\u201c, sagte Arbeits- und Sozialministerin Petra Grimm-Benne (SPD). \u201eEin Land, das die Zugbr\u00fccke hochzieht, verliert die Menschen, auf die es angewiesen ist.\u201c<\/p>\n<p>MDR-Faktencheck gibt Siegmund recht<\/p>\n<p>Tats\u00e4chlich liegt Siegmund mit den von ihm genannten Zahlen aber nahe an der Realit\u00e4t. Der MDR \u00fcberpr\u00fcft die Aussage des <a class=\"is-link c-block-items__link c-link--rich-text-renderer\" href=\"https:\/\/www.welt.de\/politik\/deutschland\/article6a66c151e4e0a5362b8fccec\/trotz-kritik-siegmund-macht-wahlkampf-auf-simson-und-trifft-auf-zdf-reporter-mit-rennrad.html\" data-internal-tracking-enabled=\"true\" data-internal-tracking=\"{&quot;action&quot;:&quot;click&quot;,&quot;label&quot;:&quot;link&quot;,&quot;name&quot;:&quot;Inline Element&quot;,&quot;data&quot;:{&quot;source&quot;:&quot;&quot;,&quot;target&quot;:&quot;https:\/\/www.welt.de\/politik\/deutschland\/article6a66c151e4e0a5362b8fccec\/trotz-kritik-siegmund-macht-wahlkampf-auf-simson-und-trifft-auf-zdf-reporter-mit-rennrad.html&quot;,&quot;trackingName&quot;:&quot;&quot;,&quot;trackingLabel&quot;:&quot;&quot;}}\" rel=\"nofollow noopener\" target=\"_blank\">AfD-Spitzenkandidaten<\/a> in einem eigenen <a class=\"is-link c-block-items__link is-external c-link--rich-text-renderer\" href=\"https:\/\/www.mdr.de\/nachrichten\/sachsen-anhalt\/landtagswahl\/interview-faktencheck-102%2Culrich-siegmund-afd-136.html?utm_source=chatgpt.com\" target=\"_blank\" title=\"Link wird in einem neuen Tab ge\u00f6ffnet\" rel=\"nofollow noopener\" data-internal-tracking-enabled=\"true\" data-internal-tracking=\"{&quot;action&quot;:&quot;click&quot;,&quot;label&quot;:&quot;link&quot;,&quot;name&quot;:&quot;Inline Element&quot;,&quot;data&quot;:{&quot;source&quot;:&quot;&quot;,&quot;target&quot;:&quot;https:\/\/www.mdr.de\/nachrichten\/sachsen-anhalt\/landtagswahl\/interview-faktencheck-102%2Culrich-siegmund-afd-136.html?utm_source=chatgpt.com&quot;,&quot;trackingName&quot;:&quot;&quot;,&quot;trackingLabel&quot;:&quot;&quot;}}\">Faktencheck<\/a>. \u201eDie Aussage, dass \u201a\u00fcber 20 Milliarden Euro nur f\u00fcr B\u00fcrgergeldzahlungen an nicht-deutsche Staatsb\u00fcrger\u2018 ausgegeben werden, ist rechnerisch korrekt\u201c, hei\u00dft es. So seien im Haushaltsjahr 2025 <a class=\"is-link c-block-items__link is-external c-link--rich-text-renderer\" href=\"https:\/\/dserver.bundestag.de\/btd\/21\/068\/2106855.pdf\" rel=\"nofollow noopener\" data-internal-tracking-enabled=\"true\" data-internal-tracking=\"{&quot;action&quot;:&quot;click&quot;,&quot;label&quot;:&quot;link&quot;,&quot;name&quot;:&quot;Inline Element&quot;,&quot;data&quot;:{&quot;source&quot;:&quot;&quot;,&quot;target&quot;:&quot;https:\/\/dserver.bundestag.de\/btd\/21\/068\/2106855.pdf&quot;,&quot;trackingName&quot;:&quot;&quot;,&quot;trackingLabel&quot;:&quot;&quot;}}\" target=\"_blank\">insgesamt 46,65 Milliarden Euro B\u00fcrgergeld<\/a> ausgezahlt worden. Der <a class=\"is-link c-block-items__link is-external c-link--rich-text-renderer\" href=\"https:\/\/de.statista.com\/statistik\/daten\/studie\/1560171\/umfrage\/auslaenderanteil-bei-arbeitslosengeld-ii-buergergeld-in-deutschland\/\" rel=\"nofollow noopener\" data-internal-tracking-enabled=\"true\" data-internal-tracking=\"{&quot;action&quot;:&quot;click&quot;,&quot;label&quot;:&quot;link&quot;,&quot;name&quot;:&quot;Inline Element&quot;,&quot;data&quot;:{&quot;source&quot;:&quot;&quot;,&quot;target&quot;:&quot;https:\/\/de.statista.com\/statistik\/daten\/studie\/1560171\/umfrage\/auslaenderanteil-bei-arbeitslosengeld-ii-buergergeld-in-deutschland\/&quot;,&quot;trackingName&quot;:&quot;&quot;,&quot;trackingLabel&quot;:&quot;&quot;}}\" target=\"_blank\">Anteil ausl\u00e4ndischer Staatsb\u00fcrger an den B\u00fcrgergeldempf\u00e4ngern lag dabei bei 47,6 Prozent,<\/a> was rund 21,7 Milliarden Euro entspricht. \u201eFast genau dieselbe Summe geht somit aber auch an deutsche Staatsb\u00fcrger\u201c, merkt der MDR an.<\/p>\n<p>Auch Siegmunds Aussagen \u00fcber B\u00fcrgergeld-Kosten an Ausl\u00e4nder in Sachsen-Anhalt werden \u00fcberpr\u00fcft. Demnach seien Leistungen nach dem <a class=\"is-link c-block-items__link is-external c-link--rich-text-renderer\" href=\"https:\/\/www.gesetze-im-internet.de\/asylblg\/BJNR107410993.html\" rel=\"nofollow noopener\" data-internal-tracking-enabled=\"true\" data-internal-tracking=\"{&quot;action&quot;:&quot;click&quot;,&quot;label&quot;:&quot;link&quot;,&quot;name&quot;:&quot;Inline Element&quot;,&quot;data&quot;:{&quot;source&quot;:&quot;&quot;,&quot;target&quot;:&quot;https:\/\/www.gesetze-im-internet.de\/asylblg\/BJNR107410993.html&quot;,&quot;trackingName&quot;:&quot;&quot;,&quot;trackingLabel&quot;:&quot;&quot;}}\" target=\"_blank\">Asylbewerberleistungsgesetz (AsylbLG)<\/a> in Sachsen-Anhalt von 2016 bis 2025 <a class=\"is-link c-block-items__link is-external c-link--rich-text-renderer\" href=\"https:\/\/genesis.destatis.de\/datenbank\/online\/statistic\/22211\/table\/22211-0010\" rel=\"nofollow noopener\" data-internal-tracking-enabled=\"true\" data-internal-tracking=\"{&quot;action&quot;:&quot;click&quot;,&quot;label&quot;:&quot;link&quot;,&quot;name&quot;:&quot;Inline Element&quot;,&quot;data&quot;:{&quot;source&quot;:&quot;&quot;,&quot;target&quot;:&quot;https:\/\/genesis.destatis.de\/datenbank\/online\/statistic\/22211\/table\/22211-0010&quot;,&quot;trackingName&quot;:&quot;&quot;,&quot;trackingLabel&quot;:&quot;&quot;}}\" target=\"_blank\">laut dem Statistischen Bundesamt<\/a> rund 1,2 Milliarden Euro ausgegeben worden. \u201eDamit bewegt sich das Land sowohl bei den absoluten Ausgaben als auch pro Kopf im Bundesvergleich eher im unteren Bereich\u201c, schreibt der MDR. Die Summe umfasse jedoch nur Leistungen nach dem Asylbewerberleistungsgesetz. \u201eDie gesamten Ausgaben f\u00fcr Migration und Integration lassen sich nicht exakt beziffern, da sie in den \u00f6ffentlichen Haushalten h\u00e4ufig nicht gesondert ausgewiesen werden\u201c, merkt der Sender an.<\/p>\n<p>Auch bei den Zahlungen in die Ukraine hat Siegmund recht, wie der MDR best\u00e4tigt. \u201eDie im Bundeshaushalt f\u00fcr 2026 vorgesehenen Hilfen von rund 11,5 Milliarden Euro entsprechen etwa 21.880 Euro pro Minute.\u201c \u00dcber Art und Umfang der Unterst\u00fctzung w\u00fcrde \u201epolitisch und gesellschaftlich diskutiert\u201c.<\/p>\n<p>AfD will deutsche Fachkr\u00e4fte zur\u00fcckholen<\/p>\n<p>Siegmund dagegen will aus Deutschland ausgewanderte Fachkr\u00e4fte nach Sachsen-Anhalt holen. Ministerpr\u00e4sident und CDU-Spitzenkandidat Sven Schulze h\u00e4lt diesen Plan f\u00fcr unrealistisch. \u201eDa bin ich mal gespannt, ob der Zahnarzt, der aus Baden-W\u00fcrttemberg in die Schweiz ausgewandert ist, dann, wenn die AfD hier regieren w\u00fcrde, eine Praxis in Sachsen-Anhalt aufmachen w\u00fcrde. Das w\u00fcrde ich bezweifeln\u201c, sagte Schulze zuletzt.<\/p>\n<p>Rund einen Monat vor der Landtagswahl am 6. September lag die AfD zuletzt laut der <a class=\"is-link c-block-items__link c-link--rich-text-renderer\" href=\"https:\/\/www.welt.de\/politik\/deutschland\/article6a79654835268e5027023ebd\/sachsen-anhalt-schock-umfrage-fuer-sven-schulze-afd-fast-doppelt-so-stark-wie-cdu.html\" data-internal-tracking-enabled=\"true\" data-internal-tracking=\"{&quot;action&quot;:&quot;click&quot;,&quot;label&quot;:&quot;link&quot;,&quot;name&quot;:&quot;Inline Element&quot;,&quot;data&quot;:{&quot;source&quot;:&quot;&quot;,&quot;target&quot;:&quot;https:\/\/www.welt.de\/politik\/deutschland\/article6a79654835268e5027023ebd\/sachsen-anhalt-schock-umfrage-fuer-sven-schulze-afd-fast-doppelt-so-stark-wie-cdu.html&quot;,&quot;trackingName&quot;:&quot;&quot;,&quot;trackingLabel&quot;:&quot;&quot;}}\" rel=\"nofollow noopener\" target=\"_blank\">j\u00fcngsten Insa-Umfrage mit 42 Prozent deutlich vor der CDU<\/a>, die sich mit 22 Prozent begn\u00fcgen muss.<\/p>\n<p>Mit 6 Prozent (+1) k\u00e4me die SPD der Erhebung zufolge knapp in den Magdeburger Landtag. FDP und Gr\u00fcne w\u00fcrden mit jeweils 4 Prozent an der F\u00fcnfprozenth\u00fcrde scheitern. Daf\u00fcr w\u00fcrde das BSW den Sprung ins Parlament schaffen. 5 Prozent (+1) w\u00fcrden sich aktuell f\u00fcr die Partei entscheiden.<\/p>\n<p>dpa\/saha<\/p>\n","protected":false},"excerpt":{"rendered":"Der AfD-Spitzenkandidat in Sachsen-Anhalt behauptet, Deutschland \u00fcberweise Milliarden Euro f\u00fcr B\u00fcrgergeld an ausl\u00e4ndische Staatsb\u00fcrger und in die Ukraine.&hellip;\n","protected":false},"author":2,"featured_media":1229258,"comment_status":"","ping_status":"","sticky":false,"template":"","format":"standard","meta":{"footnotes":"","_share_on_mastodon":"0"},"categories":[2],"tags":[25898,27422,53530,29,30,13,99561,14,15,250153,110,115,12,141666,45,10,8,9,11,141667],"class_list":["post-1229257","post","type-post","status-publish","format-standard","has-post-thumbnail","category-deutschland","tag-afd-sachsen-anhalt","tag-auslaender","tag-buergergeld-ks","tag-deutschland","tag-germany","tag-headlines","tag-landtagswahl-sachsen-anhalt","tag-nachrichten","tag-news","tag-newsos-import-welt","tag-newsteam","tag-russland-ukraine-krieg-24-2-2022","tag-schlagzeilen","tag-siegmund","tag-texttospeech","tag-top-news","tag-top-meldungen","tag-topmeldungen","tag-topnews","tag-ulrich-afd"],"share_on_mastodon":{"url":"https:\/\/pubeurope.com\/@de\/117075472803778793","error":""},"_links":{"self":[{"href":"https:\/\/www.europesays.com\/de\/wp-json\/wp\/v2\/posts\/1229257","targetHints":{"allow":["GET"]}}],"collection":[{"href":"https:\/\/www.europesays.com\/de\/wp-json\/wp\/v2\/posts"}],"about":[{"href":"https:\/\/www.europesays.com\/de\/wp-json\/wp\/v2\/types\/post"}],"author":[{"embeddable":true,"href":"https:\/\/www.europesays.com\/de\/wp-json\/wp\/v2\/users\/2"}],"replies":[{"embeddable":true,"href":"https:\/\/www.europesays.com\/de\/wp-json\/wp\/v2\/comments?post=1229257"}],"version-history":[{"count":0,"href":"https:\/\/www.europesays.com\/de\/wp-json\/wp\/v2\/posts\/1229257\/revisions"}],"wp:featuredmedia":[{"embeddable":true,"href":"https:\/\/www.europesays.com\/de\/wp-json\/wp\/v2\/media\/1229258"}],"wp:attachment":[{"href":"https:\/\/www.europesays.com\/de\/wp-json\/wp\/v2\/media?parent=1229257"}],"wp:term":[{"taxonomy":"category","embeddable":true,"href":"https:\/\/www.europesays.com\/de\/wp-json\/wp\/v2\/categories?post=1229257"},{"taxonomy":"post_tag","embeddable":true,"href":"https:\/\/www.europesays.com\/de\/wp-json\/wp\/v2\/tags?post=1229257"}],"curies":[{"name":"wp","href":"https:\/\/api.w.org\/{rel}","templated":true}]}}