{"id":1229366,"date":"2026-08-11T07:44:30","date_gmt":"2026-08-11T07:44:30","guid":{"rendered":"https:\/\/www.europesays.com\/de\/1229366\/"},"modified":"2026-08-11T07:44:30","modified_gmt":"2026-08-11T07:44:30","slug":"db-junior-express-kinder-fahren-ab-koeln-allein-im-ice-nach-muenchen","status":"publish","type":"post","link":"https:\/\/www.europesays.com\/de\/1229366\/","title":{"rendered":"DB Junior Express: Kinder fahren ab K\u00f6ln allein im ICE nach M\u00fcnchen"},"content":{"rendered":"<p>DB Junior Express <\/p>\n<p>Neu ab K\u00f6ln: Kinder k\u00f6nnen allein mit dem ICE nach M\u00fcnchen fahren<\/p>\n<p>11.08.2026 &#8211; 09:12 UhrLesedauer: 2 Min.<\/p>\n<p><a href=\"#focus-0\" class=\"transition-colors block text-current relative\" data-sctrack=\"FocusGalleryImage.Reference\"><img fetchpriority=\"high\" data-testid=\"Opener.Image\"   loading=\"eager\" src=\"https:\/\/www.europesays.com\/de\/wp-content\/uploads\/2026\/08\/neues-angebot-ab-koeln-kinder-koennen-auf-ausgewaehlten-strecken-alleine-reisen-und-werden-dabei-bet.jpeg\" alt=\"Neues Angebot ab K\u00f6ln: Kinder k\u00f6nnen auf ausgew\u00e4hlten Strecken alleine reisen und werden dabei betreut.\" title=\"Neues Angebot ab K\u00f6ln: Kinder k\u00f6nnen auf ausgew\u00e4hlten Strecken alleine reisen und werden dabei betreut.\" width=\"800\" height=\"450\" class=\"bg-[url:var(--lqipURL)] bg-cover bg-center flex h-full w-full max-w-full\" style=\"--lqipURL:url('https:\/\/images.t-online.de\/2026\/08\/zRRO8kkqXC70\/0x112:800x450\/fit-in\/150x0\/filters:blur(25)\/neues-angebot-ab-koeln-kinder-koennen-auf-ausgewaehlten-strecken-alleine-reisen-und-werden-dabei-betreut.jpg')\" decoding=\"async\"\/><img loading=\"lazy\" src=\"https:\/\/koeln.t-online.de\/s\/paper\/_next\/static\/media\/zoom-in.f7dae02f.svg\" alt=\"Vergr\u00f6\u00dfern des Bildes\" title=\"Vergr\u00f6\u00dfern des Bildes\" class=\"block h-[calc(var(--height)_\/_16_*_1rem)] w-[calc(var(--width)_\/_16_*_1rem)] max-w-none absolute right-8 bottom-8 rounded-4 bg-snow p-8\" style=\"--width:32;--height:32\" decoding=\"async\"\/><\/a><\/p>\n<p>Neues Angebot ab K\u00f6ln: Kinder k\u00f6nnen auf ausgew\u00e4hlten Strecken alleine reisen und werden dabei betreut. (Quelle: Zacharie Scheurer\/dpa)<\/p>\n<p><img loading=\"lazy\" src=\"https:\/\/koeln.t-online.de\/s\/paper\/_next\/static\/media\/audio-volume.6689034c.svg\" alt=\"\" title=\"\" class=\"block h-[calc(var(--height)_\/_16_*_1rem)] w-[calc(var(--width)_\/_16_*_1rem)] max-w-none group-hover:brightness-0 group-hover:invert\" style=\"--width:16;--height:16\" decoding=\"async\"\/>Vorlesen<\/p>\n<p>Aktuelle Zeit:0:00Gesamtdauer:0:00<\/p>\n<p>1x<\/p>\n<p class=\"text-center\">Jetzt neu bei t-online:<\/p>\n<p class=\"text-center\">Schriftgr\u00f6\u00dfe anpassen!<\/p>\n<p><img loading=\"lazy\" src=\"https:\/\/koeln.t-online.de\/s\/paper\/_next\/static\/media\/font-sizes.32942e33.svg\" alt=\"\" title=\"\" class=\"block h-[calc(var(--height)_\/_16_*_1rem)] w-[calc(var(--width)_\/_16_*_1rem)] max-w-none group-hover:hidden group-aria-expanded:hidden\" style=\"--width:16;--height:16\" decoding=\"async\"\/><img loading=\"lazy\" src=\"https:\/\/koeln.t-online.de\/s\/paper\/_next\/static\/media\/font-sizes-dark-mode.e382645c.svg\" alt=\"\" title=\"\" class=\"block h-[calc(var(--height)_\/_16_*_1rem)] w-[calc(var(--width)_\/_16_*_1rem)] max-w-none hidden group-hover:block group-aria-expanded:block\" style=\"--width:16;--height:16\" decoding=\"async\"\/><img loading=\"lazy\" src=\"https:\/\/koeln.t-online.de\/s\/paper\/_next\/static\/media\/sharing-menu-icon.1eb71368.svg\" alt=\"\" title=\"\" class=\"block h-[calc(var(--height)_\/_16_*_1rem)] w-[calc(var(--width)_\/_16_*_1rem)] max-w-none group-hover:brightness-0 group-hover:invert\" style=\"--width:16;--height:16\" decoding=\"async\"\/>Artikel teilen<\/p>\n<p class=\"font-bold text-18 leading-17 user-text-lg:text-22 user-text-xl:text-24\">Die Deutsche Bahn f\u00fchrt einen neuen Betreuungsservice f\u00fcr alleinreisende Kinder ein. Das Angebot ist unter anderem auf der Strecke von K\u00f6ln nach M\u00fcnchen buchbar.<\/p>\n<p class=\"text-18 leading-17 user-text-lg:text-22 user-text-xl:text-24\">Kinder allein mit dem Zug nach M\u00fcnchen schicken? Das ist f\u00fcr viele Eltern mit einem mulmigen Gef\u00fchl verbunden. Die Deutsche Bahn f\u00fchrt nun einen neuen Betreuungsservice ein \u2013 und eine der ersten Verbindungen startet direkt in K\u00f6ln.<\/p>\n<p class=\"text-18 leading-17 user-text-lg:text-22 user-text-xl:text-24\">Ab Sommer 2026 bietet die Bahn den sogenannten DB Junior Express auf ausgew\u00e4hlten Fernverkehrsstrecken an. Dazu geh\u00f6rt auch die Direktverbindung zwischen K\u00f6ln Messe\/Deutz und M\u00fcnchen Hauptbahnhof \u2013 und zwar in beide Richtungen.<\/p>\n<ul class=\"text-18 leading-17 block pl-24 *:pb-16 *:before:inline-block *:before:size-8 *:before:bg-magenta *:before:mt-0 *:before:mr-12 *:before:mb-2 *:before:-ml-[20px]\">\n<li><strong class=\"font-bold\">Bis zu 320 km\/h:<\/strong> <a href=\"https:\/\/koeln.t-online.de\/region\/koeln\/id_101381656\/deutsche-bahn-konkurrent-italo-baut-zuege-mit-320-km-h-halt-in-koeln.html\" class=\"transition-colors cursor-pointer no-underline md:hover:text-magenta md:focus:text-magenta border-b border-solid border-current text-salemsfur md:hover:border-magenta\" data-tracking=\"{&quot;action&quot;:&quot;click&quot;,&quot;category&quot;:&quot;intextLink&quot;,&quot;label&quot;:&quot;\/region\/koeln\/id_101381656\/deutsche-bahn-konkurrent-italo-baut-zuege-mit-320-km-h-halt-in-koeln.html&quot;}\" data-sctrack=\"BodyAnchor\" rel=\"nofollow noopener\" target=\"_blank\">Neuer Hochgeschwindigkeitszug soll ab K\u00f6ln Hauptbahnhof fahren<\/a><\/li>\n<li><strong class=\"font-bold\">Deutsche Bahn:<\/strong> <a href=\"https:\/\/koeln.t-online.de\/region\/koeln\/id_101377574\/koeln-deutsche-bahn-sperrt-strecke-nach-duesseldorf-zahlreiche-ausfaelle.html\" class=\"transition-colors cursor-pointer no-underline md:hover:text-magenta md:focus:text-magenta border-b border-solid border-current text-salemsfur md:hover:border-magenta\" data-tracking=\"{&quot;action&quot;:&quot;click&quot;,&quot;category&quot;:&quot;intextLink&quot;,&quot;label&quot;:&quot;\/region\/koeln\/id_101377574\/koeln-deutsche-bahn-sperrt-strecke-nach-duesseldorf-zahlreiche-ausfaelle.html&quot;}\" data-sctrack=\"BodyAnchor\" rel=\"nofollow noopener\" target=\"_blank\">Zugstrecke K\u00f6ln-D\u00fcsseldorf wird gesperrt \u2013 Ausf\u00e4lle angek\u00fcndigt<\/a><\/li>\n<\/ul>\n<p class=\"text-18 leading-17 user-text-lg:text-22 user-text-xl:text-24\">Das Angebot richtet sich an alleinreisende Kinder zwischen sechs und 14 Jahren. W\u00e4hrend der gesamten Fahrt werden sie von p\u00e4dagogisch geschultem Personal begleitet und nach Angaben der Bahn altersgerecht besch\u00e4ftigt.<\/p>\n<p>DB Junior Express von K\u00f6ln Messe\/Deutz direkt bis M\u00fcnchen<\/p>\n<p class=\"text-18 leading-17 user-text-lg:text-22 user-text-xl:text-24\">Dabei gilt allerdings eine wichtige Einschr\u00e4nkung: Ein Zu- oder Ausstieg an Zwischenhalten ist nicht m\u00f6glich. Die Betreuung gilt ausschlie\u00dflich f\u00fcr die komplette gebuchte Direktverbindung vom Start- bis zum Zielbahnhof.<\/p>\n<p class=\"text-18 leading-17 user-text-lg:text-22 user-text-xl:text-24\">Zum Start f\u00e4hrt der DB Junior Express freitagnachmittags und sonntagnachmittags. <a href=\"https:\/\/koeln.t-online.de\/region\/koeln\/id_101335030\/deutsche-bahn-strecke-bei-koeln-fuenf-monate-gesperrt-chaos-fuer-pendler-.html\" class=\"transition-colors cursor-pointer no-underline md:hover:text-magenta md:focus:text-magenta border-b border-solid border-current text-salemsfur md:hover:border-magenta\" data-tracking=\"{&quot;action&quot;:&quot;click&quot;,&quot;category&quot;:&quot;intextLink&quot;,&quot;label&quot;:&quot;\/region\/koeln\/id_101335030\/deutsche-bahn-strecke-bei-koeln-fuenf-monate-gesperrt-chaos-fuer-pendler-.html&quot;}\" data-sctrack=\"BodyAnchor\" rel=\"nofollow noopener\" target=\"_blank\">Neben K\u00f6ln\u2013M\u00fcnchen bietet die Bahn den Service zun\u00e4chst auch auf den Verbindungen Berlin\u2013M\u00fcnchen und Frankfurt\u2013Hamburg an.<\/a> Weitere Strecken sollen folgen.<\/p>\n<p>Eltern \u00fcbergeben Kinder am Bahnhof<\/p>\n<p class=\"text-18 leading-17 user-text-lg:text-22 user-text-xl:text-24\">Buchbar ist der neue Service ab Mittwoch, 12. August. Die ersten betreuten Fahrten sollen am 21. August starten.<\/p>\n<p class=\"text-18 leading-17 user-text-lg:text-22 user-text-xl:text-24\">Am Abfahrtsbahnhof werden die Kinder an einem zentralen Treffpunkt an die Betreuungspersonen \u00fcbergeben. Wer also von K\u00f6ln startet, bringt sein Kind zum vereinbarten Punkt am Bahnhof K\u00f6ln Messe\/Deutz. In M\u00fcnchen wird es anschlie\u00dfend pers\u00f6nlich an die zuvor angegebene Abholperson \u00fcbergeben.<\/p>\n<p class=\"text-18 leading-17 user-text-lg:text-22 user-text-xl:text-24\">Pro Verbindung k\u00f6nnen maximal 14 Kinder betreut werden.<\/p>\n<p>Deutsche Bahn: Das kostet die Kinderbetreuung im Zug<\/p>\n<p class=\"text-18 leading-17 user-text-lg:text-22 user-text-xl:text-24\">Die Betreuung inklusive Sitzplatzreservierung kostet 69 Euro. Zus\u00e4tzlich ben\u00f6tigen die Kinder ein eigenes Ticket f\u00fcr die 2. Klasse.<\/p>\n<p class=\"text-18 leading-17 user-text-lg:text-22 user-text-xl:text-24\">Im Buchungsprozess wird zun\u00e4chst die Betreuung reserviert. Anschlie\u00dfend f\u00fchrt die Bahn \u00fcber einen Direktlink zur Buchung des passenden Fahrscheins.<\/p>\n<p class=\"text-18 leading-17 user-text-lg:text-22 user-text-xl:text-24\">Grunds\u00e4tzlich d\u00fcrfen Kinder bereits ab sechs Jahren allein mit der Deutschen Bahn fahren. Ohne den neuen Betreuungsservice bleibt die F\u00fcrsorgepflicht w\u00e4hrend der Reise allerdings bei den Erziehungsberechtigten. Das regul\u00e4re Zugpersonal \u00fcbernimmt keine besondere Betreuung oder Obhut.<\/p>\n","protected":false},"excerpt":{"rendered":"DB Junior Express Neu ab K\u00f6ln: Kinder k\u00f6nnen allein mit dem ICE nach M\u00fcnchen fahren 11.08.2026 &#8211; 09:12&hellip;\n","protected":false},"author":2,"featured_media":1229367,"comment_status":"","ping_status":"","sticky":false,"template":"","format":"standard","meta":{"footnotes":"","_share_on_mastodon":"0"},"categories":[1827],"tags":[90938,772,255262,5219,2030,29,12045,30,2229,1460,1420,18266,47,1268],"class_list":["post-1229366","post","type-post","status-publish","format-standard","has-post-thumbnail","category-muenchen","tag-90938","tag-bayern","tag-betreuungsservice","tag-db","tag-deutsche-bahn","tag-deutschland","tag-deutz","tag-germany","tag-ice","tag-kind","tag-koeln","tag-koeln-hauptbahnhof","tag-messe","tag-muenchen"],"share_on_mastodon":{"url":"https:\/\/pubeurope.com\/@de\/117075765362482784","error":""},"_links":{"self":[{"href":"https:\/\/www.europesays.com\/de\/wp-json\/wp\/v2\/posts\/1229366","targetHints":{"allow":["GET"]}}],"collection":[{"href":"https:\/\/www.europesays.com\/de\/wp-json\/wp\/v2\/posts"}],"about":[{"href":"https:\/\/www.europesays.com\/de\/wp-json\/wp\/v2\/types\/post"}],"author":[{"embeddable":true,"href":"https:\/\/www.europesays.com\/de\/wp-json\/wp\/v2\/users\/2"}],"replies":[{"embeddable":true,"href":"https:\/\/www.europesays.com\/de\/wp-json\/wp\/v2\/comments?post=1229366"}],"version-history":[{"count":0,"href":"https:\/\/www.europesays.com\/de\/wp-json\/wp\/v2\/posts\/1229366\/revisions"}],"wp:featuredmedia":[{"embeddable":true,"href":"https:\/\/www.europesays.com\/de\/wp-json\/wp\/v2\/media\/1229367"}],"wp:attachment":[{"href":"https:\/\/www.europesays.com\/de\/wp-json\/wp\/v2\/media?parent=1229366"}],"wp:term":[{"taxonomy":"category","embeddable":true,"href":"https:\/\/www.europesays.com\/de\/wp-json\/wp\/v2\/categories?post=1229366"},{"taxonomy":"post_tag","embeddable":true,"href":"https:\/\/www.europesays.com\/de\/wp-json\/wp\/v2\/tags?post=1229366"}],"curies":[{"name":"wp","href":"https:\/\/api.w.org\/{rel}","templated":true}]}}