{"id":1229391,"date":"2026-08-11T08:05:20","date_gmt":"2026-08-11T08:05:20","guid":{"rendered":"https:\/\/www.europesays.com\/de\/1229391\/"},"modified":"2026-08-11T08:05:20","modified_gmt":"2026-08-11T08:05:20","slug":"lothar-matthaeus-ueber-julian-nagelsmann-tueren-in-deutschland-erstmal-zu","status":"publish","type":"post","link":"https:\/\/www.europesays.com\/de\/1229391\/","title":{"rendered":"Lothar Matth\u00e4us \u00fcber Julian Nagelsmann: T\u00fcren in Deutschland erstmal zu"},"content":{"rendered":"<p>\nZukunft nach Bundestrainer-Aus\n<\/p>\n<p>Aktualisiert am 11.08.2026, 09:55 Uhr\n<\/p>\n<p><a href=\"https:\/\/i0.web.de\/image\/094\/42599094,pd=1\/lothar-matthaeus.jpg\" data-brain-zone=\".42599092.content.lead.1\" data-component-path=\"content.lead.1\" data-component-name=\"article-image\" rel=\"nofollow noopener\" target=\"_blank\"> <\/p>\n<p><img loading=\"lazy\" decoding=\"async\" src=\"https:\/\/www.europesays.com\/de\/wp-content\/uploads\/2026\/08\/lothar-matthaeus.jpg\" alt=\"Lothar Matth\u00e4us\" width=\"950\" height=\"534\"\/><\/p>\n<p><\/a> <\/p>\n<p>\nLothar Matth\u00e4us \u00e4u\u00dfert sich zur Zukunft von Ex-Bundestrainer Julian Nagelsmann. (Archivbild)<br \/>\n\u00a9\u00a0dpa \/ Tom Weller\/dpa\n<\/p>\n<p class=\"content__description\" data-speakable=\"\"><strong>Lothar Matth\u00e4us \u00e4u\u00dfert sich in seiner Kolumne deutlich zur Zukunft des Ex-Bundestrainers \u2013 und benennt einen konkreten Grund, warum ein Top-Job in Deutschland vorerst kaum realistisch sei.<\/strong><\/p>\n<p data-speakable=\"\">Nach Meinung von Rekordnationalspieler <a data-component-name=\"link.semantic\" data-brain-zone=\".42599092.content.textlink_1\" data-component-path=\"content.textlink_1\" href=\"https:\/\/web.de\/magazine\/sport\/thema\/lothar-matthaeus\" rel=\"nofollow noopener\" target=\"_blank\">Lothar Matth\u00e4us<\/a> sollte sich Ex-Bundestrainer <a data-component-name=\"link.semantic\" data-brain-zone=\".42599092.content.textlink_2\" data-component-path=\"content.textlink_2\" href=\"https:\/\/web.de\/magazine\/sport\/thema\/julian-nagelsmann\" rel=\"nofollow noopener\" target=\"_blank\">Julian Nagelsmann<\/a> lieber im Ausland nach der n\u00e4chsten Aufgabe umschauen. &#8222;Ich glaube nicht, dass Nagelsmann so schnell einen Top-Job in Deutschland bekommt&#8220;, schrieb Matth\u00e4us in seiner Kolumne f\u00fcr den TV-Sender Sky: &#8222;Hier steht er unter gr\u00f6\u00dferer Beobachtung als im Ausland.&#8220;<\/p>\n<p><strong>Empfehlungen der Redaktion<\/strong><\/p>\n<p>&#8222;Zu empfindlich auf Kritik reagiert&#8220; <\/p>\n<p data-speakable=\"\">Matth\u00e4us betonte: &#8222;Niemand will ihm pers\u00f6nlich was B\u00f6ses, auch ich nicht. Aber er hat in der j\u00fcngsten Vergangenheit zu empfindlich auf Kritik reagiert und war teilweise sehr eingeschnappt.&#8220; Das k\u00f6nnte sich hierzulande als Bumerang herausstellen. &#8222;Im Profifu\u00dfball gibt es Kritik, wenn die Ergebnisse nicht stimmen oder kein attraktiver Fu\u00dfball gespielt wird&#8220;, schrieb der fr\u00fchere Bayern-Profi: &#8222;Bei Julian war beides der Fall.&#8220;<\/p>\n<p data-speakable=\"\">Nagelsmann hatte sich nach dem fr\u00fchen WM-Aus mit dem Deutschen Fu\u00dfball-Bund (DFB) auf eine Trennung geeinigt, obwohl sein Vertrag noch bis 2028 datiert war. Als sein Nachfolger wurde J\u00fcrgen Klopp verpflichtet. Seitdem hat sich Nagelsmann selbst nicht mehr ge\u00e4u\u00dfert. (dpa\/bearbeitet von ska)<\/p>\n","protected":false},"excerpt":{"rendered":"Zukunft nach Bundestrainer-Aus Aktualisiert am 11.08.2026, 09:55 Uhr Lothar Matth\u00e4us \u00e4u\u00dfert sich zur Zukunft von Ex-Bundestrainer Julian Nagelsmann.&hellip;\n","protected":false},"author":2,"featured_media":1229392,"comment_status":"","ping_status":"","sticky":false,"template":"","format":"standard","meta":{"footnotes":"","_share_on_mastodon":"0"},"categories":[136],"tags":[29,30,2602,7603,265],"class_list":["post-1229391","post","type-post","status-publish","format-standard","has-post-thumbnail","category-sport","tag-deutschland","tag-germany","tag-julian-nagelsmann","tag-lothar-matthaeus","tag-sport"],"share_on_mastodon":{"url":"","error":""},"_links":{"self":[{"href":"https:\/\/www.europesays.com\/de\/wp-json\/wp\/v2\/posts\/1229391","targetHints":{"allow":["GET"]}}],"collection":[{"href":"https:\/\/www.europesays.com\/de\/wp-json\/wp\/v2\/posts"}],"about":[{"href":"https:\/\/www.europesays.com\/de\/wp-json\/wp\/v2\/types\/post"}],"author":[{"embeddable":true,"href":"https:\/\/www.europesays.com\/de\/wp-json\/wp\/v2\/users\/2"}],"replies":[{"embeddable":true,"href":"https:\/\/www.europesays.com\/de\/wp-json\/wp\/v2\/comments?post=1229391"}],"version-history":[{"count":0,"href":"https:\/\/www.europesays.com\/de\/wp-json\/wp\/v2\/posts\/1229391\/revisions"}],"wp:featuredmedia":[{"embeddable":true,"href":"https:\/\/www.europesays.com\/de\/wp-json\/wp\/v2\/media\/1229392"}],"wp:attachment":[{"href":"https:\/\/www.europesays.com\/de\/wp-json\/wp\/v2\/media?parent=1229391"}],"wp:term":[{"taxonomy":"category","embeddable":true,"href":"https:\/\/www.europesays.com\/de\/wp-json\/wp\/v2\/categories?post=1229391"},{"taxonomy":"post_tag","embeddable":true,"href":"https:\/\/www.europesays.com\/de\/wp-json\/wp\/v2\/tags?post=1229391"}],"curies":[{"name":"wp","href":"https:\/\/api.w.org\/{rel}","templated":true}]}}