{"id":1229453,"date":"2026-08-11T08:50:19","date_gmt":"2026-08-11T08:50:19","guid":{"rendered":"https:\/\/www.europesays.com\/de\/1229453\/"},"modified":"2026-08-11T08:50:19","modified_gmt":"2026-08-11T08:50:19","slug":"ziemlich-toedlich-trump-streicht-impfempfehlungen-fuer-kinder-zusammen","status":"publish","type":"post","link":"https:\/\/www.europesays.com\/de\/1229453\/","title":{"rendered":"&#8222;Ziemlich t\u00f6dlich&#8220;: Trump streicht Impfempfehlungen f\u00fcr Kinder zusammen"},"content":{"rendered":"<p>&#8222;Ziemlich t\u00f6dlich&#8220;Trump streicht Impfempfehlungen f\u00fcr Kinder zusammen<\/p>\n<p>11.08.2026, 04:09 Uhr <\/p>\n<p>Artikel anh\u00f6ren(06:28 min)<\/p>\n<p><img decoding=\"async\" class=\"Image_img__fQCi0 Image_Img_16_9__4BLfH widget-picture-inline_maximizable__t_E7h\" loading=\"eager\" fetchpriority=\"high\" src=\"https:\/\/www.europesays.com\/de\/wp-content\/uploads\/2026\/08\/Trump-raeumte-selbst-ein-dass-er-sich-auf-unbelegte-Behauptungen-stuetze.webp\" alt=\"Trump-raeumte-selbst-ein-dass-er-sich-auf-unbelegte-Behauptungen-stuetze\"\/>Donald Trump r\u00e4umte auf Nachfrage selbst ein, dass er sich auf unbelegte Behauptungen st\u00fctze. TeilenFolgen auf:<a href=\"https:\/\/www.whatsapp.com\/channel\/0029Va5cdVJD8SDp5YZgYF01\" title=\"Auf WhatsApp folgen\" target=\"_blank\" rel=\"nofollow noopener\"><img decoding=\"async\" src=\"https:\/\/www.n-tv.de\/socialIcons\/whatsapp.svg\" alt=\"whatsapp\" class=\"ArticleShare_icon__FsrC2\"\/><\/a><a href=\"https:\/\/www.google.com\/preferences\/source?q=n-tv.de\" title=\"ntv als bevorzugte Quelle auf Google hinzuf\u00fcgen\" target=\"_blank\" rel=\"nofollow noopener\"><img decoding=\"async\" src=\"https:\/\/www.n-tv.de\/socialIcons\/google.svg\" alt=\"whatsapp\" class=\"ArticleShare_icon__FsrC2\"\/><\/a><\/p>\n<p class=\"Typography_text-m__XI0da Typography_weight-bold__uT6mq storyline_lead_text_leadtext__q_wg8\">Trotz steigender Masernzahlen reduziert US-Pr\u00e4sident Trump per Dekret die Impfempfehlungen f\u00fcr Kinder. Kombi-Vakzine f\u00fchrten angeblich zu mehr Autismus-F\u00e4llen. Wissenschaftliche Belege gibt es f\u00fcr diese Behauptung nicht, mahnt die WHO.<\/p>\n<p class=\"Typography_text-default__P3otY Typography_weight-normal__pqUbH storyline_paragraph_p__qSR5N\">Die Regierung von US-Pr\u00e4sident Donald Trump empfiehlt weniger Impfungen f\u00fcr Kinder und will Kombi-Impfungen k\u00fcnftig auf mehrere Arztbesuche verteilen lassen. Per Dekret verf\u00fcgte Trump im Beisein seines Gesundheitsministers Robert F. Kennedy Jr., fortan nur noch Impfungen gegen elf Krankheiten als zentrale Empfehlungen f\u00fcr alle Kinder anzuerkennen. Ein \u00e4hnlicher Umbau der Impfpolitik war im M\u00e4rz von einem Bundesgericht vorl\u00e4ufig gestoppt worden. Viele Befugnisse zu Impfregeln liegen bei den Bundesstaaten.<\/p>\n<p class=\"Typography_text-default__P3otY Typography_weight-normal__pqUbH storyline_paragraph_p__qSR5N\">Bei seinem Auftritt im Wei\u00dfen Haus r\u00e4umte der Pr\u00e4sident zudem selbst ein, sich auf unbewiesene Behauptungen zu st\u00fctzen. Er wiederholte auch seine These eines m\u00f6glichen Zusammenhangs zwischen Impfungen und Autismus, f\u00fcr den es laut der Weltgesundheitsorganisation (WHO) keinerlei Belege gibt.<\/p>\n<p>Hepatitis B, Covid-19 und Grippe auf Impf-Streichliste<\/p>\n<p class=\"Typography_text-default__P3otY Typography_weight-normal__pqUbH storyline_paragraph_p__qSR5N\">Der neuen Anordnung zufolge sollen Impfungen gegen Krankheiten wie Hepatitis B, Covid-19 und Grippe nicht mehr pauschal f\u00fcr alle Kinder empfohlen werden. Eltern k\u00f6nnten sich aber weiterhin f\u00fcr s\u00e4mtliche Impfungen entscheiden, betonte Trump bei der Unterzeichnung des Dekrets im Wei\u00dfen Haus. Die Kosten daf\u00fcr sollen nach Angaben der Regierung auch weiterhin von Versicherungen \u00fcbernommen werden.<\/p>\n<p class=\"Typography_text-default__P3otY Typography_weight-normal__pqUbH storyline_paragraph_p__qSR5N\">Trump forderte, den kombinierten MMR-Impfstoff gegen Masern, Mumps und R\u00f6teln k\u00fcnftig m\u00f6glichst in drei einzelne Impfungen aufzuteilen und diese zu unterschiedlichen Zeitpunkten zu verabreichen. Zusammen k\u00f6nnten die Impfstoffe m\u00f6glicherweise &#8222;ziemlich t\u00f6dlich&#8220; sein, sagte Trump. Auf die Frage eines Journalisten, ob es daf\u00fcr Belege gebe, antwortete er: &#8222;Nein.&#8220; Er habe aber von Menschen geh\u00f6rt, die dies behaupteten.<\/p>\n<p class=\"Typography_text-default__P3otY Typography_weight-normal__pqUbH storyline_paragraph_p__qSR5N\">F\u00fcr einen besonderen Nutzen einer Aufteilung des MMR-Impfstoffs gibt es nach Angaben der US-Gesundheitsbeh\u00f6rde CDC keine wissenschaftlichen Belege. Einzelimpfstoffe gegen Masern, Mumps und R\u00f6teln sind in den USA derzeit zudem nicht verf\u00fcgbar. Gesundheitsexperten warnen, dass zus\u00e4tzliche Arzttermine dazu f\u00fchren k\u00f6nnten, dass Kinder l\u00e4nger ungesch\u00fctzt bleiben oder sp\u00e4tere Impfungen ausfallen.<\/p>\n<p class=\"Typography_text-default__P3otY Typography_weight-normal__pqUbH storyline_paragraph_p__qSR5N\">Dabei ist die Zahl der Maserninfektionen schon jetzt auf dem h\u00f6chsten Stand seit Jahrzehnten. Im Jahr 2000 war die Krankheit in den USA eigentlich schon als besiegt eingestuft. Es gab nur sporadisch kleinere Ausbr\u00fcche. In den vergangenen anderthalb Jahren &#8211; Trump ist seit Januar 2025 im Amt &#8211; gab es mehr F\u00e4lle als in den 25 Jahren davor zusammen.<\/p>\n<p class=\"Typography_text-default__P3otY Typography_weight-normal__pqUbH storyline_paragraph_p__qSR5N\">Trump stellte den neuen Kurs erneut in einen Zusammenhang mit der stark gestiegenen Zahl von Autismus-Diagnosen. Er habe seine eigenen Kinder fr\u00fcher selbst zu mehreren getrennten Impfterminen gebracht, sagte der Pr\u00e4sident. &#8222;Ich denke, das wird einen gro\u00dfen Einfluss auf Autismus haben.&#8220;<\/p>\n<p class=\"Typography_text-default__P3otY Typography_weight-normal__pqUbH storyline_paragraph_p__qSR5N\">Auch Gesundheitsminister Kennedy sagte, die Regierung wolle m\u00f6gliche Zusammenh\u00e4nge zwischen Impfungen, deren Zeitpunkt und Autismus weiter untersuchen. Er erkl\u00e4rte, ein Anstieg von Autismus-Diagnosen k\u00f6nne nicht allein mit besserer Erkennung erkl\u00e4rt werden und m\u00fcsse auch Umweltursachen haben.<\/p>\n<p>WHO: Kein Autismus durch Impfung<\/p>\n<p class=\"Typography_text-default__P3otY Typography_weight-normal__pqUbH storyline_paragraph_p__qSR5N\">Die Weltgesundheitsorganisation kommt dagegen nach wiederholter Auswertung zahlreicher Studien zu dem Schluss, dass es keinen Beleg daf\u00fcr gibt, dass Impfungen Autismus verursachen. Auch ein Zusammenhang zwischen der MMR-Impfung und Autismus wurde in gro\u00dfen Studien nicht gefunden.<\/p>\n<p class=\"Typography_text-default__P3otY Typography_weight-normal__pqUbH storyline_paragraph_p__qSR5N\">Die Anordnung setzt den seit Monaten verfolgten Kurs der Trump-Regierung fort. US-Gesundheitsminister Kennedy hatte bereits Anfang des Jahres versucht, den nationalen Kinderimpfplan einzudampfen. Allgemeine Empfehlungen sollten nur noch f\u00fcr Impfungen gegen 11 statt 17 Krankheiten ausgesprochen werden. Bei allen anderen F\u00e4llen sollte st\u00e4rker auf individuelle Entscheidungen von Eltern und \u00c4rzten gesetzt werden. Ein Bundesgericht stoppte diese \u00c4nderungen im M\u00e4rz jedoch vorl\u00e4ufig, nachdem \u00c4rzteverb\u00e4nde dagegen geklagt hatten.<\/p>\n<p class=\"Typography_text-default__P3otY Typography_weight-normal__pqUbH storyline_paragraph_p__qSR5N\">In der Urteilsbegr\u00fcndung hie\u00df es, in der Vergangenheit seien solche Entscheidungen nach &#8222;Methoden wissenschaftlicher Natur, die durch Verfahrensvorschriften im Gesetz kodifiziert sind&#8220; getroffen worden, doch &#8222;leider hat die Regierung diese Methoden missachtet und dadurch die Integrit\u00e4t ihres Handelns untergraben&#8220;.<\/p>\n<p>US-Regierung sieht Europa als Positivbeispiel<\/p>\n<p class=\"Typography_text-default__P3otY Typography_weight-normal__pqUbH storyline_paragraph_p__qSR5N\">Auch Trumps neue Anordnung hebt die Gerichtsentscheidung nicht auf. Sie macht den reduzierten Impfplan zur erkl\u00e4rten Gesundheitspolitik der US-Regierung, \u00e4ndert aber nicht automatisch die derzeit geltenden Impfempfehlungen oder die Impfanforderungen f\u00fcr Schulen. Letztere werden in den USA prinzipiell von den Bundesstaaten selbst festgelegt. Trump wies das Justizministerium an, rechtlich gegen Bundesstaaten vorzugehen, deren Regeln nach Auffassung der Regierung das Recht auf religi\u00f6s oder medizinisch begr\u00fcndete Impfausnahmen verletzen w\u00fcrden.<\/p>\n<p class=\"Typography_text-default__P3otY Typography_weight-normal__pqUbH storyline_paragraph_p__qSR5N\">Trump und Kennedy begr\u00fcndeten ihren Kurs auch damit, dass europ\u00e4ische L\u00e4nder hohe Impfquoten ohne umfassende Schul-Impfpflichten erreichten. Tats\u00e4chlich setzen viele europ\u00e4ische Staaten vor allem auf freiwillige Impfprogramme. In mehreren L\u00e4ndern gibt es jedoch Pflichtimpfungen und entsprechende Nachweispflichten. In Deutschland etwa m\u00fcssen Kinder in Kitas und Schulen einen ausreichenden Masernschutz nachweisen.<\/p>\n<p class=\"Typography_text-default__P3otY Typography_weight-normal__pqUbH storyline_paragraph_p__qSR5N\">Die US-Regierung betont, sie strebe weiterhin hohe Impfquoten an &#8211; wolle dieses Ziel aber eher durch Information und freiwillige Entscheidungen der Eltern als durch staatliche Vorgaben erreichen.<\/p>\n<p class=\"Typography_text-s__wu_cm Typography_weight-normal__pqUbH Typography_color-darkgrey__sZEnP article-detail-footer_source__KslPc\">Quelle: ntv.de, bho\/dpa<\/p>\n","protected":false},"excerpt":{"rendered":"&#8222;Ziemlich t\u00f6dlich&#8220;Trump streicht Impfempfehlungen f\u00fcr Kinder zusammen 11.08.2026, 04:09 Uhr Artikel anh\u00f6ren(06:28 min) Donald Trump r\u00e4umte auf Nachfrage&hellip;\n","protected":false},"author":2,"featured_media":1229454,"comment_status":"","ping_status":"","sticky":false,"template":"","format":"standard","meta":{"footnotes":"","_share_on_mastodon":"0"},"categories":[5],"tags":[331,332,3364,29,106,30,4612,13,755,1114,14,15,16,12,64,757],"class_list":["post-1229453","post","type-post","status-publish","format-standard","has-post-thumbnail","category-nachrichten","tag-aktuelle-nachrichten","tag-aktuelle-news","tag-de","tag-deutschland","tag-donald-trump","tag-germany","tag-gesundheitspolitik","tag-headlines","tag-impfung","tag-kinder","tag-nachrichten","tag-news","tag-politik","tag-schlagzeilen","tag-usa","tag-weltgesundheitsorganisation"],"share_on_mastodon":{"url":"https:\/\/pubeurope.com\/@de\/117076025750311853","error":""},"_links":{"self":[{"href":"https:\/\/www.europesays.com\/de\/wp-json\/wp\/v2\/posts\/1229453","targetHints":{"allow":["GET"]}}],"collection":[{"href":"https:\/\/www.europesays.com\/de\/wp-json\/wp\/v2\/posts"}],"about":[{"href":"https:\/\/www.europesays.com\/de\/wp-json\/wp\/v2\/types\/post"}],"author":[{"embeddable":true,"href":"https:\/\/www.europesays.com\/de\/wp-json\/wp\/v2\/users\/2"}],"replies":[{"embeddable":true,"href":"https:\/\/www.europesays.com\/de\/wp-json\/wp\/v2\/comments?post=1229453"}],"version-history":[{"count":0,"href":"https:\/\/www.europesays.com\/de\/wp-json\/wp\/v2\/posts\/1229453\/revisions"}],"wp:featuredmedia":[{"embeddable":true,"href":"https:\/\/www.europesays.com\/de\/wp-json\/wp\/v2\/media\/1229454"}],"wp:attachment":[{"href":"https:\/\/www.europesays.com\/de\/wp-json\/wp\/v2\/media?parent=1229453"}],"wp:term":[{"taxonomy":"category","embeddable":true,"href":"https:\/\/www.europesays.com\/de\/wp-json\/wp\/v2\/categories?post=1229453"},{"taxonomy":"post_tag","embeddable":true,"href":"https:\/\/www.europesays.com\/de\/wp-json\/wp\/v2\/tags?post=1229453"}],"curies":[{"name":"wp","href":"https:\/\/api.w.org\/{rel}","templated":true}]}}