{"id":1229506,"date":"2026-08-11T09:24:15","date_gmt":"2026-08-11T09:24:15","guid":{"rendered":"https:\/\/www.europesays.com\/de\/1229506\/"},"modified":"2026-08-11T09:24:15","modified_gmt":"2026-08-11T09:24:15","slug":"weitere-ermittlungen-um-wiener-wunderheilerin-in-muenchen-suedtirol-news","status":"publish","type":"post","link":"https:\/\/www.europesays.com\/de\/1229506\/","title":{"rendered":"Weitere Ermittlungen um Wiener \u201cWunderheilerin\u201d in M\u00fcnchen \u2013 S\u00fcdtirol News"},"content":{"rendered":"<p>Von: importer<\/p>\n<p>Eine 32-J\u00e4hrige aus Wien, die sich laut M\u00fcnchner Polizei als \u201cWunderheilerin\u201d mit Verbindungen ins Jenseits ausgegeben hat, wird mit mehr Betrugsf\u00e4llen in der bayerischen Landeshauptstadt in Zusammenhang gebracht als bisher bekannt. Die Ermittlungen laufen derzeit in \u201cmehr als f\u00fcnf F\u00e4llen\u201d, sagte eine Sprecherin des Polizeipr\u00e4sidiums M\u00fcnchen am Dienstag der APA. Bei den Betrugsopfern handle es sich \u201cdurchwegs um \u00e4ltere, alleinstehende Personen\u201d, \u00fcberwiegend Frauen.<\/p>\n<p>Die Beschuldigte habe sie vor Kirchen oder in Parks angesprochen, mit S\u00e4tzen wie \u201cSie haben eine sch\u00f6ne Aura\u201d, die aber leider durch \u201cnegative Chakren\u201d belastet sei. Dagegen k\u00f6nne sie mit \u201cspiritueller Reinigung\u201d helfen.<\/p>\n<p>Mehrmals pro Jahr von Wien aus angereist<\/p>\n<p>Die 32-J\u00e4hrige wurde vergangene Woche in der M\u00fcnchner Innenstadt geschnappt. Sie soll einer beeintr\u00e4chtigten 29-j\u00e4hrigen M\u00fcnchnerin seit dem Fr\u00fchjahr 2021 in Summe einen f\u00fcnfstelligen Betrag abgenommen haben, indem sie ihr \u201cspirituelle Hilfe\u201d versprach. Zuvor hatte sie ihr vorgemacht, mit einem verstorbenen Angeh\u00f6rigen in Verbindung treten zu k\u00f6nnen. Drei- bis viermal pro Jahr reiste die Beschuldigte laut Polizei von Wien nach M\u00fcnchen, um sich mit dem Betrugsopfer zu treffen. Aufgeflogen seien die Machenschaften erst, als eine Betreuerin der 29-J\u00e4hrigen deren Kontoausz\u00fcge \u00fcberpr\u00fcfte und nachfragte, sagte die Polizeisprecherin.<\/p>\n<p>Noch keine Angaben gibt es hingegen \u00fcber eine m\u00f6gliche Verbindung der nach ihrer Festnahme am 6. August in einer deutschen Justizvollzugsanstalt einsitzenden Beschuldigten zu einem Fall von Okkult-Betr\u00fcgereien in \u00d6sterreich. Mehrere daran mutma\u00dflich Beteiligte wurden bereits \u2013 teils noch nicht rechtskr\u00e4ftig \u2013 verurteilt, Verm\u00f6genswerte in Millionenh\u00f6he eingezogen und eine von den Kriminalisten als Hauptt\u00e4terin (\u201cSchamanin Amela\u201d) eingestufte, noch fl\u00fcchtige Angeh\u00f6rige zur Fahndung ausgeschrieben.<\/p>\n<p>\u201cDie Ermittlungen laufen, weitere Angaben sind aus ermittlungstaktischen Gr\u00fcnden derzeit nicht m\u00f6glich\u201d, wird zu einem m\u00f6glichen Konnex von der M\u00fcnchner Polizei betont. \u201cBisher wurde ein Zusammenhang zu den F\u00e4llen in \u00d6sterreich noch nicht festgestellt.\u201d<\/p>\n","protected":false},"excerpt":{"rendered":"Von: importer Eine 32-J\u00e4hrige aus Wien, die sich laut M\u00fcnchner Polizei als \u201cWunderheilerin\u201d mit Verbindungen ins Jenseits ausgegeben&hellip;\n","protected":false},"author":2,"featured_media":1229507,"comment_status":"","ping_status":"","sticky":false,"template":"","format":"standard","meta":{"footnotes":"","_share_on_mastodon":"0"},"categories":[1827],"tags":[772,19322,29,30,1268],"class_list":["post-1229506","post","type-post","status-publish","format-standard","has-post-thumbnail","category-muenchen","tag-bayern","tag-chronik","tag-deutschland","tag-germany","tag-muenchen"],"share_on_mastodon":{"url":"https:\/\/pubeurope.com\/@de\/117076155831040145","error":""},"_links":{"self":[{"href":"https:\/\/www.europesays.com\/de\/wp-json\/wp\/v2\/posts\/1229506","targetHints":{"allow":["GET"]}}],"collection":[{"href":"https:\/\/www.europesays.com\/de\/wp-json\/wp\/v2\/posts"}],"about":[{"href":"https:\/\/www.europesays.com\/de\/wp-json\/wp\/v2\/types\/post"}],"author":[{"embeddable":true,"href":"https:\/\/www.europesays.com\/de\/wp-json\/wp\/v2\/users\/2"}],"replies":[{"embeddable":true,"href":"https:\/\/www.europesays.com\/de\/wp-json\/wp\/v2\/comments?post=1229506"}],"version-history":[{"count":0,"href":"https:\/\/www.europesays.com\/de\/wp-json\/wp\/v2\/posts\/1229506\/revisions"}],"wp:featuredmedia":[{"embeddable":true,"href":"https:\/\/www.europesays.com\/de\/wp-json\/wp\/v2\/media\/1229507"}],"wp:attachment":[{"href":"https:\/\/www.europesays.com\/de\/wp-json\/wp\/v2\/media?parent=1229506"}],"wp:term":[{"taxonomy":"category","embeddable":true,"href":"https:\/\/www.europesays.com\/de\/wp-json\/wp\/v2\/categories?post=1229506"},{"taxonomy":"post_tag","embeddable":true,"href":"https:\/\/www.europesays.com\/de\/wp-json\/wp\/v2\/tags?post=1229506"}],"curies":[{"name":"wp","href":"https:\/\/api.w.org\/{rel}","templated":true}]}}