{"id":1229516,"date":"2026-08-11T09:31:14","date_gmt":"2026-08-11T09:31:14","guid":{"rendered":"https:\/\/www.europesays.com\/de\/1229516\/"},"modified":"2026-08-11T09:31:14","modified_gmt":"2026-08-11T09:31:14","slug":"sie-zog-von-berlin-zurueck-nach-hannover-am-ende-war-ich-einfach-nur-noch-muede","status":"publish","type":"post","link":"https:\/\/www.europesays.com\/de\/1229516\/","title":{"rendered":"Sie zog von Berlin zur\u00fcck nach Hannover: \u201eAm Ende war ich einfach nur noch m\u00fcde\u201c"},"content":{"rendered":"<p class=\"tspBKln tspBKlo\">Ich war Mitte zwanzig, hatte ein Erasmusjahr in Paris und drei Monate Praktikum in London hinter mir und dachte: Dann kann ich auch zwei Jahre Berlin! L\u00e4nger als f\u00fcr mein Masterstudium wollte ich nicht bleiben. Aber nach zwei Jahren hatte ich pl\u00f6tzlich \u00fcberhaupt keinen Grund mehr wegzuziehen \u2013 es war doch alles da, um nicht zu sagen: reichlich, im \u00dcberfluss.<\/p>\n","protected":false},"excerpt":{"rendered":"Ich war Mitte zwanzig, hatte ein Erasmusjahr in Paris und drei Monate Praktikum in London hinter mir und&hellip;\n","protected":false},"author":2,"featured_media":1229517,"comment_status":"","ping_status":"","sticky":false,"template":"","format":"standard","meta":{"footnotes":"","_share_on_mastodon":"0"},"categories":[1825],"tags":[296,2237,29,30,27668,117222,16811,12385],"class_list":["post-1229516","post","type-post","status-publish","format-standard","has-post-thumbnail","category-berlin","tag-berlin","tag-clubs-und-nachtleben","tag-deutschland","tag-germany","tag-kunst-in-berlin","tag-modernes-leben","tag-tempelhofer-feld","tag-wohnen-in-berlin"],"share_on_mastodon":{"url":"https:\/\/pubeurope.com\/@de\/117076183588576807","error":""},"_links":{"self":[{"href":"https:\/\/www.europesays.com\/de\/wp-json\/wp\/v2\/posts\/1229516","targetHints":{"allow":["GET"]}}],"collection":[{"href":"https:\/\/www.europesays.com\/de\/wp-json\/wp\/v2\/posts"}],"about":[{"href":"https:\/\/www.europesays.com\/de\/wp-json\/wp\/v2\/types\/post"}],"author":[{"embeddable":true,"href":"https:\/\/www.europesays.com\/de\/wp-json\/wp\/v2\/users\/2"}],"replies":[{"embeddable":true,"href":"https:\/\/www.europesays.com\/de\/wp-json\/wp\/v2\/comments?post=1229516"}],"version-history":[{"count":0,"href":"https:\/\/www.europesays.com\/de\/wp-json\/wp\/v2\/posts\/1229516\/revisions"}],"wp:featuredmedia":[{"embeddable":true,"href":"https:\/\/www.europesays.com\/de\/wp-json\/wp\/v2\/media\/1229517"}],"wp:attachment":[{"href":"https:\/\/www.europesays.com\/de\/wp-json\/wp\/v2\/media?parent=1229516"}],"wp:term":[{"taxonomy":"category","embeddable":true,"href":"https:\/\/www.europesays.com\/de\/wp-json\/wp\/v2\/categories?post=1229516"},{"taxonomy":"post_tag","embeddable":true,"href":"https:\/\/www.europesays.com\/de\/wp-json\/wp\/v2\/tags?post=1229516"}],"curies":[{"name":"wp","href":"https:\/\/api.w.org\/{rel}","templated":true}]}}