{"id":1229526,"date":"2026-08-11T09:37:23","date_gmt":"2026-08-11T09:37:23","guid":{"rendered":"https:\/\/www.europesays.com\/de\/1229526\/"},"modified":"2026-08-11T09:37:23","modified_gmt":"2026-08-11T09:37:23","slug":"versteckt-unter-der-brudermuehlbruecke-badende-graffitigalerie-und-won_abcs-500-m%c2%b2-vogelwand","status":"publish","type":"post","link":"https:\/\/www.europesays.com\/de\/1229526\/","title":{"rendered":"Versteckt unter der Bruderm\u00fchlbr\u00fccke: Badende, Graffitigalerie und WON_ABCs 500\u2011m\u00b2\u2011Vogelwand"},"content":{"rendered":"<p>Zu Fu\u00df \u00fcber die Bruderm\u00fchlbr\u00fccke flanieren? Von, sagen wir, dem Sendlinger Heizkraftwerk Richtung Sechzgerstadion in Giesing? Man k\u00e4me nicht drauf. Zehntausende Autos brausen, rumpeln oder schleichen je nach Staulage t\u00e4glich \u00fcber die 138 Meter lange Isarbr\u00fccke, die Teil des <a href=\"https:\/\/www.abendzeitung-muenchen.de\/thema\/mittlerer-ring\/\" rel=\"nofollow noopener\" target=\"_blank\">Mittleren Rings<\/a> ist \u2013 quasi der Stadtautobahn im M\u00fcnchner S\u00fcden. <br \/>Platz f\u00fcr Radler und Fu\u00dfg\u00e4nger hat sie trotzdem. Und der Blick auf die Isar und Flaucherkiesel im S\u00fcden, wo sich Badende tummeln, ist h\u00fcbsch. Lange stehen bleibt man aber besser nicht zwischen Abgaswolken und Br\u00fcckenrauschen.<\/p>\n<p>      <img decoding=\"async\" loading=\"lazy\" src=\"https:\/\/www.europesays.com\/de\/wp-content\/uploads\/2026\/08\/1726179_brudermuhlbrucke-3826-010-foto-sigi-muller_artikelbild-100proz_1GuJyd_d2eBvG.jpg\" alt=\"Oben braust der Verkehr zwischen Untergiesing und Sendling, unter der Br\u00fccke: ein stilles Isaridyll. Im Hintergrund ragt das Heizkraftwerk auf.\" title=\"Oben braust der Verkehr zwischen Untergiesing und Sendling, unter der Br\u00fccke: ein stilles Isaridyll. Im Hintergrund ragt das Heizkraftwerk auf.\" width=\"812\" height=\"541\"\/><\/p>\n<p>      Oben braust der Verkehr zwischen Untergiesing und Sendling, unter der Br\u00fccke: ein stilles Isaridyll. Im Hintergrund ragt das Heizkraftwerk auf.<br \/>\n      \u00a9 Sigi M\u00fcller<\/p>\n<p>    Oben braust der Verkehr zwischen Untergiesing und Sendling, unter der Br\u00fccke: ein stilles Isaridyll. Im Hintergrund ragt das Heizkraftwerk auf.<\/p>\n<p>von Sigi M\u00fcller <\/p>\n<p>&#8222;}&#8220;&gt; <\/p>\n<p>Idyll am Isarstrand unter der Br\u00fccke<\/p>\n<p>Aber dann! Auf der Giesinger Seite f\u00fchrt n\u00f6rdlich ein Wegerl von der Br\u00fccke hinab \u2013 in eine ganz andere Welt. Die ist weit, wiesengr\u00fcn, isarschillernd. Alte Eichen, Pappeln und Linden werfen Schatten auf Wildstauden und Totholzst\u00e4mme.<\/p>\n<p>      <img decoding=\"async\" loading=\"lazy\" src=\"https:\/\/www.europesays.com\/de\/wp-content\/uploads\/2026\/08\/1726181_brudermuhlbrucke-3826-013-foto-sigi-muller_artikelbild-100proz_1GuJyh_CDSb1h.jpg\" alt=\"\u201eMorgens, mittags, abends\u201c komme sie mit ihrem Pudel-Spitz Eivy zum Schwimmen unterhalb der Bruderm\u00fchlbr\u00fccke, sagt Sylvia Sch\u00fctt.\" title=\"\u201eMorgens, mittags, abends\u201c komme sie mit ihrem Pudel-Spitz Eivy zum Schwimmen unterhalb der Bruderm\u00fchlbr\u00fccke, sagt Sylvia Sch\u00fctt.\" width=\"812\" height=\"541\"\/><\/p>\n<p>      \u201eMorgens, mittags, abends\u201c komme sie mit ihrem Pudel-Spitz Eivy zum Schwimmen unterhalb der Bruderm\u00fchlbr\u00fccke, sagt Sylvia Sch\u00fctt.<br \/>\n      \u00a9 Sigi M\u00fcller<\/p>\n<p>    \u201eMorgens, mittags, abends\u201c komme sie mit ihrem Pudel-Spitz Eivy zum Schwimmen unterhalb der Bruderm\u00fchlbr\u00fccke, sagt Sylvia Sch\u00fctt.<\/p>\n<p>von Sigi M\u00fcller <\/p>\n<p>&#8222;}&#8220;&gt; <\/p>\n<p>Schwimmen mit Zamperl<\/p>\n<p>Am Isarstrand wirft eine Frau mit Hut ein St\u00f6ckchen ins Wasser. Ihr schwarzes Zamperl flitzt hinein, heraus, sch\u00fcttelt sich. &#8222;Morgens, mittags, abends&#8220; komme sie mit ihrem Pudel-Spitz-Mischling Eivy zum Schwimmen neben der Br\u00fccke, sagt Sylvia Sch\u00fctt, sie wohne ja nur 300 Meter weg, direkt am lauten Ring. &#8222;Das Paradies hier unten, das ist mein Hintergarten. Das entsch\u00e4digt mich f\u00fcr den Autowahnsinn da oben.&#8220;<br \/>Da oben \u2013 das sieht auf der Nordseite noch unspektakul\u00e4r aus: eine Balkenbr\u00fccke aus grauem Spannbeton, 1953 gebaut, m\u00e4chtige 36 Meter breit. Tritt man aber unter sie hinein, h\u00fcllt einen K\u00fchle ein \u2013 und w\u00e4hrend das Br\u00fcckenrauschen verstummt, beginnt der Farbrausch.<\/p>\n<p>      <img decoding=\"async\" loading=\"lazy\" src=\"https:\/\/www.europesays.com\/de\/wp-content\/uploads\/2026\/08\/1726177_brudermuhlbrucke-3826-001-foto-sigi-muller_artikelbild-100proz_1GuJyb_M4yYrO.jpg\" alt=\"Die Arbeit dieses K\u00fcnstlers sei in nur eineinhalb Tagen fertig gewesen, erz\u00e4hlt Uli. &quot;Das ist einer, der kann es halt wirklich.&quot;\" title=\"Die Arbeit dieses K\u00fcnstlers sei in nur eineinhalb Tagen fertig gewesen, erz\u00e4hlt Uli. &quot;Das ist einer, der kann es halt wirklich.&quot;\" width=\"812\" height=\"541\"\/><\/p>\n<p>      Die Arbeit dieses K\u00fcnstlers sei in nur eineinhalb Tagen fertig gewesen, erz\u00e4hlt Uli. &#8222;Das ist einer, der kann es halt wirklich.&#8220;<br \/>\n      \u00a9 Sigi M\u00fcller<\/p>\n<p>    Die Arbeit dieses K\u00fcnstlers sei in nur eineinhalb Tagen fertig gewesen, erz\u00e4hlt Uli. &#8222;Das ist einer, der kann es halt wirklich.&#8220;<\/p>\n<p>von Sigi M\u00fcller <\/p>\n<p>&#8222;}&#8220;&gt; <\/p>\n<p>Graffiti, hier ganz legal<\/p>\n<p>Die W\u00e4nde seitlich, auch die Fl\u00e4chen mittig rund um die Br\u00fcckenpfeiler, allesamt leuchten in Graffitifarben. Seit Mitte der 90er Jahre schon d\u00fcrfen junge Sprayer hier ganz legal spr\u00fchen. &#8222;Isart&#8220; hie\u00df das von der Stadt gef\u00f6rderte Street-Art-Projekt anfangs. Ziel war es, Graffiti aus der Illegalit\u00e4t zu holen und als echte Kunstform im \u00f6ffentlichen Raum zu zeigen. <br \/>Seit 2024 hei\u00dft das Projekt &#8222;D\u00f6sen\u00f6ffner&#8220; \u2013 eine Jury sucht jedes Jahr aus Bewerberinnen und Bewerbern aus, wer die W\u00e4nde neu gestalten darf.<\/p>\n<p>      <img decoding=\"async\" loading=\"lazy\" src=\"https:\/\/www.europesays.com\/de\/wp-content\/uploads\/2026\/08\/1726178_brudermuhlbrucke-3826-019-foto-sigi-muller_artikelbild-100proz_1GuJyb_Nwy9Zp.jpg\" alt=\"Die Illustratorin Karen Exner (31) geh\u00f6rt zu den K\u00fcnstlern, die aktuell die Br\u00fcckenpfeiler der Bruderm\u00fchlbr\u00fccke neu gestalten d\u00fcrfen. Ihr Motiv auf der 13 Meter langen Wand: vier gro\u00dfformatige K\u00f6pfe.\" title=\"Die Illustratorin Karen Exner (31) geh\u00f6rt zu den K\u00fcnstlern, die aktuell die Br\u00fcckenpfeiler der Bruderm\u00fchlbr\u00fccke neu gestalten d\u00fcrfen. Ihr Motiv auf der 13 Meter langen Wand: vier gro\u00dfformatige K\u00f6pfe.\" width=\"812\" height=\"541\"\/><\/p>\n<p>      Die Illustratorin Karen Exner (31) geh\u00f6rt zu den K\u00fcnstlern, die aktuell die Br\u00fcckenpfeiler der Bruderm\u00fchlbr\u00fccke neu gestalten d\u00fcrfen. Ihr Motiv auf der 13 Meter langen Wand: vier gro\u00dfformatige K\u00f6pfe.<br \/>\n      \u00a9 Sigi M\u00fcller<\/p>\n<p>    Die Illustratorin Karen Exner (31) geh\u00f6rt zu den K\u00fcnstlern, die aktuell die Br\u00fcckenpfeiler der Bruderm\u00fchlbr\u00fccke neu gestalten d\u00fcrfen. Ihr Motiv auf der 13 Meter langen Wand: vier gro\u00dfformatige K\u00f6pfe.<\/p>\n<p>von Sigi M\u00fcller <\/p>\n<p>&#8222;}&#8220;&gt; <\/p>\n<p>&#8222;Total untersch\u00e4tzt, wie viel Zeit das braucht&#8220;<\/p>\n<p>Gerade kann man den neuen K\u00fcnstlern bei der Arbeit zusehen. Hoch auf einer Leiter balanciert eine junge Frau mit rotblondem Pferdeschwanz. In der Linken eine Farbenpalette, in der Rechten einen Effektroller. Es ist die Buchillustratorin Karen Exner, eigentlich Berlinerin, aber gerade l\u00e4nger in M\u00fcnchen. <br \/>Sie wolle ihren Stil auf gro\u00dfer Fl\u00e4che ausprobieren, sagt sie. 13 mal 3,6 Meter gro\u00df ist die Wand, auf die sie vier geometrisch abstrahierte K\u00f6pfe malt, angelehnt an die Figuren in ihrem Bilderbuch &#8222;H\u00fcte&#8220;: &#8222;Ich hab total untersch\u00e4tzt, wie viel Zeit so eine riesige Wand braucht.&#8220;<\/p>\n<p>      <img decoding=\"async\" loading=\"lazy\" src=\"https:\/\/www.europesays.com\/de\/wp-content\/uploads\/2026\/08\/1726174_brudermuhlbrucke-3826-018-foto-sigi-muller_artikelbild-100proz_1GuJy4_YwlQ2U.jpg\" alt=\"Unter der Br\u00fccke hat sich der Obdachlose Uli eingerichtet. Fr\u00fcher, sagt er, sei er selber Graffiti-Sprayer gewesen, jetzt schaut er den anderen zu.\" title=\"Unter der Br\u00fccke hat sich der Obdachlose Uli eingerichtet. Fr\u00fcher, sagt er, sei er selber Graffiti-Sprayer gewesen, jetzt schaut er den anderen zu.\" width=\"812\" height=\"541\"\/><\/p>\n<p>      Unter der Br\u00fccke hat sich der Obdachlose Uli eingerichtet. Fr\u00fcher, sagt er, sei er selber Graffiti-Sprayer gewesen, jetzt schaut er den anderen zu.<br \/>\n      \u00a9 Sigi M\u00fcller<\/p>\n<p>    Unter der Br\u00fccke hat sich der Obdachlose Uli eingerichtet. Fr\u00fcher, sagt er, sei er selber Graffiti-Sprayer gewesen, jetzt schaut er den anderen zu.<\/p>\n<p>von Sigi M\u00fcller <\/p>\n<p>&#8222;}&#8220;&gt; <\/p>\n<p>Uli lebt unterm Br\u00fcckendach<\/p>\n<p>Mitten in dieser Open-Air-Galerie lebt ein Mann, er verschwindet fast hinter seinen Habseligkeiten. Er hei\u00dfe Uli, sagt er, und er sei fr\u00fcher selber Sprayer gewesen. Weil er schon eineinhalb Jahre unterm Br\u00fcckendach lebt, kann er nicht nur \u00fcber die Feste viel erz\u00e4hlen, die M\u00fcnchens Jugend unter der Br\u00fccke feiert. Sondern auch \u00fcber die spektakul\u00e4rste Street-Art-Aktion. Die ist auf der S\u00fcdseite der Bruderm\u00fchlbr\u00fccke zu bestaunen, gewaltige 500 Quadratmeter gro\u00df.<\/p>\n<p>      <img decoding=\"async\" loading=\"lazy\" src=\"https:\/\/www.europesays.com\/de\/wp-content\/uploads\/2026\/08\/1726175_brudermuhlbrucke-3826-007-foto-sigi-muller_artikelbild-100proz_1GuJy6_WtqRwZ.jpg\" alt=\"Riesige Fl\u00e4chen hat Graffitik\u00fcnstler WON_ABC \u00fcber Kopf gestaltet.\" title=\"Riesige Fl\u00e4chen hat Graffitik\u00fcnstler WON_ABC \u00fcber Kopf gestaltet.\" width=\"812\" height=\"546\"\/><\/p>\n<p>      Riesige Fl\u00e4chen hat Graffitik\u00fcnstler WON_ABC \u00fcber Kopf gestaltet.<br \/>\n      \u00a9 Sigi M\u00fcller<\/p>\n<p>    Riesige Fl\u00e4chen hat Graffitik\u00fcnstler WON_ABC \u00fcber Kopf gestaltet.<\/p>\n<p>von Sigi M\u00fcller <\/p>\n<p>&#8222;}&#8220;&gt; <\/p>\n<p>Sprayerlegende und seine monumentalen V\u00f6gel<\/p>\n<p>Auf 65 Metern Wandl\u00e4nge hat Sprayerlegende WON_ABC (b\u00fcrgerlich: Michael M\u00fcller) letzten Sommer drei monumentale V\u00f6gel geschaffen. &#8222;Wesen der L\u00fcfte, Himmel der Freiheit&#8220; hei\u00dft die Arbeit. Der M\u00fcnchner K\u00fcnstler (59) war mit einem Teleskop-Hubwagen insgesamt sieben Wochen lang hier. &#8222;Wie oft der \u00fcber Kopf auf die Spraydose gedr\u00fcckt hat, Wahnsinn&#8220;, sagt Uli.<\/p>\n<p>      <img decoding=\"async\" loading=\"lazy\" src=\"https:\/\/www.europesays.com\/de\/wp-content\/uploads\/2026\/08\/1726176_brudermuehlbruecke-1940-trambahnorg_artikelbild-100proz_1GuJy6_OHEW55.jpg\" alt=\"Die alte Bruderm\u00fchlbr\u00fccke 1951, kurz vor dem Abriss.\" title=\"Die alte Bruderm\u00fchlbr\u00fccke 1951, kurz vor dem Abriss.\" width=\"352\" height=\"202\"\/><\/p>\n<p>      Die alte Bruderm\u00fchlbr\u00fccke 1951, kurz vor dem Abriss.<br \/>\n      \u00a9 www.trambahn.org<\/p>\n<p>    Die alte Bruderm\u00fchlbr\u00fccke 1951, kurz vor dem Abriss.<\/p>\n<p>von www.trambahn.org <\/p>\n<p>&#8222;}&#8220;&gt; <\/p>\n<p>1904: Die erste Bruderm\u00fchlbr\u00fccke<\/p>\n<p>Zum ersten Mal ist \u00fcbrigens schon 1904 eine Br\u00fccke an dieser Stelle \u00fcber die Isar gebaut worden. Damals hat man \u2013 wegen des Neubaus der Wittelsbacherbr\u00fccke \u2013 die alte Wittelsbacher Eisenfachwerkbr\u00fccke hierher versetzt. Im Zweiten Weltkrieg wurde sie schwer besch\u00e4digt und 1948 nur provisorisch als Fu\u00dfg\u00e4ngersteg repariert. 1953 hat die Stadt die Br\u00fccke dann komplett abbauen und neu errichten lassen.<\/p>\n<p>Den alten Namen aber hat die Bruderm\u00fchlbr\u00fccke behalten. Sie ist seinerzeit (wie die Bruderm\u00fchlstra\u00dfe, die \u00fcber sie f\u00fchrt) nach der Bruderm\u00fchle benannt worden, einer der drei fr\u00fcheren M\u00fchlen am Sendlinger Dreim\u00fchlenbach. Die hatte bis 1577 den Franziskanerbr\u00fcdern des Angerklosters geh\u00f6rt, daher der Name. Bis 1879 ist die Bruderm\u00fchle als Unterkunft f\u00fcr unheilbar Pest- und Cholerakranke genutzt worden, als Au\u00dfenstelle des Krankenhauses links der Isar. Und wurde dann kontrolliert abgebrannt.<\/p>\n","protected":false},"excerpt":{"rendered":"Zu Fu\u00df \u00fcber die Bruderm\u00fchlbr\u00fccke flanieren? Von, sagen wir, dem Sendlinger Heizkraftwerk Richtung Sechzgerstadion in Giesing? Man k\u00e4me&hellip;\n","protected":false},"author":2,"featured_media":1229527,"comment_status":"","ping_status":"","sticky":false,"template":"","format":"standard","meta":{"footnotes":"","_share_on_mastodon":"0"},"categories":[1775],"tags":[1793,237260,29,255283,214,97480,30,12530,3366,255284,1794,1268,8,215,255282],"class_list":["post-1229526","post","type-post","status-publish","format-standard","has-post-thumbnail","category-kunst-und-design","tag-art-and-design","tag-brudermuehlbruecke","tag-deutschland","tag-doesenoeffner","tag-entertainment","tag-flaucher","tag-germany","tag-graffiti","tag-isar","tag-isart","tag-kunst-und-design","tag-muenchen","tag-top-meldungen","tag-unterhaltung","tag-won_abc"],"share_on_mastodon":{"url":"","error":""},"_links":{"self":[{"href":"https:\/\/www.europesays.com\/de\/wp-json\/wp\/v2\/posts\/1229526","targetHints":{"allow":["GET"]}}],"collection":[{"href":"https:\/\/www.europesays.com\/de\/wp-json\/wp\/v2\/posts"}],"about":[{"href":"https:\/\/www.europesays.com\/de\/wp-json\/wp\/v2\/types\/post"}],"author":[{"embeddable":true,"href":"https:\/\/www.europesays.com\/de\/wp-json\/wp\/v2\/users\/2"}],"replies":[{"embeddable":true,"href":"https:\/\/www.europesays.com\/de\/wp-json\/wp\/v2\/comments?post=1229526"}],"version-history":[{"count":0,"href":"https:\/\/www.europesays.com\/de\/wp-json\/wp\/v2\/posts\/1229526\/revisions"}],"wp:featuredmedia":[{"embeddable":true,"href":"https:\/\/www.europesays.com\/de\/wp-json\/wp\/v2\/media\/1229527"}],"wp:attachment":[{"href":"https:\/\/www.europesays.com\/de\/wp-json\/wp\/v2\/media?parent=1229526"}],"wp:term":[{"taxonomy":"category","embeddable":true,"href":"https:\/\/www.europesays.com\/de\/wp-json\/wp\/v2\/categories?post=1229526"},{"taxonomy":"post_tag","embeddable":true,"href":"https:\/\/www.europesays.com\/de\/wp-json\/wp\/v2\/tags?post=1229526"}],"curies":[{"name":"wp","href":"https:\/\/api.w.org\/{rel}","templated":true}]}}