{"id":1229566,"date":"2026-08-11T10:05:19","date_gmt":"2026-08-11T10:05:19","guid":{"rendered":"https:\/\/www.europesays.com\/de\/1229566\/"},"modified":"2026-08-11T10:05:19","modified_gmt":"2026-08-11T10:05:19","slug":"pol-pprp-vorsicht-vor-falschen-dachdeckern-wer-kann-hinweise-geben","status":"publish","type":"post","link":"https:\/\/www.europesays.com\/de\/1229566\/","title":{"rendered":"POL-PPRP: Vorsicht vor falschen Dachdeckern &#8211; Wer kann Hinweise geben?"},"content":{"rendered":"<p class=\"date\">11.08.2026 \u2013 11:19<\/p>\n<p class=\"customer\">\n                        <a class=\"story-customer\" title=\"weiter zum newsroom von Polizeipr\u00e4sidium Rheinpfalz\" href=\"https:\/\/www.presseportal.de\/blaulicht\/nr\/117696\" rel=\"nofollow noopener\" target=\"_blank\">Polizeipr\u00e4sidium Rheinpfalz<\/a>\n                    <\/p>\n<p><a data-category=\"citylink-story-view\" data-action=\"click\" data-label=\"Citylink in Meldungsansicht\" class=\"story-city event-trigger\" href=\"https:\/\/www.presseportal.de\/regional\/Ludwigshafen\" title=\"News aus Ludwigshafen \" rel=\"nofollow noopener\" target=\"_blank\">Ludwigshafen<\/a> (ots)<\/p>\n<p>Am Donnerstagmittag (06.08.2026, gegen 12 Uhr) wurde ein Senior aus der Brahmsstra\u00dfe von zwei vermeintlichen Dachdeckern einer Ludwigshafener Firma angesprochen. Die M\u00e4nner schilderten, dass sie einen Schaden an seinem Dach entdeckt haben. Diesen k\u00f6nnten Sie f\u00fcr weniger als 100 Euro beheben. Sp\u00e4ter schilderten die angeblichen Dachdecker, dass der Schaden doch umfangreicher sei und sie einen Vorschuss ben\u00f6tigen, um die Materialien f\u00fcr die Reparatur zu kaufen. Nachdem der Senior ihnen das Geld \u00fcbergab, h\u00f6rte er nichts mehr von den M\u00e4nnern. Nachdem der Gesch\u00e4digte sich bei der Ludwigshafener Firma, von denen die Handwerker stammen sollen, erkundigte, fiel der Betrug auf.<\/p>\n<p>Die Betr\u00fcger werden, wie folgt beschrieben:<\/p>\n<p>   -1,70 m gro\u00df,   -30 &#8211; 40 Jahre alt,   -dunkelh\u00e4utig,   -volle, schwarze Haare,   -gepflegter Bart<\/p>\n<p>und<\/p>\n<p>   -1,65 m gro\u00df,   -20 &#8211; 25 Jahre alt,   -korpulent,   -dunkelh\u00e4utig.<\/p>\n<p>Haben Sie am Donnerstagmittag (06.08.2026) verd\u00e4chtige Personen oder Fahrzeuge beobachtet? Oder k\u00f6nnen Sie Hinweise zu den beschriebenen M\u00e4nnern geben?<\/p>\n<p>Dann melden Sie sich bitte bei der Kriminalpolizei Ludwigshafen unter der Telefonnummer 0621 963- 23312 oder per E-Mail <a href=\"https:\/\/www.presseportal.de\/blaulicht\/pm\/117696\/mailto:KDLudwigshafen.KI3.K31@polizei.rlp.de\" class=\"uri-mailto\" rel=\"nofollow noopener\" target=\"_blank\">KDLudwigshafen.KI3.K31@polizei.rlp.de<\/a> .<\/p>\n<p>Beachten Sie die Tipps Ihrer Polizei, um sich vor betr\u00fcgerischen Handwerkern zu sch\u00fctzen.<\/p>\n<p>   -Seien Sie misstrauisch, wenn Handwerker unaufgefordert eine<br \/>\nDienstleistung, wie eine Dachreparatur oder Steinreinigung, anbieten.   -Lassen Sie sich nicht unter Druck setzen und holen Sie ggfls. ein<br \/>\nzweites Angebot von einer anderen Firma ein.   -Leisten Sie niemals Vorkasse und bestehen Sie bei der Zahlung auf<br \/>\neine Rechnung.   -Wenn verd\u00e4chtige Handwerker bei Ihnen klingeln, verst\u00e4ndigen Sie<br \/>\ndie Polizei.   -Sollte Ihnen bereits ein Schaden entstanden sein, erstatten Sie<br \/>\nAnzeige bei Ihrer Polizei &#8211; <a target=\"_blank\" class=\"uri-ext outbound\" rel=\"noopener nofollow\" href=\"https:\/\/www.polizei.rlp.de\/de\/dienststellensuche\/\">www.polizei.rlp.de\/de\/dienststellensuche\/<\/a><\/p>\n<p class=\"contact-headline\">R\u00fcckfragen bitte an:<\/p>\n<p class=\"contact-text\">Polizeipr\u00e4sidium Rheinpfalz<br \/>Ghislaine Wymar <br \/>Telefon: 0621 963-20022<br \/>E-Mail: <a href=\"https:\/\/www.presseportal.de\/blaulicht\/pm\/117696\/mailto:pprheinpfalz.presse@polizei.rlp.de\" class=\"uri-mailto\" rel=\"nofollow noopener\" target=\"_blank\">pprheinpfalz.presse@polizei.rlp.de<\/a><br \/><a target=\"_blank\" class=\"uri-ext outbound\" rel=\"noopener nofollow\" href=\"https:\/\/s.rlp.de\/86q\">https:\/\/s.rlp.de\/86q<\/a><\/p>\n<p class=\"originator\">Original-Content von: Polizeipr\u00e4sidium Rheinpfalz, \u00fcbermittelt durch news aktuell<\/p>\n","protected":false},"excerpt":{"rendered":"11.08.2026 \u2013 11:19 Polizeipr\u00e4sidium Rheinpfalz Ludwigshafen (ots) Am Donnerstagmittag (06.08.2026, gegen 12 Uhr) wurde ein Senior aus der&hellip;\n","protected":false},"author":2,"featured_media":1184682,"comment_status":"","ping_status":"","sticky":false,"template":"","format":"standard","meta":{"footnotes":"","_share_on_mastodon":"0"},"categories":[1845],"tags":[1634,3364,29,548,663,3934,30,13,177,2096,14,15,121,178,180,179,181,17273,12],"class_list":["post-1229566","post","type-post","status-publish","format-standard","has-post-thumbnail","category-mannheim","tag-baden-wuerttemberg","tag-de","tag-deutschland","tag-eu","tag-europa","tag-europe","tag-germany","tag-headlines","tag-kriminalitt","tag-mannheim","tag-nachrichten","tag-news","tag-polizei","tag-presse","tag-pressemeldung","tag-pressemitteilung","tag-pressemitteilungen","tag-rp","tag-schlagzeilen"],"share_on_mastodon":{"url":"https:\/\/pubeurope.com\/@de\/117076317042516690","error":""},"_links":{"self":[{"href":"https:\/\/www.europesays.com\/de\/wp-json\/wp\/v2\/posts\/1229566","targetHints":{"allow":["GET"]}}],"collection":[{"href":"https:\/\/www.europesays.com\/de\/wp-json\/wp\/v2\/posts"}],"about":[{"href":"https:\/\/www.europesays.com\/de\/wp-json\/wp\/v2\/types\/post"}],"author":[{"embeddable":true,"href":"https:\/\/www.europesays.com\/de\/wp-json\/wp\/v2\/users\/2"}],"replies":[{"embeddable":true,"href":"https:\/\/www.europesays.com\/de\/wp-json\/wp\/v2\/comments?post=1229566"}],"version-history":[{"count":0,"href":"https:\/\/www.europesays.com\/de\/wp-json\/wp\/v2\/posts\/1229566\/revisions"}],"wp:featuredmedia":[{"embeddable":true,"href":"https:\/\/www.europesays.com\/de\/wp-json\/wp\/v2\/media\/1184682"}],"wp:attachment":[{"href":"https:\/\/www.europesays.com\/de\/wp-json\/wp\/v2\/media?parent=1229566"}],"wp:term":[{"taxonomy":"category","embeddable":true,"href":"https:\/\/www.europesays.com\/de\/wp-json\/wp\/v2\/categories?post=1229566"},{"taxonomy":"post_tag","embeddable":true,"href":"https:\/\/www.europesays.com\/de\/wp-json\/wp\/v2\/tags?post=1229566"}],"curies":[{"name":"wp","href":"https:\/\/api.w.org\/{rel}","templated":true}]}}