{"id":1229600,"date":"2026-08-11T10:28:16","date_gmt":"2026-08-11T10:28:16","guid":{"rendered":"https:\/\/www.europesays.com\/de\/1229600\/"},"modified":"2026-08-11T10:28:16","modified_gmt":"2026-08-11T10:28:16","slug":"baschar-al-assad-syriens-ex-machthaber-baschar-al-assad-zum-tode-verurteilt","status":"publish","type":"post","link":"https:\/\/www.europesays.com\/de\/1229600\/","title":{"rendered":"Baschar al-Assad: Syriens Ex-Machthaber Baschar al-Assad zum Tode verurteilt"},"content":{"rendered":"<p class=\"paragraph article__item\">Ein Gericht in Syrien hat den fr\u00fcheren Machthaber <a class=\"rtr-entity\" href=\"https:\/\/www.zeit.de\/thema\/baschar-al-assad\" rel=\"nofollow noopener\" target=\"_blank\">Baschar al-Assad<\/a> in seiner Abwesenheit zum Tode verurteilt. Die Richter begr\u00fcndeten ihr Urteil mit \u00bbKriegsverbrechen\u00ab und \u00bbVerbrechen gegen die Menschlichkeit\u00ab. Es handelt sich um das erste Urteil gegen <a href=\"https:\/\/www.zeit.de\/2025\/43\/baschar-al-assad-moskau-russland-syrien-familie-wladimir-putin\" target=\"_blank\" rel=\"nofollow noopener\">Assad, der derzeit in Russland im Exil lebt.<\/a>\n<\/p>\n<p class=\"paragraph article__item\">Zum Tode verurteilt wurde auch der<a href=\"https:\/\/www.zeit.de\/politik\/2026-04\/syrien-assad-erste-oeffentliche-prozess-gericht\" target=\"_blank\" rel=\"nofollow noopener\"> fr\u00fchere hochrangige Sicherheitsverantwortliche Atef Nadschib, ein Cousin Assads.<\/a><br \/>\n Nadschib war vor Gericht anwesend und wurde ebenfalls wegen \u00bbVerbrechen gegen die Menschlichkeit\u00ab schuldig<br \/>\ngesprochen, die er nach \u00dcberzeugung der Richter als Leiter der<br \/>\nSicherheitsbeh\u00f6rden in der syrischen Provinz Daraa begangen hatte. Unter<br \/>\n anderem wurden ihm die vors\u00e4tzliche T\u00f6tung von Kindern unter 15<br \/>\nJahren sowie Folter mit Todesfolge zur Last gelegt.\n<\/p>\n<p class=\"paragraph article__item\">In der Provinz Daraa hatte im Jahr 2011 der friedliche Aufstand gegen die Assad-Regierung begonnen. Nadschib war im Januar 2025, wenige Wochen nach dem Sturz der Assad-Regierung, in der syrischen Hafenstadt Latakia festgenommen worden. Er ist einer der rangh\u00f6chsten Vertreter der Assad-F\u00fchrung, die vor Gericht gestellt wurden. Vor dem Justizpalast in Damaskus versammelten sich w\u00e4hrend der Urteilsverk\u00fcndung Dutzende Menschen. Nach dem Urteil brachen Jubel und Freudenschreie aus, wie ein Reporter der Nachrichtenagentur dpa vor Ort berichtete.\n<\/p>\n<p>            B\u00fcrgerkrieg mit mehr als einer halben Million Toten            <\/p>\n<p class=\"paragraph article__item\">Assad wurde im Dezember 2024 von islamistischen K\u00e4mpfern gest\u00fcrzt und floh ins Exil. Seitdem <a href=\"https:\/\/www.zeit.de\/politik\/ausland\/2026-05\/syrien-ahmed-al-scharaa-regierung-umbildung-kabinett\" target=\"_blank\" rel=\"nofollow noopener\">f\u00fchrt Ahmed al-Scharaa das Land als \u00dcbergangspr\u00e4sident<\/a>. Mehrere Prozesse sollen die Zeit des brutalen 14-j\u00e4hrigen B\u00fcrgerkrieges unter Assad aufarbeiten. Zwischen 2011 und 2024 wurden dabei mehr als eine halbe Million Menschen get\u00f6tet, <a href=\"https:\/\/www.zeit.de\/politik\/ausland\/2025-11\/rueckkehrer-syrien-sicherheit-lebensbedingungen-damaskus-latakia\" target=\"_blank\" rel=\"nofollow noopener\">die Infrastruktur des Landes liegt in Tr\u00fcmmern. <\/a>Der Krieg f\u00fchrte zudem zu einer massiven Fluchtbewegung in die Nachbarl\u00e4nder wie den Libanon und<a href=\"https:\/\/www.zeit.de\/politik\/deutschland\/2026-06\/flucht-vertreibung-zuwanderung-statistik-deutschland-gxe\" target=\"_blank\" rel=\"nofollow noopener\"> weiter nach Europa. <\/a>\n<\/p>\n<p>                            \u00a9\u00a0Lea Dohle<\/p>\n<p>\n                                        Newsletter<br \/>\n                                        Was jetzt? \u2013 Der t\u00e4gliche Morgen\u00fcberblick<\/p>\n<p class=\"newsletter-signup__text\">Starten Sie mit unserem kurzen Nachrichten-Newsletter in den Tag. Erhalten Sie zudem freitags das digitale Magazin ZEIT am Wochenende.<\/p>\n<p class=\"newsletter-signup__datapolicy\" hidden=\"\">\n            Mit Ihrer Registrierung nehmen Sie die <a href=\"https:\/\/datenschutz.zeit.de\/zon#Newsletter\" target=\"_blank\" rel=\"nofollow noopener\">Datenschutzerkl\u00e4rung<\/a> zur Kenntnis.\n        <\/p>\n<p>    Vielen Dank! Wir haben Ihnen eine E-Mail geschickt.<\/p>\n<p>Pr\u00fcfen Sie Ihr Postfach und best\u00e4tigen Sie das Newsletter-Abonnement.<\/p>\n<p class=\"paragraph article__item\">Seit Ende April laufen die Prozesse vor der neu geschaffenen Vierten<br \/>\nStrafkammer des Justizpalasts.<a href=\"https:\/\/www.zeit.de\/gesellschaft\/zeitgeschehen\/2026-07\/syrien-offiziere-wien-folter-urteil\" target=\"_blank\" rel=\"nofollow noopener\"> Bisher fanden solche Gerichtsverfahren im Ausland statt,<\/a> unter<br \/>\nanderem auch in Deutschland <a href=\"https:\/\/www.zeit.de\/politik\/ausland\/2026-04\/menschenrechte-geschaefte-konfliktregionen-finanzierung-terrorismus-frankreich-urteil-5vor8\" target=\"_blank\" rel=\"nofollow noopener\">und in Frankreich<\/a>. Die aktuellen<br \/>\nProzesse bringen die Verhandlungen zur\u00fcck in das Land des Geschehens.<br \/>\nSie sollen dokumentieren, wer welche Befehle gegeben hat, wer gefoltert<br \/>\nhat und wo die Massengr\u00e4ber liegen. Dabei geht es auch darum,<br \/>\nGerechtigkeit f\u00fcr die Opfer im Inland zu schaffen und die<br \/>\nRechtsstaatlichkeit im neuen Syrien zu etablieren.\n<\/p>\n<p>                                    Viele Herausforderungen im Prozess            <\/p>\n<p class=\"paragraph article__item\">Doch es gibt viele Herausforderungen: <a href=\"https:\/\/www.zeit.de\/politik\/ausland\/2025-03\/lage-syrien-gewalt-gruppen-zivilisten-alawiten-rahaf-aldoughli\" target=\"_blank\" rel=\"nofollow noopener\">Nach Jahren des brutalen Regimes<br \/>\nwartet ein ganzes Volk auf Gerechtigkeit. <\/a>Es gibt jedoch in Syrien noch<br \/>\nkein Justizsystem mit unabh\u00e4ngigen Strukturen und<br \/>\nmodernen Gesetzen. Etwa kennt das syrische Recht eigentlich keinen Tatbestand f\u00fcr Kriegsverbrechen und Verbrechen gegen die<br \/>\nMenschlichkeit. Viele der Richter und Staatsanw\u00e4lte<br \/>\nhaben wenig bis gar keine Erfahrungen mit solch komplexen<br \/>\nGerichtsverfahren.\n<\/p>\n<p>            Verbrechen in Kriegen<\/p>\n<p class=\"paragraph article__item\">Verbrechen, die im Krieg begangen werden, k\u00f6nnen juristisch verfolgt werden. Das <a href=\"https:\/\/www.institut-fuer-menschenrechte.de\/fileadmin\/Redaktion\/GGDB\/Ro__misches_Statut.pdf\" rel=\"nofollow noopener\" target=\"_blank\">R\u00f6mische Statut von 1998<\/a>\u00a0legt fest, wof\u00fcr der Internationale Strafgerichtshof in Den Haag zust\u00e4ndig ist, und kategorisiert dabei folgende Taten:\n<\/p>\n<p class=\"paragraph article__item\"><strong>V\u00f6lkermord (Artikel 6)<\/strong><br \/>F\u00fcr die Klassifizierung als V\u00f6lkermord ist die Absicht hinter der Tat entscheidend. Wer Menschen einer bestimmten Gruppe t\u00f6tet oder schweren Schaden zuf\u00fcgt, um \u00bbeine nationale, rassische, religi\u00f6se oder ethnische Gruppe als solche ganz oder teilweise zu zerst\u00f6ren\u00ab, der macht sich des V\u00f6lkermordes schuldig. Auch Sterilisation und die Entf\u00fchrung von Kindern werden in diesem Zusammenhang als V\u00f6lkermord bezeichnet.\n<\/p>\n<p class=\"paragraph article__item\"><strong>Verbrechen gegen die Menschlichkeit (Artikel 7)<\/strong><br \/>Wer die Zivilbev\u00f6lkerung systematisch oder \u00fcber einen l\u00e4ngeren Zeitraum angreift, der begeht ein Verbrechen gegen die Menschlichkeit. Dazu z\u00e4hlen etwa Verbrechen wie T\u00f6tung, Folter, Vertreibung, sexualisierte Gewalt, die Verfolgung bestimmter Gruppen und Apartheid.\n<\/p>\n<p class=\"paragraph article__item\"><strong><br \/>Kriegsverbrechen (Artikel 8)<\/strong><br \/>Kriegsverbrechen werden als Taten definiert, die gegen das Kriegsrecht versto\u00dfen, also etwa die Genfer Konventionen von 1948. Diese sollen im Kriegsfall ein Mindestma\u00df an Humanit\u00e4t sicherstellen und die Zivilbev\u00f6lkerung sch\u00fctzen sowie Soldatinnen und Soldaten, welche nicht mehr k\u00e4mpfen. Auch Angriffe auf zivile Infrastruktur werden als Kriegsverbrechen definiert.\u00a0\n<\/p>\n<p class=\"paragraph article__item\"><strong>Verbrechen der Aggression (Artikel 8bis)<\/strong><br \/>Verbrechen der Aggression definieren die Vorbereitung und Ausf\u00fchrung von Angriffskriegen als eigenen Straftatbestand. Im R\u00f6mischen Statut von 1998 wird der Begriff bereits als Zust\u00e4ndigkeitsgebiet des IStGH genannt, <a href=\"https:\/\/treaties.un.org\/doc\/Publication\/CN\/2010\/CN.651.2010-Eng.pdf\" rel=\"nofollow noopener\" target=\"_blank\">jedoch erst 2010 pr\u00e4zise definiert<\/a>.\n<\/p>\n<p class=\"paragraph article__item\">Kritiker sehen in den Verfahren daher lediglich einen<br \/>\n Versuch, die Bev\u00f6lkerung oder auch ausl\u00e4ndische Partner zu bes\u00e4nftigen.<br \/>\n Wieder andere bem\u00e4ngeln, dass Gr\u00e4ueltaten anderer bewaffneter Gruppen,<br \/>\nwie dschihadistischer Fraktionen oder Rebellenmilizen, in diesen<br \/>\nProzessen bisher au\u00dfen vor bleiben.\n<\/p>\n<p class=\"paragraph article__item\">Zudem scheint eine Vollstreckung der Strafe f\u00fcr Assad unwahrscheinlich. Aktuell lebt er in der russischen Hauptstadt Moskau im Exil. Berichten zufolge soll sich sein j\u00fcngerer<br \/>\nund als brutaler \u00bbSchl\u00e4chter\u00ab<br \/>\nbekannter Bruder Mahir ebenfalls nach Moskau abgesetzt haben. Sollten<br \/>\nsie jemals gefasst oder ausgeliefert werden, wartet auf sie in Damaskus<br \/>\numgehend der Strafvollzug \u2013 oder ein neuer Prozess.\n<\/p>\n<p>Mehr zum Thema<\/p>\n<p>                <a href=\"https:\/\/www.zeit.de\/politik\/ausland\/2026-07\/syrien-verbrechen-assad-regime-prozess-buerger\" data-ct-label=\"Syrien: \u00bbDiese Kriminellen haben selbst vor Babys nicht Halt gemacht\u00ab\" data-uuid=\"cd83f39d-56eb-40e2-93b9-33db58dfe5bb\" rel=\"nofollow noopener\" target=\"_blank\"><\/p>\n<p>        Z+ (abopflichtiger Inhalt);<\/p>\n<p>    Syrien:<br \/>\n                        \u00bbDiese Kriminellen haben selbst vor Babys nicht Halt gemacht\u00ab<\/p>\n<p>                <\/a><\/p>\n<p>                <a href=\"https:\/\/www.zeit.de\/2026\/05\/kurden-syrien-al-scharaa-milizen-islamismus\" data-ct-label=\"Kurden in Syrien: Sie f\u00fchlen sich verraten\" data-uuid=\"2c739be4-6d51-4d1d-93a6-d042987aedfa\" rel=\"nofollow noopener\" target=\"_blank\"><\/p>\n<p>        Z+ (abopflichtiger Inhalt);<\/p>\n<p>    Kurden in Syrien:<br \/>\n                        Sie f\u00fchlen sich verraten<\/p>\n<p>                <\/a><\/p>\n<p>                <a href=\"https:\/\/www.zeit.de\/politik\/ausland\/2025-09\/vermisste-kinder-syrien-assad-waisenhaeuser-sos-kinderdoerfer\" data-ct-label=\"Syrien: Assads verschleppte Kinder\" data-uuid=\"97f7c967-8fed-478a-80d8-476cdd642949\" rel=\"nofollow noopener\" target=\"_blank\"><\/p>\n<p>                        Syrien:<br \/>\n                        Assads verschleppte Kinder<\/p>\n<p>                <\/a><\/p>\n","protected":false},"excerpt":{"rendered":"Ein Gericht in Syrien hat den fr\u00fcheren Machthaber Baschar al-Assad in seiner Abwesenheit zum Tode verurteilt. Die Richter&hellip;\n","protected":false},"author":2,"featured_media":1229601,"comment_status":"","ping_status":"","sticky":false,"template":"","format":"standard","meta":{"footnotes":"","_share_on_mastodon":"0"},"categories":[5],"tags":[331,332,24027,3364,29,30,13,14,15,16,12],"class_list":["post-1229600","post","type-post","status-publish","format-standard","has-post-thumbnail","category-nachrichten","tag-aktuelle-nachrichten","tag-aktuelle-news","tag-baschar-al-assad","tag-de","tag-deutschland","tag-germany","tag-headlines","tag-nachrichten","tag-news","tag-politik","tag-schlagzeilen"],"share_on_mastodon":{"url":"","error":""},"_links":{"self":[{"href":"https:\/\/www.europesays.com\/de\/wp-json\/wp\/v2\/posts\/1229600","targetHints":{"allow":["GET"]}}],"collection":[{"href":"https:\/\/www.europesays.com\/de\/wp-json\/wp\/v2\/posts"}],"about":[{"href":"https:\/\/www.europesays.com\/de\/wp-json\/wp\/v2\/types\/post"}],"author":[{"embeddable":true,"href":"https:\/\/www.europesays.com\/de\/wp-json\/wp\/v2\/users\/2"}],"replies":[{"embeddable":true,"href":"https:\/\/www.europesays.com\/de\/wp-json\/wp\/v2\/comments?post=1229600"}],"version-history":[{"count":0,"href":"https:\/\/www.europesays.com\/de\/wp-json\/wp\/v2\/posts\/1229600\/revisions"}],"wp:featuredmedia":[{"embeddable":true,"href":"https:\/\/www.europesays.com\/de\/wp-json\/wp\/v2\/media\/1229601"}],"wp:attachment":[{"href":"https:\/\/www.europesays.com\/de\/wp-json\/wp\/v2\/media?parent=1229600"}],"wp:term":[{"taxonomy":"category","embeddable":true,"href":"https:\/\/www.europesays.com\/de\/wp-json\/wp\/v2\/categories?post=1229600"},{"taxonomy":"post_tag","embeddable":true,"href":"https:\/\/www.europesays.com\/de\/wp-json\/wp\/v2\/tags?post=1229600"}],"curies":[{"name":"wp","href":"https:\/\/api.w.org\/{rel}","templated":true}]}}