{"id":1229911,"date":"2026-08-11T14:17:29","date_gmt":"2026-08-11T14:17:29","guid":{"rendered":"https:\/\/www.europesays.com\/de\/1229911\/"},"modified":"2026-08-11T14:17:29","modified_gmt":"2026-08-11T14:17:29","slug":"autoverkehr-ja-oder-nein-marode-ddr-bruecke-in-dresden-wird-getestet-2","status":"publish","type":"post","link":"https:\/\/www.europesays.com\/de\/1229911\/","title":{"rendered":"Autoverkehr ja oder nein: Marode DDR-Br\u00fccke in Dresden wird getestet"},"content":{"rendered":"<p class=\"topline\">Marode DDR-Br\u00fccken<\/p>\n<p class=\"author\">von MDR SACHSEN<\/p>\n<p>\n                Stand: 11.08.2026 08:57 Uhr<\/p>\n<p>        <img decoding=\"async\" src=\"https:\/\/www.europesays.com\/de\/wp-content\/uploads\/2026\/08\/google-handy-100.webp\" alt=\"Ein Handy liegt auf einer Laptoptastatur. Das Display zeigt das Google Logo\" title=\"Ein Handy liegt auf einer Laptoptastatur. Das Display zeigt das Google Logo |  IMAGO \/ SOPA Images\" class=\"responsive\" loading=\"lazy\"\/><\/p>\n<p>Nachrichten personalisieren<\/p>\n<p class=\"\">Die <a href=\"https:\/\/www.mdr.de\/nachrichten\/sachsen\/dresden\/dresden-radebeul\/bruecke-budapester-strasse-sperrung-spannstahl-baustelle-100.html\" title=\"Br\u00fccke Budapester Stra\u00dfe in Dresden teilweise gesperrt\" rel=\"nofollow noopener\" target=\"_blank\">teilweise gesperrte Br\u00fccke<\/a> im Zuge der Budapester Stra\u00dfe in Dresden wird seit dem sp\u00e4ten Montagabend einem Belastungstest unterzogen. Nach ersten Einsch\u00e4tzungen von Experten der TU Dresden verlief der Test bislang ohne Auff\u00e4lligkeiten. Er soll in der kommenden Nacht fortgesetzt werden.<\/p>\n<p>Hintergrund der aufwendigen Untersuchung in der N\u00e4he des Hauptbahnhofs seien anhaltende Sch\u00e4den an den Spanndr\u00e4hten des Bauwerks, hie\u00df es im Vorfeld aus der Stadtverwaltung. Dresdens Verkehrsb\u00fcrgermeister Stephan K\u00fchn (B\u00fcndnis 90\/Gr\u00fcne) f\u00fchrte als \u00e4hnlichen Fall die <a href=\"https:\/\/www.mdr.de\/nachrichten\/sachsen\/dresden\/freital-pirna\/bad-schandau-bruecke-lkw-tonnen-100.html\" title=\"Elbbr\u00fccke bei Bad Schandau wieder f\u00fcr Fahrzeuge bis 30 Tonnen offen\" rel=\"nofollow noopener\" target=\"_blank\">Elbbr\u00fccke in Bad Schandau<\/a> an. Auf dem vor\u00fcbergehend gesperrten Bauwerk d\u00fcrfen nach den Tests wieder Fahrzeuge rollen.<\/p>\n<p>\n            <strong>Video:<\/strong><br \/>\n            Alarm an Dresdner Br\u00fccke &#8211; Stadt muss dringend handeln (2 Min)\n        <\/p>\n<p>    Test kostet knapp eine Million Euro<\/p>\n<p class=\"\">Wie K\u00fchn sagte, braucht es belastbare Ergebnisse, um sicher zu gehen, ob Kraftfahrzeuge, kleiner Lieferverkehr und Busse der Dresdner Verkehrsbetriebe (DVB) auf der Br\u00fccke fahren k\u00f6nnen. Bei dem Test fahren vier Schwerlastfahrzeuge kontrolliert \u00fcber die Br\u00fccke, w\u00e4hrend Sensoren Verformungen und m\u00f6gliche neue Sch\u00e4den erfassen. Die Kosten liegen bei rund 900.000 Euro.<\/p>\n<p class=\"\">Den Angaben nach sind die Ammonstra\u00dfe und die Br\u00fccke Budapester Stra\u00dfe einschlie\u00dflich des derzeit noch befahrbaren Bereichs f\u00fcr alle Verkehrsteilnehmer w\u00e4hrend der Arbeiten am 10., 11. und 12. August jeweils zwischen 18 Uhr und 6 Uhr vollgesperrt. Die DVB-Busse w\u00fcrden umgeleitet.<\/p>\n<p>        <img decoding=\"async\" src=\"https:\/\/www.europesays.com\/de\/wp-content\/uploads\/2026\/06\/leichte-sprache-logo-mit-text-100.webp\" alt=\"Logo Leichte Sprache mit Text: Leichte Sprache\" title=\"Logo Leichte Sprache mit Text: Leichte Sprache | ARD.de\" class=\"responsive\" loading=\"lazy\"\/><\/p>\n<p>Mehr zum Thema Sch\u00e4den an Betonbr\u00fccken aus DDR-Zeiten<\/p>\n<p>        <img decoding=\"async\" src=\"https:\/\/www.europesays.com\/de\/wp-content\/uploads\/2026\/08\/bruecke-pruefung-budapester-strasse-102.webp\" alt=\"Br\u00fccke Budapester Stra\u00dfe\" title=\"Die schadhafte Betonbr\u00fccke Budapester Stra\u00dfe stammt aus DDR-Zeiten und wird vorsorglich seit 2025 mit Schallsensoren \u00fcberwacht. (Archivbild) | MITTELDEUTSCHER RUNDFUNK\" class=\"responsive\" loading=\"lazy\"\/><\/p>\n<p>        <img decoding=\"async\" src=\"https:\/\/www.europesays.com\/de\/wp-content\/uploads\/2026\/08\/bruecke-budapester-strasse-108.webp\" alt=\"Die Br\u00fccke Budapester Stra\u00dfe in Dresden.\" title=\"Die Br\u00fccke Budapester Stra\u00dfe in Dresden. | IMAGO \/ Max Gaertner\" class=\"responsive\" loading=\"lazy\"\/><\/p>\n<p>        <img decoding=\"async\" src=\"https:\/\/www.europesays.com\/de\/wp-content\/uploads\/2026\/08\/bruecke-bad-schandau-118.webp\" alt=\"Passanten und Autos queren anl\u00e4sslich der Verkehrsfreigabe die Elbbr\u00fccke in Bad Schandau.\" title=\"Passanten und Autos queren anl\u00e4sslich der Verkehrsfreigabe die Elbbr\u00fccke in Bad Schandau. | picture alliance\/dpa | Sebastian Kahnert\" class=\"responsive\" loading=\"lazy\"\/><\/p>\n<p>        <img decoding=\"async\" src=\"https:\/\/www.europesays.com\/de\/wp-content\/uploads\/2026\/08\/carolabruecke-verkehr-110.webp\" alt=\"Bauarbeiten an Elbufern\" title=\"Bauarbeiten an Elbufern | MDR\/Adam Beyer\" class=\"responsive\" loading=\"lazy\"\/><\/p>\n<p class=\"\">MDR (phb\/wim\/lam)<\/p>\n","protected":false},"excerpt":{"rendered":"Marode DDR-Br\u00fccken von MDR SACHSEN Stand: 11.08.2026 08:57 Uhr Nachrichten personalisieren Die teilweise gesperrte Br\u00fccke im Zuge der&hellip;\n","protected":false},"author":2,"featured_media":1215382,"comment_status":"","ping_status":"","sticky":false,"template":"","format":"standard","meta":{"footnotes":"","_share_on_mastodon":"0"},"categories":[1835],"tags":[8764,600,252840,3364,29,2386,30,14,859,4936,169713,2224,601],"class_list":["post-1229911","post","type-post","status-publish","format-standard","has-post-thumbnail","category-dresden","tag-belastungstest","tag-bruecke","tag-budapester","tag-de","tag-deutschland","tag-dresden","tag-germany","tag-nachrichten","tag-sachsen","tag-schaden","tag-spannbeton","tag-sperrung","tag-verkehr"],"share_on_mastodon":{"url":"https:\/\/pubeurope.com\/@de\/117077311133347075","error":""},"_links":{"self":[{"href":"https:\/\/www.europesays.com\/de\/wp-json\/wp\/v2\/posts\/1229911","targetHints":{"allow":["GET"]}}],"collection":[{"href":"https:\/\/www.europesays.com\/de\/wp-json\/wp\/v2\/posts"}],"about":[{"href":"https:\/\/www.europesays.com\/de\/wp-json\/wp\/v2\/types\/post"}],"author":[{"embeddable":true,"href":"https:\/\/www.europesays.com\/de\/wp-json\/wp\/v2\/users\/2"}],"replies":[{"embeddable":true,"href":"https:\/\/www.europesays.com\/de\/wp-json\/wp\/v2\/comments?post=1229911"}],"version-history":[{"count":0,"href":"https:\/\/www.europesays.com\/de\/wp-json\/wp\/v2\/posts\/1229911\/revisions"}],"wp:featuredmedia":[{"embeddable":true,"href":"https:\/\/www.europesays.com\/de\/wp-json\/wp\/v2\/media\/1215382"}],"wp:attachment":[{"href":"https:\/\/www.europesays.com\/de\/wp-json\/wp\/v2\/media?parent=1229911"}],"wp:term":[{"taxonomy":"category","embeddable":true,"href":"https:\/\/www.europesays.com\/de\/wp-json\/wp\/v2\/categories?post=1229911"},{"taxonomy":"post_tag","embeddable":true,"href":"https:\/\/www.europesays.com\/de\/wp-json\/wp\/v2\/tags?post=1229911"}],"curies":[{"name":"wp","href":"https:\/\/api.w.org\/{rel}","templated":true}]}}