{"id":1229975,"date":"2026-08-11T14:58:29","date_gmt":"2026-08-11T14:58:29","guid":{"rendered":"https:\/\/www.europesays.com\/de\/1229975\/"},"modified":"2026-08-11T14:58:29","modified_gmt":"2026-08-11T14:58:29","slug":"bvb-durchbruch-in-sicht-el-mala-poker-vor-der-entscheidung","status":"publish","type":"post","link":"https:\/\/www.europesays.com\/de\/1229975\/","title":{"rendered":"BVB-Durchbruch in Sicht? El-Mala-Poker vor der Entscheidung"},"content":{"rendered":"<p>Im Transferpoker um <a href=\"https:\/\/www.fussballdaten.de\/person\/said-el-mala\/\" title=\"Profil von Said El Mala\" rel=\"nofollow noopener\" target=\"_blank\">Said El Mala<\/a> k\u00f6nnte schon in den kommenden Tagen Klarheit herrschen. <a href=\"https:\/\/www.fussballdaten.de\/vereine\/borussia-dortmund\/\" title=\"Profil von Borussia Dortmund\" rel=\"nofollow noopener\" target=\"_blank\">Borussia Dortmund<\/a> arbeitet weiterhin an einer Verpflichtung des 19 Jahre alten Offensivspielers vom <a href=\"https:\/\/www.fussballdaten.de\/vereine\/1-fc-koeln\/\" title=\"Profil von 1. FC K\u00f6ln\" rel=\"nofollow noopener\" target=\"_blank\">1. FC K\u00f6ln<\/a> und soll sein Angebot inzwischen deutlich nachgebessert haben.<\/p>\n<p>El-Mala-Poker auf der Zielgeraden<\/p>\n<p class=\"mb20 mt30\">Nach Informationen des \u201eExpress\u201c m\u00f6chte der BVB den Transfer m\u00f6glichst bis zum Wochenende abschlie\u00dfen. Eine Einigung mit El Mala selbst soll bereits bestehen, nun m\u00fcssen die Dortmunder noch mit dem FC auf einen gemeinsamen Nenner kommen. In K\u00f6ln liege bislang allerdings \u201enichts Schriftliches auf dem Tisch\u201c.<\/p>\n<p class=\"mb20 mt30\">Finanziell haben sich die Klubs offenbar deutlich angen\u00e4hert. Dem Bericht zufolge stehen 48 Millionen Euro als feste Abl\u00f6sesumme im Raum. Hinzu kommen k\u00f6nnten zwei Millionen Euro an vergleichsweise leicht erreichbaren Bonuszahlungen sowie weitere erfolgsabh\u00e4ngige Zahlungen. Insgesamt k\u00f6nnte das Paket damit auf bis zu 55 Millionen Euro anwachsen.<\/p>\n<p class=\"mb20 mt30\">Noch Kl\u00e4rungsbedarf soll es bei einer m\u00f6glichen Weiterverkaufsbeteiligung geben. K\u00f6ln m\u00f6chte demnach zehn Prozent einer sp\u00e4teren Abl\u00f6se erhalten. Dortmund soll dagegen lediglich bereit sein, zehn Prozent eines m\u00f6glichen Transfergewinns an den FC weiterzugeben.<\/p>\n<p>El Mala: Matth\u00e4us mit klarem Ratschlag an den BVB<\/p>\n<p class=\"mb20 mt30\">Auch \u201eSky\u201c hatte zuletzt berichtet, dass die Verhandlungen in dieser Woche an Dynamik gewinnen d\u00fcrften. Der BVB werde dem 1. FC K\u00f6ln ein Angebot im Gesamtpaket von 50 Millionen Euro mit realistischen Boni hinlegen, hie\u00df es dort.<\/p>\n<p class=\"mb20 mt30\">Lothar Matth\u00e4us w\u00fcrde den Dortmundern derweil <a href=\"https:\/\/www.fussballdaten.de\/news\/50-millionen-poker-el-mala-matthaeus-macht-klare-ansage-bvb\/\" target=\"_blank\" rel=\"nofollow noopener\">zu einem schnellen Abschluss raten<\/a>. \u201eAn Dortmunds Stelle w\u00fcrde ich die Verpflichtung jetzt konsequent vorantreiben und die finanziellen Forderungen der K\u00f6lner erf\u00fcllen\u201c, erkl\u00e4rte der Rekord-Nationalspieler. El Mala sei eine \u201ehoch eingestufte Aktie, bei der man aber ziemlich sicher wei\u00df, dass sie in Zukunft weiter steigen wird\u201c.<\/p>\n<p><img loading=\"lazy\" decoding=\"async\" src=\"https:\/\/www.europesays.com\/de\/wp-content\/uploads\/2026\/08\/3075696daf0840e38d097f72b5eac7a7.gif\" width=\"1\" height=\"1\" alt=\"\" class=\"mb20 mt30\"\/><\/p>\n","protected":false},"excerpt":{"rendered":"Im Transferpoker um Said El Mala k\u00f6nnte schon in den kommenden Tagen Klarheit herrschen. Borussia Dortmund arbeitet weiterhin&hellip;\n","protected":false},"author":2,"featured_media":1229976,"comment_status":"","ping_status":"","sticky":false,"template":"","format":"standard","meta":{"footnotes":"","_share_on_mastodon":"0"},"categories":[136],"tags":[623,888,299,29,30,7603,96014,265],"class_list":["post-1229975","post","type-post","status-publish","format-standard","has-post-thumbnail","category-sport","tag-1-fc-koeln","tag-borussia-dortmund","tag-bundesliga","tag-deutschland","tag-germany","tag-lothar-matthaeus","tag-said-el-mala","tag-sport"],"share_on_mastodon":{"url":"https:\/\/pubeurope.com\/@de\/117077471472583720","error":""},"_links":{"self":[{"href":"https:\/\/www.europesays.com\/de\/wp-json\/wp\/v2\/posts\/1229975","targetHints":{"allow":["GET"]}}],"collection":[{"href":"https:\/\/www.europesays.com\/de\/wp-json\/wp\/v2\/posts"}],"about":[{"href":"https:\/\/www.europesays.com\/de\/wp-json\/wp\/v2\/types\/post"}],"author":[{"embeddable":true,"href":"https:\/\/www.europesays.com\/de\/wp-json\/wp\/v2\/users\/2"}],"replies":[{"embeddable":true,"href":"https:\/\/www.europesays.com\/de\/wp-json\/wp\/v2\/comments?post=1229975"}],"version-history":[{"count":0,"href":"https:\/\/www.europesays.com\/de\/wp-json\/wp\/v2\/posts\/1229975\/revisions"}],"wp:featuredmedia":[{"embeddable":true,"href":"https:\/\/www.europesays.com\/de\/wp-json\/wp\/v2\/media\/1229976"}],"wp:attachment":[{"href":"https:\/\/www.europesays.com\/de\/wp-json\/wp\/v2\/media?parent=1229975"}],"wp:term":[{"taxonomy":"category","embeddable":true,"href":"https:\/\/www.europesays.com\/de\/wp-json\/wp\/v2\/categories?post=1229975"},{"taxonomy":"post_tag","embeddable":true,"href":"https:\/\/www.europesays.com\/de\/wp-json\/wp\/v2\/tags?post=1229975"}],"curies":[{"name":"wp","href":"https:\/\/api.w.org\/{rel}","templated":true}]}}