{"id":1230074,"date":"2026-08-11T15:54:18","date_gmt":"2026-08-11T15:54:18","guid":{"rendered":"https:\/\/www.europesays.com\/de\/1230074\/"},"modified":"2026-08-11T15:54:18","modified_gmt":"2026-08-11T15:54:18","slug":"boeschungsbrand-bei-bielefeld-a2-nach-dortmund-ist-gesperrt","status":"publish","type":"post","link":"https:\/\/www.europesays.com\/de\/1230074\/","title":{"rendered":"B\u00f6schungsbrand bei Bielefeld \u2013 A2 nach Dortmund ist gesperrt"},"content":{"rendered":"<p>B\u00f6schungsbrand <\/p>\n<p>A2 nach Dortmund ist gesperrt<\/p>\n<p>11.08.2026 &#8211; 16:57 UhrLesedauer: 1 Min.<\/p>\n<p><a href=\"#focus-0\" class=\"transition-colors block text-current relative\" data-sctrack=\"FocusGalleryImage.Reference\"><img fetchpriority=\"high\" data-testid=\"Opener.Image\"   loading=\"eager\" src=\"https:\/\/www.europesays.com\/de\/wp-content\/uploads\/2026\/08\/dichter-rauch-schraenkt-die-sicht-auf-der-a2-bei-bielefeld-ein-eine-boeschung-ist-in-brand-geraten-s.jpeg\" alt=\"Polizei Symbolbild\" title=\"Polizei Symbolbild\" width=\"2048\" height=\"1152\" class=\"bg-[url:var(--lqipURL)] bg-cover bg-center flex h-full w-full max-w-full\" style=\"--lqipURL:url('https:\/\/images.t-online.de\/2026\/08\/FlFAxMOSmNBY\/0x111:2048x1152\/fit-in\/150x0\/filters:blur(25)\/dichter-rauch-schraenkt-die-sicht-auf-der-a2-bei-bielefeld-ein-eine-boeschung-ist-in-brand-geraten-symbolbild.jpg')\" decoding=\"async\"\/><img loading=\"lazy\" src=\"https:\/\/dortmund.t-online.de\/s\/paper\/_next\/static\/media\/zoom-in.f7dae02f.svg\" alt=\"Vergr\u00f6\u00dfern des Bildes\" title=\"Vergr\u00f6\u00dfern des Bildes\" class=\"block h-[calc(var(--height)_\/_16_*_1rem)] w-[calc(var(--width)_\/_16_*_1rem)] max-w-none absolute right-8 bottom-8 rounded-4 bg-snow p-8\" style=\"--width:32;--height:32\" decoding=\"async\"\/><\/a><\/p>\n<p>Dichter Rauch schr\u00e4nkt die Sicht auf der A2 bei Bielefeld ein. Eine B\u00f6schung ist in Brand geraten. (Symbolbild) (Quelle: Lino Mirgeler\/dpa\/dpa-bilder)<\/p>\n<p class=\"font-bold text-18 leading-17 user-text-lg:text-22 user-text-xl:text-24\">Dichter Rauch sorgt auf der A2 bei Bielefeld f\u00fcr gef\u00e4hrliche Sichtverh\u00e4ltnisse. Unklar ist, wie lange die Sperrung dauert.<\/p>\n<p class=\"text-18 leading-17 user-text-lg:text-22 user-text-xl:text-24\">Auf der A2 brennt bei Bielefeld eine B\u00f6schung. Wie die Polizei mitteilte, ist die Sicht wegen starker Rauchentwicklung erheblich eingeschr\u00e4nkt. Die Polizei hat die Strecke derzeit in Fahrtrichtung Dortmund gesperrt. Noch k\u00f6nne man nicht absehen, wie lange die Sperrung bestehen bleibt.<\/p>\n","protected":false},"excerpt":{"rendered":"B\u00f6schungsbrand A2 nach Dortmund ist gesperrt 11.08.2026 &#8211; 16:57 UhrLesedauer: 1 Min. Dichter Rauch schr\u00e4nkt die Sicht auf&hellip;\n","protected":false},"author":2,"featured_media":1230075,"comment_status":"","ping_status":"","sticky":false,"template":"","format":"standard","meta":{"footnotes":"","_share_on_mastodon":"0"},"categories":[1833],"tags":[17161,1605,41824,41825,3364,29,217,30,1209,121,96635],"class_list":["post-1230074","post","type-post","status-publish","format-standard","has-post-thumbnail","category-dortmund","tag-17161","tag-bielefeld","tag-boeschung","tag-boeschungsbrand","tag-de","tag-deutschland","tag-dortmund","tag-germany","tag-nordrhein-westfalen","tag-polizei","tag-sichtverhaeltnis"],"share_on_mastodon":{"url":"","error":""},"_links":{"self":[{"href":"https:\/\/www.europesays.com\/de\/wp-json\/wp\/v2\/posts\/1230074","targetHints":{"allow":["GET"]}}],"collection":[{"href":"https:\/\/www.europesays.com\/de\/wp-json\/wp\/v2\/posts"}],"about":[{"href":"https:\/\/www.europesays.com\/de\/wp-json\/wp\/v2\/types\/post"}],"author":[{"embeddable":true,"href":"https:\/\/www.europesays.com\/de\/wp-json\/wp\/v2\/users\/2"}],"replies":[{"embeddable":true,"href":"https:\/\/www.europesays.com\/de\/wp-json\/wp\/v2\/comments?post=1230074"}],"version-history":[{"count":0,"href":"https:\/\/www.europesays.com\/de\/wp-json\/wp\/v2\/posts\/1230074\/revisions"}],"wp:featuredmedia":[{"embeddable":true,"href":"https:\/\/www.europesays.com\/de\/wp-json\/wp\/v2\/media\/1230075"}],"wp:attachment":[{"href":"https:\/\/www.europesays.com\/de\/wp-json\/wp\/v2\/media?parent=1230074"}],"wp:term":[{"taxonomy":"category","embeddable":true,"href":"https:\/\/www.europesays.com\/de\/wp-json\/wp\/v2\/categories?post=1230074"},{"taxonomy":"post_tag","embeddable":true,"href":"https:\/\/www.europesays.com\/de\/wp-json\/wp\/v2\/tags?post=1230074"}],"curies":[{"name":"wp","href":"https:\/\/api.w.org\/{rel}","templated":true}]}}