{"id":1230202,"date":"2026-08-11T17:13:43","date_gmt":"2026-08-11T17:13:43","guid":{"rendered":"https:\/\/www.europesays.com\/de\/1230202\/"},"modified":"2026-08-11T17:13:43","modified_gmt":"2026-08-11T17:13:43","slug":"demokratie-engagement-fairkauf-ausgezeichnet","status":"publish","type":"post","link":"https:\/\/www.europesays.com\/de\/1230202\/","title":{"rendered":"Demokratie-Engagement: Fairkauf ausgezeichnet"},"content":{"rendered":"<p>Hannover. Die fairKauf eG wurde mit dem \u201eZukunft braucht Vielfalt Award\u201c in der Kategorie Demokratie ausgezeichnet. Damit zeichnet die Wirtschafts- und Besch\u00e4ftigungsf\u00f6rderung der Region Hannover Unternehmen aus, die sich f\u00fcr Vielfalt, demokratische Werte und eine offene Unternehmenskultur einsetzen. Die Vielfalt zeigte sich auch unter den Preistr\u00e4gern: Neben der fairKauf eG wurden die L\u00f6wenapotheke (Kategorie Vorbild) und Fair Facility (Kategorie Perspektivenvielfalt) ausgezeichnet \u2013 drei Unternehmen aus unterschiedlichen Bereichen, die sich auf ihre Weise f\u00fcr Vielfalt und gesellschaftliche Teilhabe einsetzen.<\/p>\n<p>Die F\u00f6rderung von Vielfalt und demokratischer Teilhabe ist ein zentraler Bestandteil der Unternehmenskultur der fairKauf eG. F\u00fcr die Genossenschaft gilt das Prinzip \u201eein Mitglied \u2013 eine Stimme\u201c. Alle Mitglieder k\u00f6nnen unabh\u00e4ngig von der H\u00f6he ihrer Kapitalbeteiligung gleichberechtigt an Entscheidungen mitwirken und die Entwicklung des Unternehmens aktiv mitgestalten.<\/p>\n<p>In der hannoverschen Innenstadt verkauft Fairkauf gespendete Waren und verbindet das mit dem Ziel, Teilhabe niedrigschwellig zu erm\u00f6glichen, Entwicklungsperspektiven zu schaffen und Menschen aus unterschiedlichen Lebenslagen und mit unterschiedlichen Bildungswegen und kulturellen Hintergr\u00fcnden zusammenzubringen.\u00a0<\/p>\n<p>Die fairKauf eG verfolgt einen ganzheitlichen Ansatz zur F\u00f6rderung von Vielfalt. Alter, Herkunft, Geschlecht, sexuelle Orientierung, Religion, Weltanschauung, soziale Herkunft sowie k\u00f6rperliche und geistige F\u00e4higkeiten werden als Bereicherung verstanden. (pm)<\/p>\n<p>\u00a0<\/p>\n","protected":false},"excerpt":{"rendered":"Hannover. Die fairKauf eG wurde mit dem \u201eZukunft braucht Vielfalt Award\u201c in der Kategorie Demokratie ausgezeichnet. Damit zeichnet&hellip;\n","protected":false},"author":2,"featured_media":1230203,"comment_status":"","ping_status":"","sticky":false,"template":"","format":"standard","meta":{"footnotes":"","_share_on_mastodon":"0"},"categories":[1836],"tags":[3681,3364,146,29,92085,30,46,1552,1411],"class_list":["post-1230202","post","type-post","status-publish","format-standard","has-post-thumbnail","category-hannover","tag-auszeichnung","tag-de","tag-demokratie","tag-deutschland","tag-fairkauf","tag-germany","tag-hannover","tag-newsticker","tag-niedersachsen"],"share_on_mastodon":{"url":"https:\/\/pubeurope.com\/@de\/117078000016740062","error":""},"_links":{"self":[{"href":"https:\/\/www.europesays.com\/de\/wp-json\/wp\/v2\/posts\/1230202","targetHints":{"allow":["GET"]}}],"collection":[{"href":"https:\/\/www.europesays.com\/de\/wp-json\/wp\/v2\/posts"}],"about":[{"href":"https:\/\/www.europesays.com\/de\/wp-json\/wp\/v2\/types\/post"}],"author":[{"embeddable":true,"href":"https:\/\/www.europesays.com\/de\/wp-json\/wp\/v2\/users\/2"}],"replies":[{"embeddable":true,"href":"https:\/\/www.europesays.com\/de\/wp-json\/wp\/v2\/comments?post=1230202"}],"version-history":[{"count":0,"href":"https:\/\/www.europesays.com\/de\/wp-json\/wp\/v2\/posts\/1230202\/revisions"}],"wp:featuredmedia":[{"embeddable":true,"href":"https:\/\/www.europesays.com\/de\/wp-json\/wp\/v2\/media\/1230203"}],"wp:attachment":[{"href":"https:\/\/www.europesays.com\/de\/wp-json\/wp\/v2\/media?parent=1230202"}],"wp:term":[{"taxonomy":"category","embeddable":true,"href":"https:\/\/www.europesays.com\/de\/wp-json\/wp\/v2\/categories?post=1230202"},{"taxonomy":"post_tag","embeddable":true,"href":"https:\/\/www.europesays.com\/de\/wp-json\/wp\/v2\/tags?post=1230202"}],"curies":[{"name":"wp","href":"https:\/\/api.w.org\/{rel}","templated":true}]}}