{"id":1230291,"date":"2026-08-11T18:05:27","date_gmt":"2026-08-11T18:05:27","guid":{"rendered":"https:\/\/www.europesays.com\/de\/1230291\/"},"modified":"2026-08-11T18:05:27","modified_gmt":"2026-08-11T18:05:27","slug":"bettensteuer-in-kiel-kommt-hotelverband-kritisiert-zettelwirtschaft","status":"publish","type":"post","link":"https:\/\/www.europesays.com\/de\/1230291\/","title":{"rendered":"Bettensteuer in Kiel kommt: Hotelverband kritisiert Zettelwirtschaft"},"content":{"rendered":"<p>        <img decoding=\"async\" src=\"https:\/\/www.europesays.com\/de\/wp-content\/uploads\/2026\/08\/hotel842.webp\" alt=\"Eine m\u00e4nnliche Hand bet\u00e4tigt eine Klingel an einer Hotelrezeption.\" title=\"Ab Oktober wird unter anderem in Hotels in Kiel eine \u00dcbernachtungssteuer f\u00e4llig. Die Betreiber m\u00fcssen sie in einem h\u00e4ndisch ausgef\u00fcllten Formular an die Stadt \u00fcbermitteln. | Colourbox, -\" class=\"responsive\"\/><\/p>\n<p>AUDIO: Nachrichten aus dem Studio Kiel 16:30 Uhr &#8211; 11.08.2026 (2 Min)<\/p>\n<p>\n                Stand: 11.08.2026 18:55 Uhr<\/p>\n<p class=\"preface\">Die Stadt Kiel f\u00fchrt die Bettensteuer ein. Am 1. Oktober soll es damit losgehen &#8211; unter anderem sind Hotels, Ferienwohnungen und Campingpl\u00e4tze betroffen. Zum \u00dcbergang sollen Betreiber Papier zum Erfassen der Steuer verwenden.<\/p>\n<p class=\"\">Ab dem 1. Oktober startet die Bettensteuer in <a href=\"https:\/\/www.ndr.de\/nachrichten\/schleswig-holstein\/Kiel-Aktuelle-Nachrichten-News-und-Videos,kiel7262.html\" title=\"Kiel - Aktuelle Nachrichten und Videos\" rel=\"nofollow noopener\" target=\"_blank\">Kiel<\/a>. Hotels, Ferienwohnungen und Campingpl\u00e4tze m\u00fcssen dann f\u00fcnf Prozent vom Netto-\u00dcbernachtungspreis an die Stadt zahlen. Der Deutsche Hotel- und Gastst\u00e4ttenverband Schleswig-Holstein (Dehoga) findet die Abgabe nach wie vor unfair, da sie nur eine Branche treffe. Dazu komme ein Mehraufwand: Die Betreiber sollen die Bettensteuer bis auf Weiteres h\u00e4ndisch per Formular erfassen.<\/p>\n<p>        <img decoding=\"async\" src=\"https:\/\/www.europesays.com\/de\/wp-content\/uploads\/2026\/08\/hotel906.webp\" alt=\"Ein Mitarbeiter eines Hotels legt eine S\u00fc\u00dfigkeit auf ein Hotelbett.\" title=\"Ein Mitarbeiter eines Hotels legt eine S\u00fc\u00dfigkeit auf ein Hotelbett. | dpa picture alliance\/APA, Barbara Gindl\" class=\"responsive\" loading=\"lazy\"\/><\/p>\n<p>Satzung f\u00fcr \u00dcbernachtungssteuer steht: Touristen in Kiel m\u00fcssen in Zukunft tiefer in die Tasche greifen: <\/p>\n<p class=\"\">&#8222;Hier gehen wir wieder einen Schritt zur\u00fcck mit einem riesigen B\u00fcrokratiemonster&#8220;, \u00e4u\u00dferte sich der schleswig-holsteinische Dehoga-Pr\u00e4sident Lutz Frank. Bei den Formularen handelt es sich um Vordrucke, die einzeln ausgef\u00fcllt und unterschrieben an die Stadt zur\u00fcckgesendet werden m\u00fcssen.<\/p>\n<p>    Stadt Kiel: Digitale L\u00f6sung soll Ende 2026 kommen<\/p>\n<p class=\"\">Die Stadt Kiel spricht von einer \u00dcbergangsl\u00f6sung. Bis zum Ende des Jahres soll ein digitales System kommen, sagte eine Sprecherin. Durch die Bettensteuer rechnet die Verwaltung mit Einnahmen von rund zwei Millionen Euro j\u00e4hrlich. Um die \u00dcbernachtungssteuer zu verwalten, wird mit zwei neuen Stellen geplant, die rund 250.000 Euro kosten sollen.<\/p>\n<p class=\"\">Bereits im Mai hatte die Ratsversammlung der Stadt Kiel <a href=\"https:\/\/www.ndr.de\/nachrichten\/schleswig-holstein\/kiel_neumuenster_ploen_rendsburg-eckernfoerde\/uebernachten-wird-teurer-kiel-verabschiedet-bettensteuer,regionkielnews-2172.html\" title=\"\u00dcbernachten wird teurer: Kiel verabschiedet Bettensteuer\" rel=\"nofollow noopener\" target=\"_blank\">die \u00dcbernachtungssteuer verabschiedet<\/a>.<\/p>\n<p>        <img decoding=\"async\" src=\"https:\/\/www.europesays.com\/de\/wp-content\/uploads\/2026\/08\/hotelbett-102.webp\" alt=\"Ein Hotelbett\" title=\"Ein Hotelbett | NDR\" class=\"responsive\" loading=\"lazy\"\/><\/p>\n<p>Mehrere Parteien planen, eine Bettensteuer f\u00fcr Kieler Hotels ab Oktober 2026 einzuf\u00fchren. Kritik kommt aus der Wirtschaft.<\/p>\n<p>        <img decoding=\"async\" src=\"https:\/\/www.europesays.com\/de\/wp-content\/uploads\/2026\/08\/hotel866.webp\" alt=\"Eine Hotelangestellte \u00fcberreicht einem Gast seine Zimmerkarte.\" title=\"Eine Hotelangestellte \u00fcberreicht einem Gast seine Zimmerkarte. | Colourbox\" class=\"responsive\" loading=\"lazy\"\/><\/p>\n<p>Kritik an der Steuer gibt es von der IHK und anderen Verb\u00e4nden. Die Einnahmen der \u00dcbernachtungsg\u00e4ste flie\u00dfen in den Haushalt der Stadt.<\/p>\n","protected":false},"excerpt":{"rendered":"AUDIO: Nachrichten aus dem Studio Kiel 16:30 Uhr &#8211; 11.08.2026 (2 Min) Stand: 11.08.2026 18:55 Uhr Die Stadt&hellip;\n","protected":false},"author":2,"featured_media":1230292,"comment_status":"","ping_status":"","sticky":false,"template":"","format":"standard","meta":{"footnotes":"","_share_on_mastodon":"0"},"categories":[1852],"tags":[41727,3364,29,548,663,3934,20907,30,13,6306,4949,14,15,12,1971,2149,1163,255399,29064],"class_list":["post-1230291","post","type-post","status-publish","format-standard","has-post-thumbnail","category-kiel","tag-bettensteuer","tag-de","tag-deutschland","tag-eu","tag-europa","tag-europe","tag-ferienwohnung","tag-germany","tag-headlines","tag-hotel","tag-kiel","tag-nachrichten","tag-news","tag-schlagzeilen","tag-schleswig-holstein","tag-steuern","tag-tourismus","tag-tourismusabgabe","tag-uebernachtungen"],"share_on_mastodon":{"url":"https:\/\/pubeurope.com\/@de\/117078207736087106","error":""},"_links":{"self":[{"href":"https:\/\/www.europesays.com\/de\/wp-json\/wp\/v2\/posts\/1230291","targetHints":{"allow":["GET"]}}],"collection":[{"href":"https:\/\/www.europesays.com\/de\/wp-json\/wp\/v2\/posts"}],"about":[{"href":"https:\/\/www.europesays.com\/de\/wp-json\/wp\/v2\/types\/post"}],"author":[{"embeddable":true,"href":"https:\/\/www.europesays.com\/de\/wp-json\/wp\/v2\/users\/2"}],"replies":[{"embeddable":true,"href":"https:\/\/www.europesays.com\/de\/wp-json\/wp\/v2\/comments?post=1230291"}],"version-history":[{"count":0,"href":"https:\/\/www.europesays.com\/de\/wp-json\/wp\/v2\/posts\/1230291\/revisions"}],"wp:featuredmedia":[{"embeddable":true,"href":"https:\/\/www.europesays.com\/de\/wp-json\/wp\/v2\/media\/1230292"}],"wp:attachment":[{"href":"https:\/\/www.europesays.com\/de\/wp-json\/wp\/v2\/media?parent=1230291"}],"wp:term":[{"taxonomy":"category","embeddable":true,"href":"https:\/\/www.europesays.com\/de\/wp-json\/wp\/v2\/categories?post=1230291"},{"taxonomy":"post_tag","embeddable":true,"href":"https:\/\/www.europesays.com\/de\/wp-json\/wp\/v2\/tags?post=1230291"}],"curies":[{"name":"wp","href":"https:\/\/api.w.org\/{rel}","templated":true}]}}