{"id":1230368,"date":"2026-08-11T19:35:15","date_gmt":"2026-08-11T19:35:15","guid":{"rendered":"https:\/\/www.europesays.com\/de\/1230368\/"},"modified":"2026-08-11T19:35:15","modified_gmt":"2026-08-11T19:35:15","slug":"renommierter-koelner-kinderarzt-warnt-eltern-bei-impfungen-nicht-auf-das-hoeren-was","status":"publish","type":"post","link":"https:\/\/www.europesays.com\/de\/1230368\/","title":{"rendered":"Renommierter K\u00f6lner Kinderarzt warnt Eltern bei Impfungen: Nicht auf das h\u00f6ren, was &#8230;"},"content":{"rendered":"<p class=\"date\">11.08.2026 \u2013 19:30<\/p>\n<p class=\"customer\">\n                        <a class=\"story-customer\" title=\"weiter zum newsroom von K\u00f6lner Stadt-Anzeiger\" href=\"https:\/\/www.presseportal.de\/nr\/66749\" rel=\"nofollow noopener\" target=\"_blank\">K\u00f6lner Stadt-Anzeiger<\/a>\n                    <\/p>\n<p><a data-category=\"citylink-story-view\" data-action=\"click\" data-label=\"Citylink in Meldungsansicht\" class=\"story-city event-trigger\" href=\"https:\/\/www.presseportal.de\/regional\/K%F6ln\" title=\"News aus K\u00f6ln \" rel=\"nofollow noopener\" target=\"_blank\">K\u00f6ln<\/a> (ots)<\/p>\n<p>Der Direktor der Kinderklinik an der Uniklinik K\u00f6ln, J\u00f6rg D\u00f6tsch, hat mit Best\u00fcrzung auf die Aussagen von US-Pr\u00e4sident Donald Trump zu Kinderimpfungen reagiert. &#8222;Diese Aussage ist schlicht und ergreifend \u00fcberholt&#8220;, sagte D\u00f6tsch dem &#8222;K\u00f6lner Stadt-Anzeiger&#8220; (Mittwoch-Ausgabe) mit Blick auf Trumps wiederholte Andeutung, Impfungen k\u00f6nnten mit Autismus zusammenh\u00e4ngen. Trump hat am Montag im Beisein seines umstrittenen Gesundheitsministers Robert F. Kennedy Jr. per Dekret eine \u00c4nderung der Impfpolitik f\u00fcr Kinder in den USA verf\u00fcgt. Seine Regierung will k\u00fcnftig nur noch Impfungen gegen elf Krankheiten als zentrale Empfehlungen f\u00fcr alle Kinder anerkennen.<\/p>\n<p>Problematisch findet D\u00f6tsch auch Trumps Forderung, den kombinierten Impfstoff gegen Masern, Mumps und R\u00f6teln aufzuteilen. Zusammen k\u00f6nnten die Impfstoffe m\u00f6glicherweise &#8222;ziemlich t\u00f6dlich&#8220; sein, sagte Trump, ohne Belege daf\u00fcr anzuf\u00fchren. D\u00f6tsch sagte dazu, auch diese Aussage Trumps beruhe auf den Annahmen der l\u00e4ngst widerlegten Studie. Bekannt sei dagegen die Gefahr von Masern. &#8222;Wir wissen genau, dass Masern f\u00fcr eine ganze Reihe von Todesf\u00e4llen bei Kindern verantwortlich sind, die durch eine Impfung verhindert werden k\u00f6nnen&#8220;, sagte er.<\/p>\n<p>Die Zahl der Maserninfektionen hat in den USA den h\u00f6chsten Stand seit Jahrzehnten erreicht. Dabei galt die Krankheit dort im Jahr 2000 als besiegt. &#8222;Die steigende Zahl von Masern-Toten in den USA sollte wirklich jede Partei in Deutschland ein warnendes Beispiel sein&#8220;, sagt D\u00f6tsch mit Blick auf die in den Umfragen immer beliebter werdenden AfD, deren Parteimitglieder in der Corona-Pandemie durch Impfskepsis aufgefallen waren.<\/p>\n<p>Insgesamt gelte, dass das deutsche Gesundheitssystem mit dem amerikanischen nicht gut zu vergleichen sei, so J\u00f6rg D\u00f6tsch. &#8222;Deswegen w\u00fcrde ich den Eltern hier immer raten, sich nach dem zu richten, was die St\u00e4ndige Impfkommission sagt &#8211; und nicht nach dem, was Donald Trump sagt.&#8220;<\/p>\n<p>Das gesamte Interview im Wortlaut:<\/p>\n<p>Herr D\u00f6tsch, US-Pr\u00e4sident Donald Trump hat am Montag ein Dekret mit neuen Impfempfehlungen f\u00fcr Kinder unterzeichnet. W\u00e4hrend der Pressekonferenz hat er mehrfach einen Zusammenhang zwischen Impfungen und Autismus suggeriert. Wie bewerten Sie das?<\/p>\n<p>Die Sorge, dass insbesondere die Masern-Mumps-R\u00f6teln-Impfung Autismus verursacht, kam urspr\u00fcnglich durch eine medizinische Publikation im Jahr 1998, die sp\u00e4ter aber durch die Zeitschrift zur\u00fcckgezogen wurde, weil sie zu viele Fehler enthielt. Man hat dann gro\u00dfe Studien nicht nur mit zw\u00f6lf, sondern Tausenden von Kindern gemacht, wo man \u00fcberhaupt keinen Zusammenhang gefunden hat zwischen Autismus und Impfungen. Diese Aussage ist schlicht und ergreifend \u00fcberholt. Dagegen wissen wir genau, dass Masern f\u00fcr eine ganze Reihe von Todesf\u00e4llen bei Kindern verantwortlich sind, die durch eine Impfung verhindert werden k\u00f6nnen. Leider gibt es in den USA wieder steigende Todesf\u00e4lle durch Masern.<\/p>\n<p>Trump hat zudem gefordert, den kombinierten MMR-Impfstoff gegen Masern, Mumps und R\u00f6teln, den es auch in Deutschland gibt, k\u00fcnftig in Einzelimpfungen zu verabreichen, da die Impfstoffe zusammen &#8222;ziemlich t\u00f6dlich&#8220; sein k\u00f6nnten. Was ist dran an der Behauptung?<\/p>\n<p>Auch diese Aussage von Trump beruht auf den Annahmen der l\u00e4ngst widerlegten gleichen Studie.<\/p>\n<p>In den USA ist die Zahl der Impfskeptiker gestiegen, der amtierende Gesundheitsminister Robert F. Kennedy befeuert ihre Sichtweisen. Haben Sie Sorge, dass derart prominente politische \u00c4u\u00dferungen in den USA auch hierzulande die Impfskepsis befeuern?<\/p>\n<p>Insgesamt geht man bei uns in Deutschland davon aus, dass etwa 70 bis 75 Prozent aller Menschen Impfungen bejahen, 20 Prozent etwas zur\u00fcckhaltend, aber nicht per se Gegner von Impfungen sind. Bei etwa f\u00fcnf Prozent geht man davon aus, dass sie echte Skeptiker sind. Diese Zahlen sind \u00fcber die letzten Jahrzehnte relativ konstant geblieben. Darum halte ich die Sorge f\u00fcr unbegr\u00fcndet. Im \u00dcbrigen ist weder das Gesundheitssystem noch das Impfsystem der USA gut mit unserem zu vergleichen. Deswegen w\u00fcrde ich den Eltern hier immer raten, sich nach dem zu richten, was die St\u00e4ndige Impfkommission sagt &#8211; und nicht nach dem, was Donald Trump sagt.<\/p>\n<p>Ist das neue Impfdekret f\u00fcr Kinder eine weitere traurige Volte der Gesundheitspolitik in Amerika, die zunehmend nicht mehr auf wissenschaftlichen Fakten basiert?<\/p>\n<p>Ich bin kein Politiker, kann aber nur empfehlen, die Entscheidungen, die man f\u00fcr seine Kinder trifft, bitte nicht davon zu abh\u00e4ngig machen, was in den USA zum Ausdruck gebracht wird. Wichtiger ist es, dass man versteht, warum es f\u00fcr unser Land eine spezifische Empfehlung gibt. Wir haben ein sehr liberales demokratisches System, das viele Rechte bei den Menschen, bei den Eltern und auch bei Kranken sieht. Darauf speziell adaptiert sind unsere Stiko-Empfehlungen. Bis auf die Masern-Impfpflicht sind das auch alles nur Empfehlungen.<\/p>\n<p>Im US-Dekret wird dazu aufgerufen, den Abstand zwischen verabreichten Impfungen zu vergr\u00f6\u00dfern. Da k\u00f6nnten sich Eltern in Deutschland jetzt fragen: Ist der Abstand zwischen den Impfungen bei uns denn zu klein?<\/p>\n<p>In Deutschland erh\u00e4lt man durch den Kinderarzt in der Praxis seines Vertrauens sehr fachkundige Beratung vor der Impfung. Der Kinderarzt bespricht mit den Eltern, wann und ob es sinnvoll sein kann, mit einer Impfung etwas zu warten oder einen Impfzeitraum aus sehr individuellen Gr\u00fcnden noch ein wenig zu strecken. Das sollte der Ma\u00dfstab sein.<\/p>\n<p>Mit dem Aufstieg des Populismus entscheiden sich Politiker weltweit zunehmend gegen wissenschaftsbasierte Entscheidungen, auch in der Gesundheitspolitik. Wie blicken Sie darauf?<\/p>\n<p>In Deutschland d\u00fcrfen und sollen Wissenschaftlerinnen und Wissenschaftler explizit teilhaben an den politischen Entscheidungsprozessen. Nat\u00fcrlich muss eine politische Entscheidung noch viel mehr Aspekte ber\u00fccksichtigen als allein die wissenschaftliche Seite. Aber die deutsche Bundesregierung und auch die Landesregierungen haben immer empfohlen, sich von Wissenschaftlern beraten zu lassen. Daf\u00fcr bin ich nicht nur dankbar, das ist eine Errungenschaft, die uns auch ein bisschen stolz machen kann.<\/p>\n<p>K\u00fcnftig k\u00f6nnte aber die AfD in einigen Bundesl\u00e4ndern eine politische Mehrheit haben, die ebenfalls f\u00fcr Impfskepsis steht, was in der Pandemie deutlich wurde. Ist das Thema dann wirklich noch so weit weg von der Politik in Deutschland?<\/p>\n<p>Ich kann jeder regierenden Partei nur empfehlen, sich eng mit den Wissenschaftlerinnen und Wissenschaftlern abzustimmen, um das Vertrauen der Bev\u00f6lkerung zu erhalten und keine schlecht abgesicherten Entscheidungen zu treffen. Alles andere w\u00fcrde zu gro\u00dfen Entt\u00e4uschungen f\u00fchren. Die steigende Zahl von Masern-Toten in den USA sollte wirklich jeder Partei in Deutschland ein warnendes Beispiel sein.<\/p>\n<p class=\"contact-headline\">Pressekontakt:<\/p>\n<p class=\"contact-text\">K\u00f6lner Stadt-Anzeiger<br \/>Newsdesk<br \/>Telefon: 0221 224 2080<\/p>\n<p class=\"originator\">Original-Content von: K\u00f6lner Stadt-Anzeiger, \u00fcbermittelt durch news aktuell<\/p>\n","protected":false},"excerpt":{"rendered":"11.08.2026 \u2013 19:30 K\u00f6lner Stadt-Anzeiger K\u00f6ln (ots) Der Direktor der Kinderklinik an der Uniklinik K\u00f6ln, J\u00f6rg D\u00f6tsch, hat&hellip;\n","protected":false},"author":2,"featured_media":1184682,"comment_status":"","ping_status":"","sticky":false,"template":"","format":"standard","meta":{"footnotes":"","_share_on_mastodon":"0"},"categories":[1828],"tags":[29,30,1420,1209,16,178,180,179,181,21905],"class_list":["post-1230368","post","type-post","status-publish","format-standard","has-post-thumbnail","category-koeln","tag-deutschland","tag-germany","tag-koeln","tag-nordrhein-westfalen","tag-politik","tag-presse","tag-pressemeldung","tag-pressemitteilung","tag-pressemitteilungen","tag-presseschau"],"share_on_mastodon":{"url":"https:\/\/pubeurope.com\/@de\/117078558340949363","error":""},"_links":{"self":[{"href":"https:\/\/www.europesays.com\/de\/wp-json\/wp\/v2\/posts\/1230368","targetHints":{"allow":["GET"]}}],"collection":[{"href":"https:\/\/www.europesays.com\/de\/wp-json\/wp\/v2\/posts"}],"about":[{"href":"https:\/\/www.europesays.com\/de\/wp-json\/wp\/v2\/types\/post"}],"author":[{"embeddable":true,"href":"https:\/\/www.europesays.com\/de\/wp-json\/wp\/v2\/users\/2"}],"replies":[{"embeddable":true,"href":"https:\/\/www.europesays.com\/de\/wp-json\/wp\/v2\/comments?post=1230368"}],"version-history":[{"count":0,"href":"https:\/\/www.europesays.com\/de\/wp-json\/wp\/v2\/posts\/1230368\/revisions"}],"wp:featuredmedia":[{"embeddable":true,"href":"https:\/\/www.europesays.com\/de\/wp-json\/wp\/v2\/media\/1184682"}],"wp:attachment":[{"href":"https:\/\/www.europesays.com\/de\/wp-json\/wp\/v2\/media?parent=1230368"}],"wp:term":[{"taxonomy":"category","embeddable":true,"href":"https:\/\/www.europesays.com\/de\/wp-json\/wp\/v2\/categories?post=1230368"},{"taxonomy":"post_tag","embeddable":true,"href":"https:\/\/www.europesays.com\/de\/wp-json\/wp\/v2\/tags?post=1230368"}],"curies":[{"name":"wp","href":"https:\/\/api.w.org\/{rel}","templated":true}]}}