{"id":1230524,"date":"2026-08-12T00:32:24","date_gmt":"2026-08-12T00:32:24","guid":{"rendered":"https:\/\/www.europesays.com\/de\/1230524\/"},"modified":"2026-08-12T00:32:24","modified_gmt":"2026-08-12T00:32:24","slug":"paris-gose-schwimmt-zu-silber-bei-em-werner-holt-bronze","status":"publish","type":"post","link":"https:\/\/www.europesays.com\/de\/1230524\/","title":{"rendered":"Paris | Gose schwimmt zu Silber bei EM &#8211; Werner holt Bronze"},"content":{"rendered":"<p>Paris (dpa) &#8211; Freistilschwimmerin Isabel Gose hat EM-Silber \u00fcber 800 Meter gewonnen. Die 24-J\u00e4hrige schlug nach 8:18,44 Minuten an. Gose musste sich nur ihrer siegreichen Dauerrivalin Simona Quadarella aus Italien geschlagen geben. Bronze im Centre Aquatique Olympique von Paris sicherte sich die zweite deutsche Finalteilnehmerin Maya Werner.<\/p>\n<p>F\u00fcr Gose war es bereits das dritte Edelmetall bei den Titelk\u00e4mpfen in der franz\u00f6sischen Hauptstadt. In der vergangenen Woche hatte sie im Freiwasser Gold im Knockout Sprint und mit der Mixed-Staffel gewonnen.<\/p>\n<p>Ins 800-Meter-Finale war Gose als Zweitschnellste eingezogen. \u00abEs ist schon sch\u00f6n, wieder eine eigene Bahn zu haben und nicht die ganze Zeit nach vorne gucken zu m\u00fcssen, um die Orientierung abzusch\u00e4tzen\u00bb, sagte sie \u00fcber ihre R\u00fcckkehr ins Becken. \u00abIch versuche mich jetzt wirklich von Rennen zu Rennen zu hangeln und die Regenerationsm\u00f6glichkeiten so gut es geht zu nutzen.\u00bb Das gelang ihr.<\/p>\n","protected":false},"excerpt":{"rendered":"Paris (dpa) &#8211; Freistilschwimmerin Isabel Gose hat EM-Silber \u00fcber 800 Meter gewonnen. Die 24-J\u00e4hrige schlug nach 8:18,44 Minuten&hellip;\n","protected":false},"author":2,"featured_media":1230525,"comment_status":"","ping_status":"","sticky":false,"template":"","format":"standard","meta":{"footnotes":"","_share_on_mastodon":"0"},"categories":[1841],"tags":[20373,1605,3364,29,11403,663,156,30,1209],"class_list":["post-1230524","post","type-post","status-publish","format-standard","has-post-thumbnail","category-bielefeld","tag-schwimmen","tag-bielefeld","tag-de","tag-deutschland","tag-em","tag-europa","tag-frankreich","tag-germany","tag-nordrhein-westfalen"],"share_on_mastodon":{"url":"https:\/\/pubeurope.com\/@de\/117079726318813193","error":""},"_links":{"self":[{"href":"https:\/\/www.europesays.com\/de\/wp-json\/wp\/v2\/posts\/1230524","targetHints":{"allow":["GET"]}}],"collection":[{"href":"https:\/\/www.europesays.com\/de\/wp-json\/wp\/v2\/posts"}],"about":[{"href":"https:\/\/www.europesays.com\/de\/wp-json\/wp\/v2\/types\/post"}],"author":[{"embeddable":true,"href":"https:\/\/www.europesays.com\/de\/wp-json\/wp\/v2\/users\/2"}],"replies":[{"embeddable":true,"href":"https:\/\/www.europesays.com\/de\/wp-json\/wp\/v2\/comments?post=1230524"}],"version-history":[{"count":0,"href":"https:\/\/www.europesays.com\/de\/wp-json\/wp\/v2\/posts\/1230524\/revisions"}],"wp:featuredmedia":[{"embeddable":true,"href":"https:\/\/www.europesays.com\/de\/wp-json\/wp\/v2\/media\/1230525"}],"wp:attachment":[{"href":"https:\/\/www.europesays.com\/de\/wp-json\/wp\/v2\/media?parent=1230524"}],"wp:term":[{"taxonomy":"category","embeddable":true,"href":"https:\/\/www.europesays.com\/de\/wp-json\/wp\/v2\/categories?post=1230524"},{"taxonomy":"post_tag","embeddable":true,"href":"https:\/\/www.europesays.com\/de\/wp-json\/wp\/v2\/tags?post=1230524"}],"curies":[{"name":"wp","href":"https:\/\/api.w.org\/{rel}","templated":true}]}}