{"id":1230677,"date":"2026-08-12T02:39:21","date_gmt":"2026-08-12T02:39:21","guid":{"rendered":"https:\/\/www.europesays.com\/de\/1230677\/"},"modified":"2026-08-12T02:39:21","modified_gmt":"2026-08-12T02:39:21","slug":"aarauer-kampfsportler-im-sommerlager-in-frankreich","status":"publish","type":"post","link":"https:\/\/www.europesays.com\/de\/1230677\/","title":{"rendered":"Aarauer Kampfsportler im Sommerlager in Frankreich"},"content":{"rendered":"<p class=\"tracking-tight font-semibold text-base\" q:key=\"O8_0\">Acht Mitglieder der Kampfsportschule Aarau trainierten mit \u00fcber 150 Kampfsportlern aus neun L\u00e4ndern. Ibrahim Tageldin feierte dabei einen besonderen Erfolg.<\/p>\n<p><img onload=\"this.style.backgroundColor = ''\" loading=\"eager\" fetchpriority=\"high\" decoding=\"sync\" height=\"1168.8311688311687\" alt=\"Kampfsportschule Aarau\" width=\"900\"  style=\"aspect-ratio:1.3333333333333333;object-fit:contain\"  src=\"https:\/\/www.europesays.com\/de\/wp-content\/uploads\/2026\/08\/kampfsportschule-aarau.jpg\" class=\"rounded-xl mx-auto\" on:load=\"q-B2-ggAx_.js#s_pVFDuJsFGxQ\"\/>\u00dcber 150 Karate- und Kobudo-Praktizierende aus neun L\u00e4ndern trainierten beim internationalen Sommerlager 2026 in Thonon-les-Bains. Mit dabei waren acht Mitglieder der Kampfsportschule Aarau. &#8211; zVg<\/p>\n<p preventdefault:click=\"\" lang=\"de\" class=\"text-base hyphens-auto\" on:click=\"q-B-SyV_lZ.js#s_Dola2XqN0FU[0 1]\" q:key=\"YR_0\" q:id=\"9b\">Vom 27. Juli bis <a href=\"https:\/\/www.nau.ch\/news\/1-august\" rel=\"nofollow noopener\" target=\"_blank\">1. August<\/a> 2026 trafen sich in Thonon-les-Bains am Genfersee \u00fcber 150 Kampfsportlerinnen und Kampfsportler aus neun L\u00e4ndern zum internationalen Sommerlager der World Oshukai Federation (WOF).<\/p>\n<p preventdefault:click=\"\" lang=\"de\" class=\"text-base hyphens-auto\" on:click=\"q-B-SyV_lZ.js#s_Dola2XqN0FU[0 1]\" q:key=\"YR_0\" q:id=\"9d\">Mit dabei <a href=\"https:\/\/www.nau.ch\/ort\/aarau\/btv-aarau-startet-souveran-in-nlb-final-67105863\" rel=\"nofollow noopener\" target=\"_blank\">waren acht Mitglieder<\/a> der Kampfsportschule <a href=\"https:\/\/www.nau.ch\/ort\/aarau\/gemeinde\/aarau\" rel=\"nofollow noopener\" target=\"_blank\">Aarau<\/a>, die w\u00e4hrend der gesamten Woche intensiv Kobudo trainierten.<\/p>\n<p>Auch seltene Waffen mit dabei<\/p>\n<p preventdefault:click=\"\" lang=\"de\" class=\"text-base hyphens-auto\" on:click=\"q-B-SyV_lZ.js#s_Dola2XqN0FU[0 1]\" q:key=\"YR_0\" q:id=\"9f\">Kobudo ist eine traditionelle Kampfkunst, die wie Karate von der japanischen Insel Okinawa stammt und das Training mit verschiedenen asiatischen Waffen umfasst.<\/p>\n<p preventdefault:click=\"\" lang=\"de\" class=\"text-base hyphens-auto\" on:click=\"q-B-SyV_lZ.js#s_Dola2XqN0FU[0 1]\" q:key=\"YR_0\" q:id=\"9h\">Neben bekannten Ger\u00e4ten wie Nunchaku, Sai, Tonfa und Kama wurde in Thonon-les-Bains auch mit seltener zu sehenden Waffen wie dem dreiteiligen Nunchaku (Sansetsukon), dem Eku \u2013 einem Ruder \u2013 oder dem Tekko (Schlagring aus Okinawa, Japan) trainiert.<\/p>\n<p><img onload=\"this.style.backgroundColor = ''\" loading=\"lazy\" decoding=\"async\" height=\"600\" alt=\"Karate\" width=\"900\"  style=\"aspect-ratio:1.5;object-fit:cover;background-color:#919191\"  src=\"https:\/\/www.europesays.com\/de\/wp-content\/uploads\/2026\/08\/karate.jpg\" class=\"rounded-xl mx-auto\" on:load=\"q-B2-ggAx_.js#s_pVFDuJsFGxQ\"\/>Kobudo ist eine traditionelle Kampfkunst, die wie Karate von der japanischen Insel Okinawa stammt und das Training mit verschiedenen asiatischen Waffen umfasst. (Symbolbild) &#8211; pixabay<\/p>\n<p preventdefault:click=\"\" lang=\"de\" class=\"text-base hyphens-auto\" on:click=\"q-B-SyV_lZ.js#s_Dola2XqN0FU[0 1]\" q:key=\"YR_0\" q:id=\"9m\">Die meisten dieser Waffen waren urspr\u00fcnglich landwirtschaftliche Ger\u00e4te oder Werkzeuge, die damals von den <a href=\"https:\/\/www.nau.ch\/news\/bauern\" rel=\"nofollow noopener\" target=\"_blank\">Bauern<\/a> und Fischer zu Waffen umfunktioniert wurden, um sich gegen die besetzenden Samurais auf Okinawa verteidigen zu k\u00f6nnen.<\/p>\n<p>Technik und Pr\u00e4zision standen im Fokus<\/p>\n<p preventdefault:click=\"\" lang=\"de\" class=\"text-base hyphens-auto\" on:click=\"q-B-SyV_lZ.js#s_Dola2XqN0FU[0 1]\" q:key=\"YR_0\" q:id=\"9o\">Unter der Leitung erfahrener internationaler Lehrer \u2013 alles langj\u00e4hrige Karate- und Kobudo-Instruktoren \u2013 wurde t\u00e4glich in verschiedenen Leistungsstufen an Technik und Pr\u00e4zision gearbeitet. Einen wichtigen Teil bildete auch die praktische Anwendung der Techniken mit Trainingspartnern.<\/p>\n<p preventdefault:click=\"\" lang=\"de\" class=\"text-base hyphens-auto\" on:click=\"q-B-SyV_lZ.js#s_Dola2XqN0FU[0 1]\" q:key=\"YR_0\" q:id=\"9q\">Auch nach dem offiziellen Programm wurde weitertrainiert. An den Nachmittagen trafen sich die Schweizer unter den schattenspendenden B\u00e4umen zum gemeinsamen \u00dcben.<\/p>\n<p preventdefault:click=\"\" lang=\"de\" class=\"text-base hyphens-auto\" on:click=\"q-B-SyV_lZ.js#s_Dola2XqN0FU[0 1]\" q:key=\"YR_0\" q:id=\"9s\">Michael Waldmeier, Leiter der Aarauer Gruppe und Head-Instruktor der Kampfsportschule <a href=\"https:\/\/www.nau.ch\/ort\/aarau\/gemeinde\/aarau\" rel=\"nofollow noopener\" target=\"_blank\">Aarau<\/a>, und Franco Arnold, Schweizer Kobudo-Landesleiter der World Oshukai Federation, brachten dabei ihre Erfahrung ein. Gemeinsam wurden Techniken wiederholt, ausprobiert und an Details gefeilt.<\/p>\n<p>Schwarzgurt f\u00fcr Ibrahim Tageldin<\/p>\n<p preventdefault:click=\"\" lang=\"de\" class=\"text-base hyphens-auto\" on:click=\"q-B-SyV_lZ.js#s_Dola2XqN0FU[0 1]\" q:key=\"YR_0\" q:id=\"9u\">Einen besonderen Erfolg durfte Ibrahim Tageldin aus Unterentfelden feiern. Der Aarauer Kampfsportler bestand w\u00e4hrend des Sommerlagers <a href=\"https:\/\/www.nau.ch\/ort\/suhr\/hochkaratiger-test-hsc-suhr-aarau-trifft-auf-stuttgart-67157595\" rel=\"nofollow noopener\" target=\"_blank\">erfolgreich die Pr\u00fcfung<\/a> zum Schwarzgurt 1. Dan im Kobudo der World Oshukai Federation (WOF).<\/p>\n<p>Hast du selbst schon einmal Kampfsport betrieben?<\/p>\n<p>1Ja.<\/p>\n<p>2Nein.<\/p>\n<p preventdefault:click=\"\" lang=\"de\" class=\"text-base hyphens-auto\" on:click=\"q-B-SyV_lZ.js#s_Dola2XqN0FU[0 1]\" q:key=\"YR_0\" q:id=\"a4\">Tageldin ist bereits Blackbelt im Jiu-Jitsu und tr\u00e4gt nun auch im Kobudo den schwarzen G\u00fcrtel. F\u00fcr die Aarauer Teilnehmenden ging damit eine intensive Woche mit vielen neuen technischen Impulsen und internationalen Begegnungen zu Ende.<\/p>\n<p preventdefault:click=\"\" lang=\"de\" class=\"text-base hyphens-auto\" on:click=\"q-B-SyV_lZ.js#s_Dola2XqN0FU[0 1]\" q:key=\"YR_0\" q:id=\"a6\">Mit viel neuem Trainingsstoff und entsprechender Motivation kehrte die Gruppe nach <a href=\"https:\/\/www.nau.ch\/ort\/aarau\/gemeinde\/aarau\" rel=\"nofollow noopener\" target=\"_blank\">Aarau<\/a> zur\u00fcck.<\/p>\n<p>Karate und Kampfsport in Aarau seit 1991<\/p>\n<p preventdefault:click=\"\" lang=\"de\" class=\"text-base hyphens-auto\" on:click=\"q-B-SyV_lZ.js#s_Dola2XqN0FU[0 1]\" q:key=\"YR_0\" q:id=\"a8\">Die Kampfsportschule <a href=\"https:\/\/www.nau.ch\/ort\/aarau\/gemeinde\/aarau\" rel=\"nofollow noopener\" target=\"_blank\">Aarau<\/a> besteht seit 1991 und geh\u00f6rt zu den etablierten Karate- und <a href=\"https:\/\/www.nau.ch\/ort\/aarau\/aarauer-stimmen-sport-und-seniorenprojekten-zu-67103601\" rel=\"nofollow noopener\" target=\"_blank\">Kampfsportschulen der Region<\/a>. Neben Karate f\u00fcr Kinder, Bonsai-Kinder, Jugendliche und Erwachsene wird auch Kobudo unterrichtet.<\/p>\n<p preventdefault:click=\"\" lang=\"de\" class=\"text-base hyphens-auto\" on:click=\"q-B-SyV_lZ.js#s_Dola2XqN0FU[0 1]\" q:key=\"YR_0\" q:id=\"aa\">Die Schule wurde von der Swiss Karate Federation (SKF), offizieller Karate-Dachverband der Schweiz, mehrfach mit dem Swiss Leading Karate Dojo Award ausgezeichnet.<\/p>\n","protected":false},"excerpt":{"rendered":"Acht Mitglieder der Kampfsportschule Aarau trainierten mit \u00fcber 150 Kampfsportlern aus neun L\u00e4ndern. Ibrahim Tageldin feierte dabei einen&hellip;\n","protected":false},"author":2,"featured_media":1230678,"comment_status":"","ping_status":"","sticky":false,"template":"","format":"standard","meta":{"footnotes":"","_share_on_mastodon":"0"},"categories":[3974],"tags":[331,332,7830,548,663,3934,3980,156,13,255442,219045,255440,14,15,12,255441],"class_list":["post-1230677","post","type-post","status-publish","format-standard","has-post-thumbnail","category-frankreich","tag-aktuelle-nachrichten","tag-aktuelle-news","tag-erfolg","tag-eu","tag-europa","tag-europe","tag-france","tag-frankreich","tag-headlines","tag-ibrahim-tageldin","tag-kampfsportler","tag-kampfsportschule-aarau","tag-nachrichten","tag-news","tag-schlagzeilen","tag-sommerlager"],"share_on_mastodon":{"url":"https:\/\/pubeurope.com\/@de\/117080228159742801","error":""},"_links":{"self":[{"href":"https:\/\/www.europesays.com\/de\/wp-json\/wp\/v2\/posts\/1230677","targetHints":{"allow":["GET"]}}],"collection":[{"href":"https:\/\/www.europesays.com\/de\/wp-json\/wp\/v2\/posts"}],"about":[{"href":"https:\/\/www.europesays.com\/de\/wp-json\/wp\/v2\/types\/post"}],"author":[{"embeddable":true,"href":"https:\/\/www.europesays.com\/de\/wp-json\/wp\/v2\/users\/2"}],"replies":[{"embeddable":true,"href":"https:\/\/www.europesays.com\/de\/wp-json\/wp\/v2\/comments?post=1230677"}],"version-history":[{"count":0,"href":"https:\/\/www.europesays.com\/de\/wp-json\/wp\/v2\/posts\/1230677\/revisions"}],"wp:featuredmedia":[{"embeddable":true,"href":"https:\/\/www.europesays.com\/de\/wp-json\/wp\/v2\/media\/1230678"}],"wp:attachment":[{"href":"https:\/\/www.europesays.com\/de\/wp-json\/wp\/v2\/media?parent=1230677"}],"wp:term":[{"taxonomy":"category","embeddable":true,"href":"https:\/\/www.europesays.com\/de\/wp-json\/wp\/v2\/categories?post=1230677"},{"taxonomy":"post_tag","embeddable":true,"href":"https:\/\/www.europesays.com\/de\/wp-json\/wp\/v2\/tags?post=1230677"}],"curies":[{"name":"wp","href":"https:\/\/api.w.org\/{rel}","templated":true}]}}