{"id":1230744,"date":"2026-08-12T03:24:17","date_gmt":"2026-08-12T03:24:17","guid":{"rendered":"https:\/\/www.europesays.com\/de\/1230744\/"},"modified":"2026-08-12T03:24:17","modified_gmt":"2026-08-12T03:24:17","slug":"teilweise-jahrelang-raus-fast-400-berliner-lehrer-sind-dauerkrank-berlin","status":"publish","type":"post","link":"https:\/\/www.europesays.com\/de\/1230744\/","title":{"rendered":"Teilweise jahrelang raus: Fast 400 Berliner Lehrer sind Dauerkrank | Berlin"},"content":{"rendered":"<p>Berlin \u2013 <b>Fast 400 Lehrkr\u00e4fte in der Hauptstadt fallen krankheitsbedingt seit mindestens einem Jahr aus. Das zeigt eine Antwort des Senats auf eine parlamentarische Anfrage des Abgeordneten Alexander King (BSW). <\/b><\/p>\n<p>Die Zahlen sind alarmierend: 225 verbeamtete Lehrer sind seit mindestens zw\u00f6lf Monaten krankgeschrieben. Dazu kommen 155 angestellte Lehrkr\u00e4fte, die ebenfalls so lange fehlen. Insgesamt arbeiten in Berlin etwa 35.000 Lehrerinnen und <a href=\"https:\/\/www.bz-berlin.de\/thema\/lehrer\" class=\"text-link\" rel=\"nofollow noopener\" target=\"_blank\">Lehrer<\/a>.<\/p>\n<p>King macht die \u201emangelhafte Personalausstattung\u201c f\u00fcr die Entwicklung mitverantwortlich. Sie erh\u00f6he die Belastung der vorhandenen Lehrkr\u00e4fte und beg\u00fcnstige weitere krankheitsbedingte Ausf\u00e4lle, erkl\u00e4rte der <a href=\"https:\/\/m.bz-berlin.de\/thema\/bsw\" target=\"_blank\" rel=\"nofollow noopener\" class=\"text-link\">BSW<\/a>-Politiker.<\/p>\n<p>18 Lehrer seit zehn Jahren krank<\/p>\n<p>Die Details der Senatsbildungsverwaltung zeigen: 143 verbeamtete Lehrkr\u00e4fte fallen seit mindestens einem Jahr aus, weitere 50 seit mindestens zwei Jahren. 18 P\u00e4dagogen sind sogar seit mindestens zehn Jahren krankgeschrieben. Die meisten der dauerhaft kranken Kr\u00e4fte (98) fehlen an Grundschulen. An den Sekundarschulen fallen 54 Lehrer wegen einer langen <a href=\"https:\/\/www.bz-berlin.de\/thema\/krankheit\" class=\"text-link\" rel=\"nofollow noopener\" target=\"_blank\">Krankschreibung<\/a> aus, an den Gymnasien sind es 34 und an den berufsbildenden Schulen 27.<\/p>\n<p>Unter den angestellten Lehrkr\u00e4ften sind es f\u00fcnf, die seit mindestens zehn Jahren krankgeschrieben sind. Seit mindestens f\u00fcnf Jahren fallen 16 P\u00e4dagogen krankheitsbedingt aus.<\/p>\n<p>Marzahn-Hellersdorf besonders betroffen<\/p>\n<p>Ein Blick auf die Bezirke zeigt: Die meisten langfristig kranken Lehrkr\u00e4fte gibt es in Marzahn-Hellersdorf (41). Dahinter folgen Pankow (39) und Lichtenberg (33). Am wenigsten Lehrkr\u00e4fte fallen in Mitte (17) sowie in Spandau und Tempelhof-Sch\u00f6neberg (jeweils 22) aus.<\/p>\n<p>Bei Langzeiterkrankten wird laut Bildungsverwaltung die Zentrale medizinische Gutachtenstelle (ZMGA) des Landesamts f\u00fcr Gesundheit und Soziales damit beauftragt, eine Untersuchung durchzuf\u00fchren. \u201eBesteht laut Gutachten der ZMGA keine Aussicht, dass die Beamtin oder Beamte innerhalb weiterer 6 Monate wieder dienstf\u00e4hig wird, beginnt die Einleitung des Ruhestandsverfahrens\u201c, hie\u00df es.<\/p>\n<p>29 Betroffene in neuem Projekt<\/p>\n<p>Kann die betroffene Person nicht mehr als Lehrkraft arbeiten, ist aber in der Lage andere T\u00e4tigkeiten zu \u00fcbernehmen, kann \u201eein Einsatz im Projekt der beruflichen Neuorientierung durch amtsangemessene anderweitige Verwendung erfolgen\u201c. An diesem Projekt nehmen derzeit 29 der Betroffenen teil.<\/p>\n<p>Fast 400 Lehrkr\u00e4fte in Berlin fallen krankheitsbedingt seit mindestens einem Jahr aus. Das geht aus einer Antwort des <a href=\"https:\/\/www.bz-berlin.de\/thema\/senat\" class=\"text-link\" rel=\"nofollow noopener\" target=\"_blank\">Senats<\/a> auf eine parlamentarische Anfrage des Abgeordneten Alexander King (BSW) hervor, die der Deutschen Presse-Agentur vorliegt und \u00fcber die zuvor die \u201eBerliner Morgenpost\u201c berichtet hat.<\/p>\n<p>Den Angaben zufolge sind 225 verbeamtete Lehrer seit mindestens einem Jahr krankgeschrieben. Hinzu kommen 155 angestellte Lehrkr\u00e4fte, die ebenfalls seit mindestens zw\u00f6lf Monaten oder l\u00e4nger ausfallen. Insgesamt gibt es in der Hauptstadt etwa 35.000 Lehrerinnen und Lehrer.<\/p>\n<p>Der Abgeordnete King f\u00fchrt die Entwicklung auch auf die \u201emangelhafte Personalausstattung\u201c zur\u00fcck. Sie erh\u00f6he die Belastung der vorhandenen Lehrkr\u00e4fte und beg\u00fcnstige weitere krankheitsbedingte Ausf\u00e4lle, erkl\u00e4rte King.<\/p>\n<p>Besonders viele Ausf\u00e4lle in Marzahn-Hellersdorf<\/p>\n<p>Konkret fallen laut Senatsbildungsverwaltung 143 verbeamtete Lehrkr\u00e4fte seit mindestens einem Jahr aus, weitere 50 seit mindestens 2 Jahren. 18 Lehrer sind demnach sogar seit mindestens 10 Jahren krankgeschrieben. Die meisten der dauerhaft kranken Kr\u00e4fte (98) fehlen an Grundschulen. An den Sekundarschulen fallen 54 Lehrer wegen einer langen Krankschreibung aus, an den Gymnasien sind es 34 und an den berufsbildenden Schulen 27.<\/p>\n<p>Unter den angestellten Lehrkr\u00e4ften sind es 5, die seit mindestens 10 Jahren krankgeschrieben sind. Seit mindestens 5 Jahren fallen 16 Lehrer krankheitsbedingt aus.<\/p>\n<p>Blickt man auf die Bezirke, gibt es die meisten langfristig kranken Lehrkr\u00e4fte in Marzahn-Hellersdorf (41). Dahinter folgen Pankow (39) und Lichtenberg (33). Am wenigsten Lehrkr\u00e4fte fallen in Mitte (17) sowie in Spandau und Tempelhof-Sch\u00f6neberg (jeweils 22) aus.<\/p>\n<p>Einsatz andernorts m\u00f6glich<\/p>\n<p>Bei Langzeiterkrankten wird laut Bildungsverwaltung die Zentrale medizinische Gutachtenstelle (ZMGA) des Landesamts f\u00fcr Gesundheit und Soziales damit beauftragt, eine Untersuchung durchzuf\u00fchren. \u201eBesteht laut Gutachten der ZMGA keine Aussicht, dass die Beamtin oder Beamte innerhalb weiterer 6 Monate wieder dienstf\u00e4hig wird, beginnt die Einleitung des Ruhestandsverfahrens\u201c, hie\u00df es.<\/p>\n<p>Kann die betroffene Person nicht mehr als Lehrkraft arbeiten, ist aber in der Lage andere T\u00e4tigkeiten zu \u00fcbernehmen, kann \u201eein Einsatz im Projekt der beruflichen Neuorientierung durch amtsangemessene anderweitige Verwendung erfolgen\u201c. An diesem Projekt nehmen derzeit 29 der Betroffenen teil, wie es hie\u00df.<\/p>\n<p>Haben Sie einen Fehler in diesem Artikel entdeckt? Dann schreiben Sie uns gern: <a href=\"mailto:fehler.melden@bz.de?body=%0A%0A%0AURL%3A%20https%3A%2F%2Fwww.bz-berlin.de%2Fberlin%2Fteilweise-jahrelang-raus-fast-400-berliner-lehrer-sind-dauerkrank-6a78bdbd23c14250b7f6d563%0ADatum%3A%2012.8.2026%2C%2005%3A23%3A53%0A\" target=\"_blank\" rel=\"noopener\" class=\"anchor anchor--external\">fehler.melden@bz.de.<\/a><\/p>\n","protected":false},"excerpt":{"rendered":"Berlin \u2013 Fast 400 Lehrkr\u00e4fte in der Hauptstadt fallen krankheitsbedingt seit mindestens einem Jahr aus. Das zeigt eine&hellip;\n","protected":false},"author":2,"featured_media":1230745,"comment_status":"","ping_status":"","sticky":false,"template":"","format":"standard","meta":{"footnotes":"","_share_on_mastodon":"0"},"categories":[1825],"tags":[4568,5871,25017,296,752,29,30,1691,288,4850],"class_list":["post-1230744","post","type-post","status-publish","format-standard","has-post-thumbnail","category-berlin","tag-schulen","tag-grundschule","tag-a2","tag-berlin","tag-bildung","tag-deutschland","tag-germany","tag-gymnasium","tag-krankheit","tag-lehrer"],"share_on_mastodon":{"url":"https:\/\/pubeurope.com\/@de\/117080402632880580","error":""},"_links":{"self":[{"href":"https:\/\/www.europesays.com\/de\/wp-json\/wp\/v2\/posts\/1230744","targetHints":{"allow":["GET"]}}],"collection":[{"href":"https:\/\/www.europesays.com\/de\/wp-json\/wp\/v2\/posts"}],"about":[{"href":"https:\/\/www.europesays.com\/de\/wp-json\/wp\/v2\/types\/post"}],"author":[{"embeddable":true,"href":"https:\/\/www.europesays.com\/de\/wp-json\/wp\/v2\/users\/2"}],"replies":[{"embeddable":true,"href":"https:\/\/www.europesays.com\/de\/wp-json\/wp\/v2\/comments?post=1230744"}],"version-history":[{"count":0,"href":"https:\/\/www.europesays.com\/de\/wp-json\/wp\/v2\/posts\/1230744\/revisions"}],"wp:featuredmedia":[{"embeddable":true,"href":"https:\/\/www.europesays.com\/de\/wp-json\/wp\/v2\/media\/1230745"}],"wp:attachment":[{"href":"https:\/\/www.europesays.com\/de\/wp-json\/wp\/v2\/media?parent=1230744"}],"wp:term":[{"taxonomy":"category","embeddable":true,"href":"https:\/\/www.europesays.com\/de\/wp-json\/wp\/v2\/categories?post=1230744"},{"taxonomy":"post_tag","embeddable":true,"href":"https:\/\/www.europesays.com\/de\/wp-json\/wp\/v2\/tags?post=1230744"}],"curies":[{"name":"wp","href":"https:\/\/api.w.org\/{rel}","templated":true}]}}