{"id":1230849,"date":"2026-08-12T04:44:17","date_gmt":"2026-08-12T04:44:17","guid":{"rendered":"https:\/\/www.europesays.com\/de\/1230849\/"},"modified":"2026-08-12T04:44:17","modified_gmt":"2026-08-12T04:44:17","slug":"nach-lkw-unfall-a31-in-richtung-bottrop-voll-gesperrt","status":"publish","type":"post","link":"https:\/\/www.europesays.com\/de\/1230849\/","title":{"rendered":"Nach Lkw-Unfall: A31 in Richtung Bottrop voll gesperrt"},"content":{"rendered":"<p>Aus bislang ungekl\u00e4rter Ursache hat der Fahrer eines Lastwagens auf der Autobahn 31 die Kontrolle \u00fcber sein Fahrzeug verloren. Auf H\u00f6he der Anschlussstelle Reken kam es am fr\u00fchen Morgen zu einem Unfall &#8211; der Laster steht quer auf der Fahrbahn, wie die Polizei mitteilte.\u00a0 <\/p>\n<p>Aufgrund der Bergungsarbeiten sei die A31 in Richtung Bottrop aktuell voll gesperrt. Nach Angaben eines Polizeisprechers werde die Sperrung noch mehrere Stunden dauern.\u00a0 <\/p>\n<p>Der Fahrer des Lastwagens sei verletzt in ein Krankenhaus gebracht worden. \u00dcber die Schwere der Verletzungen machte die Polizei zun\u00e4chst keine Angaben. Der Unfallhergang werde ermittelt. <\/p>\n","protected":false},"excerpt":{"rendered":"Aus bislang ungekl\u00e4rter Ursache hat der Fahrer eines Lastwagens auf der Autobahn 31 die Kontrolle \u00fcber sein Fahrzeug&hellip;\n","protected":false},"author":2,"featured_media":1230850,"comment_status":"","ping_status":"","sticky":false,"template":"","format":"standard","meta":{"footnotes":"","_share_on_mastodon":"0"},"categories":[1834],"tags":[3364,29,3688,30,1209,15617,601],"class_list":["post-1230849","post","type-post","status-publish","format-standard","has-post-thumbnail","category-essen","tag-de","tag-deutschland","tag-essen","tag-germany","tag-nordrhein-westfalen","tag-unflle","tag-verkehr"],"share_on_mastodon":{"url":"","error":""},"_links":{"self":[{"href":"https:\/\/www.europesays.com\/de\/wp-json\/wp\/v2\/posts\/1230849","targetHints":{"allow":["GET"]}}],"collection":[{"href":"https:\/\/www.europesays.com\/de\/wp-json\/wp\/v2\/posts"}],"about":[{"href":"https:\/\/www.europesays.com\/de\/wp-json\/wp\/v2\/types\/post"}],"author":[{"embeddable":true,"href":"https:\/\/www.europesays.com\/de\/wp-json\/wp\/v2\/users\/2"}],"replies":[{"embeddable":true,"href":"https:\/\/www.europesays.com\/de\/wp-json\/wp\/v2\/comments?post=1230849"}],"version-history":[{"count":0,"href":"https:\/\/www.europesays.com\/de\/wp-json\/wp\/v2\/posts\/1230849\/revisions"}],"wp:featuredmedia":[{"embeddable":true,"href":"https:\/\/www.europesays.com\/de\/wp-json\/wp\/v2\/media\/1230850"}],"wp:attachment":[{"href":"https:\/\/www.europesays.com\/de\/wp-json\/wp\/v2\/media?parent=1230849"}],"wp:term":[{"taxonomy":"category","embeddable":true,"href":"https:\/\/www.europesays.com\/de\/wp-json\/wp\/v2\/categories?post=1230849"},{"taxonomy":"post_tag","embeddable":true,"href":"https:\/\/www.europesays.com\/de\/wp-json\/wp\/v2\/tags?post=1230849"}],"curies":[{"name":"wp","href":"https:\/\/api.w.org\/{rel}","templated":true}]}}