{"id":1230878,"date":"2026-08-12T05:03:15","date_gmt":"2026-08-12T05:03:15","guid":{"rendered":"https:\/\/www.europesays.com\/de\/1230878\/"},"modified":"2026-08-12T05:03:15","modified_gmt":"2026-08-12T05:03:15","slug":"umgestuerzter-baum-behindert-s-bahnverkehr-der-s1","status":"publish","type":"post","link":"https:\/\/www.europesays.com\/de\/1230878\/","title":{"rendered":"Umgest\u00fcrzter Baum behindert S-Bahnverkehr der S1"},"content":{"rendered":"<p class=\"\">\n                    Ein umgest\u00fcrzter Baum verursacht Probleme im S-Bahn-Verkehr in Hamburg und im Umland. Aktuell fahre die S1 zwischen Hamburg-Blankenese und Wedel (Kreis Pinneberg) nicht, teilte die S-Bahn Hamburg auf ihren Internetseiten mit.\n            <\/p>\n<p class=\"\">\n                    Nach Angaben von Polizei und Feuerwehr ist der Baum in der N\u00e4he des S-Bahnhofes Rissen auf die Gleise gest\u00fcrzt. N\u00e4here Angaben wurden zun\u00e4chst nicht gemacht. Die S-Bahn r\u00e4t Reisenden, alternativ den eingerichteten Ersatzverkehr mit Bussen zu nutzen.\n            <\/p>\n","protected":false},"excerpt":{"rendered":"Ein umgest\u00fcrzter Baum verursacht Probleme im S-Bahn-Verkehr in Hamburg und im Umland. Aktuell fahre die S1 zwischen Hamburg-Blankenese&hellip;\n","protected":false},"author":2,"featured_media":1230879,"comment_status":"","ping_status":"","sticky":false,"template":"","format":"standard","meta":{"footnotes":"","_share_on_mastodon":"0"},"categories":[1826],"tags":[29,30,692,4186,1949,6312],"class_list":["post-1230878","post","type-post","status-publish","format-standard","has-post-thumbnail","category-hamburg","tag-deutschland","tag-germany","tag-hamburg","tag-nahverkehr","tag-s-bahn","tag-schiene"],"share_on_mastodon":{"url":"https:\/\/pubeurope.com\/@de\/117080791800325205","error":""},"_links":{"self":[{"href":"https:\/\/www.europesays.com\/de\/wp-json\/wp\/v2\/posts\/1230878","targetHints":{"allow":["GET"]}}],"collection":[{"href":"https:\/\/www.europesays.com\/de\/wp-json\/wp\/v2\/posts"}],"about":[{"href":"https:\/\/www.europesays.com\/de\/wp-json\/wp\/v2\/types\/post"}],"author":[{"embeddable":true,"href":"https:\/\/www.europesays.com\/de\/wp-json\/wp\/v2\/users\/2"}],"replies":[{"embeddable":true,"href":"https:\/\/www.europesays.com\/de\/wp-json\/wp\/v2\/comments?post=1230878"}],"version-history":[{"count":0,"href":"https:\/\/www.europesays.com\/de\/wp-json\/wp\/v2\/posts\/1230878\/revisions"}],"wp:featuredmedia":[{"embeddable":true,"href":"https:\/\/www.europesays.com\/de\/wp-json\/wp\/v2\/media\/1230879"}],"wp:attachment":[{"href":"https:\/\/www.europesays.com\/de\/wp-json\/wp\/v2\/media?parent=1230878"}],"wp:term":[{"taxonomy":"category","embeddable":true,"href":"https:\/\/www.europesays.com\/de\/wp-json\/wp\/v2\/categories?post=1230878"},{"taxonomy":"post_tag","embeddable":true,"href":"https:\/\/www.europesays.com\/de\/wp-json\/wp\/v2\/tags?post=1230878"}],"curies":[{"name":"wp","href":"https:\/\/api.w.org\/{rel}","templated":true}]}}